{"id":119049,"date":"2022-07-04T09:00:27","date_gmt":"2022-07-04T12:00:27","guid":{"rendered":"http:\/\/www.24baires.com\/?p=119049"},"modified":"2022-07-04T09:00:27","modified_gmt":"2022-07-04T12:00:27","slug":"silvina-batakis-es-la-nueva-ministra-de-economia","status":"publish","type":"post","link":"https:\/\/www.24baires.com\/?p=119049","title":{"rendered":"Silvina Batakis es la nueva Ministra de Econom\u00eda"},"content":{"rendered":"<p><img data-recalc-dims=\"1\" loading=\"lazy\" decoding=\"async\" class=\"aligncenter wp-image-119050\" src=\"https:\/\/i0.wp.com\/www.24baires.com\/wp-content\/uploads\/2022\/07\/batakis.jpg?resize=720%2C420\" alt=\"\" width=\"720\" height=\"420\" srcset=\"https:\/\/i0.wp.com\/www.24baires.com\/wp-content\/uploads\/2022\/07\/batakis.jpg?w=1200&amp;ssl=1 1200w, https:\/\/i0.wp.com\/www.24baires.com\/wp-content\/uploads\/2022\/07\/batakis.jpg?resize=300%2C175&amp;ssl=1 300w, https:\/\/i0.wp.com\/www.24baires.com\/wp-content\/uploads\/2022\/07\/batakis.jpg?resize=1024%2C597&amp;ssl=1 1024w, https:\/\/i0.wp.com\/www.24baires.com\/wp-content\/uploads\/2022\/07\/batakis.jpg?resize=768%2C448&amp;ssl=1 768w\" sizes=\"auto, (max-width: 720px) 100vw, 720px\" \/>Tras largas horas de negociaciones, el presidente Alberto Fern\u00e1ndez design\u00f3 a Batakis en reemplazo de Mart\u00edn Guzm\u00e1n<!--more--><\/p>\n<p>La nueva ministra de Econom\u00eda ser\u00e1 Silvina Batakis confirmaron este domingo fuentes oficiales, luego de intensas negociaciones de los diferentes espacios que integran el Frente de Todos (FdT) en el marco de cambios en el Gabinete para avanzar con un nuevo programa econ\u00f3mico.<\/p>\n<p>Batakis, de 54 a\u00f1os, fue ministra de Econom\u00eda de la provincia de Buenos Aires durante toda la segunda gesti\u00f3n de Daniel Scioli y actualmente ocupaba un cargo en el ministerio del Interior junto a Eduardo \u201cWado\u201d de Pedro, por lo que conoce desde adentro los vaivenes del gabinete.<\/p>\n<p>Su nombre surgi\u00f3 del consenso entre el presidente Alberto Fern\u00e1ndez, la vice Cristina Fern\u00e1ndez, y el titular de la C\u00e1mara de Diputados Sergio Massa, los tres principales referentes de los espacios que conforman el Frente de Todos y entre los desaf\u00edos inmediatos de la flamante ministra se encuentra la necesidad de estabilizar los mercados despu\u00e9s del cimbronazo que signific\u00f3 la salida de Mart\u00edn Guzm\u00e1n.<\/p>\n<p>Adem\u00e1s, deber\u00e1 encabezar un redise\u00f1o completo de la pol\u00edtica econ\u00f3mica, para compensar los desequilibrios que vienen denunciando el kirchnerismo, pero sin da\u00f1ar todav\u00eda mas la alica\u00edda imagen del presidente.<\/p>\n","protected":false},"excerpt":{"rendered":"<p>Tras largas horas de negociaciones, el presidente Alberto Fern\u00e1ndez design\u00f3 a Batakis en reemplazo de Mart\u00edn Guzm\u00e1n<\/p>\n","protected":false},"author":8,"featured_media":0,"comment_status":"closed","ping_status":"closed","sticky":false,"template":"","format":"standard","meta":{"_jetpack_newsletter_access":"","_jetpack_dont_email_post_to_subs":false,"_jetpack_newsletter_tier_id":0,"_jetpack_memberships_contains_paywalled_content":false,"_jetpack_memberships_contains_paid_content":false,"footnotes":""},"categories":[45],"tags":[],"class_list":["post-119049","post","type-post","status-publish","format-standard","hentry","category-economia"],"jetpack_featured_media_url":"","jetpack_shortlink":"https:\/\/wp.me\/p2JWE0-uY9","jetpack-related-posts":[{"id":119132,"url":"https:\/\/www.24baires.com\/?p=119132","url_meta":{"origin":119049,"position":0},"title":"Batakis y Georgieva se reunir\u00e1n en Washington","author":"AF","date":"22\/07\/2022","format":false,"excerpt":"La ministra de Econom\u00eda tambi\u00e9n se reunir\u00e1 con altos funcionarios del Tesoro de los Estados Unidos y con ejecutivos del Banco Mundial. La ministra de Econom\u00eda, Silvina Batakis, ser\u00e1 recibida el lunes pr\u00f3ximo en Washington por la directora Gerente del Fondo Monetario Internacional (FMI), Kristalina Georgieva, adelantaron fuentes oficiales. El\u2026","rel":"","context":"En \u00abEconom\u00eda\u00bb","block_context":{"text":"Econom\u00eda","link":"https:\/\/www.24baires.com\/?cat=45"},"img":{"alt_text":"","src":"https:\/\/i0.wp.com\/www.24baires.com\/wp-content\/uploads\/2016\/04\/fmi.jpg?resize=350%2C200","width":350,"height":200,"srcset":"https:\/\/i0.wp.com\/www.24baires.com\/wp-content\/uploads\/2016\/04\/fmi.jpg?resize=350%2C200 1x, https:\/\/i0.wp.com\/www.24baires.com\/wp-content\/uploads\/2016\/04\/fmi.jpg?resize=525%2C300 1.5x, https:\/\/i0.wp.com\/www.24baires.com\/wp-content\/uploads\/2016\/04\/fmi.jpg?resize=700%2C400 2x"},"classes":[]},{"id":119053,"url":"https:\/\/www.24baires.com\/?p=119053","url_meta":{"origin":119049,"position":1},"title":"Los tres ejes que se propone Batakis para su gesti\u00f3n","author":"AF","date":"04\/07\/2022","format":false,"excerpt":"A los pocos minutos de jurar en su cargo, Batakis dijo que \"vamos a seguir el programa econ\u00f3mico del Presidente\". Tambi\u00e9n se\u00f1al\u00f3 que \"queremos una mirada federal, que incluya a todos y todas los argentinos y argentinas\". Los tres puntos principales que estableci\u00f3 para su gesti\u00f3n al frente de Econom\u00eda.\u2026","rel":"","context":"En \u00abEconom\u00eda\u00bb","block_context":{"text":"Econom\u00eda","link":"https:\/\/www.24baires.com\/?cat=45"},"img":{"alt_text":"","src":"https:\/\/i0.wp.com\/www.24baires.com\/wp-content\/uploads\/2022\/07\/Batakis-1.jpg?resize=350%2C200","width":350,"height":200,"srcset":"https:\/\/i0.wp.com\/www.24baires.com\/wp-content\/uploads\/2022\/07\/Batakis-1.jpg?resize=350%2C200 1x, https:\/\/i0.wp.com\/www.24baires.com\/wp-content\/uploads\/2022\/07\/Batakis-1.jpg?resize=525%2C300 1.5x, https:\/\/i0.wp.com\/www.24baires.com\/wp-content\/uploads\/2022\/07\/Batakis-1.jpg?resize=700%2C400 2x"},"classes":[]},{"id":39209,"url":"https:\/\/www.24baires.com\/?p=39209","url_meta":{"origin":119049,"position":2},"title":"Desde el Gobierno provincial aseguraron que \u00ablas medidas benefician a todo Buenos Aires\u00bb","author":"Grupo Sierra","date":"25\/01\/2014","format":false,"excerpt":"El gobierno de la Provincia de Buenos Aires, a trav\u00e9s del Jefe de Gabinete Alberto P\u00e9rez y de la Ministra de Econom\u00eda Silvina Batakis evaluaron como positivas las medidas anunciadas por sus pares nacionales. P\u00e9rez respald\u00f3 lo anunciado por su par nacional, Jorge Capitanich, al sostener que \u201c\u00e9stas medidas benefician\u2026","rel":"","context":"En \u00abProvincia\u00bb","block_context":{"text":"Provincia","link":"https:\/\/www.24baires.com\/?cat=40"},"img":{"alt_text":"batakis","src":"https:\/\/i0.wp.com\/www.24baires.com\/wp-content\/uploads\/2014\/01\/batakis.jpg?resize=350%2C200","width":350,"height":200,"srcset":"https:\/\/i0.wp.com\/www.24baires.com\/wp-content\/uploads\/2014\/01\/batakis.jpg?resize=350%2C200 1x, https:\/\/i0.wp.com\/www.24baires.com\/wp-content\/uploads\/2014\/01\/batakis.jpg?resize=525%2C300 1.5x"},"classes":[]},{"id":2377,"url":"https:\/\/www.24baires.com\/?p=2377","url_meta":{"origin":119049,"position":3},"title":"Presupuesto 2013: P\u00e9rez y Batakis se reunieron con senadores y diputados","author":"AF","date":"16\/10\/2012","format":false,"excerpt":"Las Comisiones de Presupuesto del Senado y la C\u00e1mara de Diputados de la provincia de Buenos Aires se reunieron para recibir a la Ministra de Econom\u00eda, Silvina Batakis, el Jefe de Gabinete provincial, Alberto P\u00e9rez y el encargado del I.P.S Mariano Cascallares. El plenario de comisiones tuvo lugar en el\u2026","rel":"","context":"En \u00abEconom\u00eda\u00bb","block_context":{"text":"Econom\u00eda","link":"https:\/\/www.24baires.com\/?cat=45"},"img":{"alt_text":"","src":"","width":0,"height":0},"classes":[]},{"id":119182,"url":"https:\/\/www.24baires.com\/?p=119182","url_meta":{"origin":119049,"position":4},"title":"Massa jur\u00f3 como ministro de Econom\u00eda","author":"AF","date":"03\/08\/2022","format":false,"excerpt":"El designado titular de la nueva cartera econ\u00f3mica ya confirm\u00f3 a buena parte de sus colaboradores y se estima que realice una conferencia de prensa minutos despu\u00e9s de jurar como ministro, en un acto que se celebrar\u00e1 en el Museo del Bicentenario de la Casa Rosada. El presidente Alberto Fern\u00e1ndez\u2026","rel":"","context":"En \u00abPol\u00edtica\u00bb","block_context":{"text":"Pol\u00edtica","link":"https:\/\/www.24baires.com\/?cat=51"},"img":{"alt_text":"","src":"https:\/\/i0.wp.com\/www.24baires.com\/wp-content\/uploads\/2022\/08\/Captura-desde-2022-08-03-20-19-22.png?resize=350%2C200","width":350,"height":200,"srcset":"https:\/\/i0.wp.com\/www.24baires.com\/wp-content\/uploads\/2022\/08\/Captura-desde-2022-08-03-20-19-22.png?resize=350%2C200 1x, https:\/\/i0.wp.com\/www.24baires.com\/wp-content\/uploads\/2022\/08\/Captura-desde-2022-08-03-20-19-22.png?resize=525%2C300 1.5x"},"classes":[]},{"id":73679,"url":"https:\/\/www.24baires.com\/?p=73679","url_meta":{"origin":119049,"position":5},"title":"Casal ser\u00e1 el Ministro de Justicia si Scioli llega a la Presidencia","author":"AF","date":"16\/10\/2015","format":false,"excerpt":"El candidato presidencial por el FpV, Daniel Scioli adelant\u00f3 este viernes un nuevo nombre para integrar su gabinete en caso de ser electo en las pr\u00f3ximas elecciones. Se trata de Ricardo Casal, quien se har\u00e1 cargo del Ministerio de Justicia. De esta forma, Casal ser\u00e1 el cuarto miembro de su\u2026","rel":"","context":"En \u00abPol\u00edtica\u00bb","block_context":{"text":"Pol\u00edtica","link":"https:\/\/www.24baires.com\/?cat=51"},"img":{"alt_text":"scioli casal armas","src":"https:\/\/i0.wp.com\/www.24baires.com\/wp-content\/uploads\/2013\/02\/scioli-casal-armas.jpg?resize=350%2C200","width":350,"height":200,"srcset":"https:\/\/i0.wp.com\/www.24baires.com\/wp-content\/uploads\/2013\/02\/scioli-casal-armas.jpg?resize=350%2C200 1x, https:\/\/i0.wp.com\/www.24baires.com\/wp-content\/uploads\/2013\/02\/scioli-casal-armas.jpg?resize=525%2C300 1.5x"},"classes":[]}],"jetpack_sharing_enabled":true,"jetpack_likes_enabled":true,"_links":{"self":[{"href":"https:\/\/www.24baires.com\/index.php?rest_route=\/wp\/v2\/posts\/119049","targetHints":{"allow":["GET"]}}],"collection":[{"href":"https:\/\/www.24baires.com\/index.php?rest_route=\/wp\/v2\/posts"}],"about":[{"href":"https:\/\/www.24baires.com\/index.php?rest_route=\/wp\/v2\/types\/post"}],"author":[{"embeddable":true,"href":"https:\/\/www.24baires.com\/index.php?rest_route=\/wp\/v2\/users\/8"}],"replies":[{"embeddable":true,"href":"https:\/\/www.24baires.com\/index.php?rest_route=%2Fwp%2Fv2%2Fcomments&post=119049"}],"version-history":[{"count":2,"href":"https:\/\/www.24baires.com\/index.php?rest_route=\/wp\/v2\/posts\/119049\/revisions"}],"predecessor-version":[{"id":119052,"href":"https:\/\/www.24baires.com\/index.php?rest_route=\/wp\/v2\/posts\/119049\/revisions\/119052"}],"wp:attachment":[{"href":"https:\/\/www.24baires.com\/index.php?rest_route=%2Fwp%2Fv2%2Fmedia&parent=119049"}],"wp:term":[{"taxonomy":"category","embeddable":true,"href":"https:\/\/www.24baires.com\/index.php?rest_route=%2Fwp%2Fv2%2Fcategories&post=119049"},{"taxonomy":"post_tag","embeddable":true,"href":"https:\/\/www.24baires.com\/index.php?rest_route=%2Fwp%2Fv2%2Ftags&post=119049"}],"curies":[{"name":"wp","href":"https:\/\/api.w.org\/{rel}","templated":true}]}}