{"id":11903,"date":"2013-01-12T09:40:07","date_gmt":"2013-01-12T12:40:07","guid":{"rendered":"http:\/\/www.24baires.com\/?p=11903"},"modified":"2013-01-12T11:28:59","modified_gmt":"2013-01-12T14:28:59","slug":"se-exhiben-dos-vestidos-de-evita-en-museo-de-chapadmalal","status":"publish","type":"post","link":"https:\/\/www.24baires.com\/?p=11903","title":{"rendered":"Se exhiben dos vestidos de Evita en Museo de Chapadmalal"},"content":{"rendered":"<p><a href=\"http:\/\/www.24baires.com\/sociedad\/11903-se-exhiben-dos-vestidos-de-evita-en-museo-de-chapadmalal\/attachment\/evita-vestidos-museo\/\" rel=\"attachment wp-att-11904\"><img data-recalc-dims=\"1\" loading=\"lazy\" decoding=\"async\" class=\"alignleft size-full wp-image-11904\" alt=\"evita vestidos museo\" src=\"https:\/\/i0.wp.com\/www.24baires.com\/wp-content\/uploads\/2013\/01\/evita-vestidos-museo.jpg?resize=300%2C200\" width=\"300\" height=\"200\" \/><\/a>La directora del Museo Eva Per\u00f3n, Silvia Daria, dijo que \u201cla muestra es algo maravilloso porque uno siempre sue\u00f1a con tener los vestidos de Eva Per\u00f3n\u201d<!--more--><br \/>\n\u201cDespu\u00e9s de diez a\u00f1os que estamos con el museo, vamos a contar con esta muestra de dos vestidos emblem\u00e1ticos de Evita\u201d, dijo Silvia Daria, directora del Museo Eva Per\u00f3n.<\/p>\n<p>En este sentido, puntualiz\u00f3 que se trata del \u201ctraje blanco de gala que us\u00f3 en el a\u00f1o 1951 con la capa negra de terciopelo y vivos blancos, que recorri\u00f3 el mundo, y el traje azul con una rosa en la solapa que es la tapa del libro La raz\u00f3n de mi vida, dos vestidos que la han marcado\u201d.<\/p>\n<p>Por otra parte, la directora cont\u00f3 que el museo cuenta con toda la vajilla de alpaca, ara\u00f1as de bronces, los manteles de hilo bordados, los muebles de la oficina del administrador del complejo, todo los elementos con los que se recib\u00eda al turista\u201d cuando se construy\u00f3 el complejo de Chapadmalal.<\/p>\n<p>&nbsp;<\/p>\n<p>&nbsp;<\/p>\n<p>&nbsp;<\/p>\n<p>&nbsp;<\/p>\n<p>&nbsp;<\/p>\n<p>&nbsp;<\/p>\n<p>&nbsp;<\/p>\n<p>&nbsp;<\/p>\n<p>&nbsp;<\/p>\n<p>&nbsp;<\/p>\n<p>&nbsp;<\/p>\n<p>&nbsp;<\/p>\n<p>&nbsp;<\/p>\n<p>&nbsp;<\/p>\n<p>&nbsp;<\/p>\n<p>&nbsp;<\/p>\n<p>&nbsp;<\/p>\n<p>&nbsp;<\/p>\n<p>&nbsp;<\/p>\n<p>&nbsp;<\/p>\n<p>&nbsp;<\/p>\n<p>&nbsp;<\/p>\n<p>&nbsp;<\/p>\n<p>&nbsp;<\/p>\n<p>&nbsp;<\/p>\n<p>&nbsp;<\/p>\n<p>&nbsp;<\/p>\n<p>&nbsp;<\/p>\n","protected":false},"excerpt":{"rendered":"<p>La directora del Museo Eva Per\u00f3n, Silvia Daria, dijo que \u201cla muestra es algo maravilloso porque uno siempre sue\u00f1a con tener los vestidos de Eva Per\u00f3n\u201d<\/p>\n","protected":false},"author":4,"featured_media":0,"comment_status":"open","ping_status":"open","sticky":false,"template":"","format":"standard","meta":{"_jetpack_newsletter_access":"","_jetpack_dont_email_post_to_subs":false,"_jetpack_newsletter_tier_id":0,"_jetpack_memberships_contains_paywalled_content":false,"_jetpack_memberships_contains_paid_content":false,"footnotes":""},"categories":[1],"tags":[],"class_list":["post-11903","post","type-post","status-publish","format-standard","hentry","category-sociedad"],"jetpack_featured_media_url":"","jetpack_shortlink":"https:\/\/wp.me\/p2JWE0-35Z","jetpack-related-posts":[{"id":48524,"url":"https:\/\/www.24baires.com\/?p=48524","url_meta":{"origin":11903,"position":0},"title":"Licitan la obra de remodelaci\u00f3n de la Casa Museo Evita de Los Toldos","author":"AF","date":"23\/06\/2014","format":false,"excerpt":"El ministro de Infraestructura bonaerense, Alejandro Arl\u00eda, afirm\u00f3 este viernes que con la compulsa de precios para la obra de remodelaci\u00f3n y ampliaci\u00f3n de la Casa Museo Evita de Los Toldos \"estamos licitando esta obra m\u00e1s que esperada, no s\u00f3lo por la comunidad de General Viamonte, si no por la\u2026","rel":"","context":"En \u00abLocales\u00bb","block_context":{"text":"Locales","link":"https:\/\/www.24baires.com\/?cat=38"},"img":{"alt_text":"casa museo eva los toldos","src":"https:\/\/i0.wp.com\/www.24baires.com\/wp-content\/uploads\/2014\/06\/casa-museo-eva-los-toldos.jpg?resize=350%2C200","width":350,"height":200,"srcset":"https:\/\/i0.wp.com\/www.24baires.com\/wp-content\/uploads\/2014\/06\/casa-museo-eva-los-toldos.jpg?resize=350%2C200 1x, https:\/\/i0.wp.com\/www.24baires.com\/wp-content\/uploads\/2014\/06\/casa-museo-eva-los-toldos.jpg?resize=525%2C300 1.5x"},"classes":[]},{"id":29100,"url":"https:\/\/www.24baires.com\/?p=29100","url_meta":{"origin":11903,"position":1},"title":"Exhiben en Quilmes vestidos que Paco Jamandreu dise\u00f1\u00f3 para Evita","author":"Grupo Sierra","date":"28\/07\/2013","format":false,"excerpt":"Vestidos que el argentino Paco Jamandreu dise\u00f1\u00f3 para Eva Per\u00f3n integraron una muestra que el flamante Centro de Producci\u00f3n Cultural de San Francisco Solano, en el partido bonaerense de Quilmes, present\u00f3 con im\u00e1genes y audios de la \"Abanderada de los descamisados\", en un nuevo aniversario de su muerte. La muestra,\u2026","rel":"","context":"En \u00abSociedad\u00bb","block_context":{"text":"Sociedad","link":"https:\/\/www.24baires.com\/?cat=1"},"img":{"alt_text":"","src":"","width":0,"height":0},"classes":[]},{"id":39605,"url":"https:\/\/www.24baires.com\/?p=39605","url_meta":{"origin":11903,"position":2},"title":"Cristina recibi\u00f3 al pr\u00edncipe japon\u00e9s Akishino en la Casa Rosada","author":"GB","date":"31\/01\/2014","format":false,"excerpt":"Cristina Fern\u00e1ndez de Kirchner recibi\u00f3 en la Casa de Gobierno al pr\u00edncipe Akishino del Jap\u00f3n, acompa\u00f1ado por su esposa la princesa Kiko, quienes se encuentran cumpliendo una gira por Am\u00e9rica Latina. El encuentro se realiz\u00f3 en el Sal\u00f3n Evita, ubicado en el primer piso de la Casa de Gobierno. La\u2026","rel":"","context":"En \u00abPol\u00edtica\u00bb","block_context":{"text":"Pol\u00edtica","link":"https:\/\/www.24baires.com\/?cat=51"},"img":{"alt_text":"vuelta cristina","src":"https:\/\/i0.wp.com\/www.24baires.com\/wp-content\/uploads\/2013\/11\/vuelta-cristina.jpg?resize=350%2C200","width":350,"height":200,"srcset":"https:\/\/i0.wp.com\/www.24baires.com\/wp-content\/uploads\/2013\/11\/vuelta-cristina.jpg?resize=350%2C200 1x, https:\/\/i0.wp.com\/www.24baires.com\/wp-content\/uploads\/2013\/11\/vuelta-cristina.jpg?resize=525%2C300 1.5x"},"classes":[]},{"id":82384,"url":"https:\/\/www.24baires.com\/?p=82384","url_meta":{"origin":11903,"position":3},"title":"El PJ bonaerense se re\u00fane este s\u00e1bado en Los Toldos","author":"AF","date":"06\/05\/2016","format":false,"excerpt":"El Partido Justicialista bonaerense se reunir\u00e1 este s\u00e1bado en la localidad de Los Toldos para conmemorar el 92\u00b0 aniversario del nacimiento de Eva Per\u00f3n. En medio de un contexto de fuertes peleas internas a ra\u00edz del quiebre del bloque de senadores provincial, el titular del PJ bonaerense, Fernando Espinoza, convoc\u00f3\u2026","rel":"","context":"En \u00abPol\u00edtica\u00bb","block_context":{"text":"Pol\u00edtica","link":"https:\/\/www.24baires.com\/?cat=51"},"img":{"alt_text":"espinoza","src":"https:\/\/i0.wp.com\/www.24baires.com\/wp-content\/uploads\/2013\/10\/espinoza.jpg?resize=350%2C200","width":350,"height":200,"srcset":"https:\/\/i0.wp.com\/www.24baires.com\/wp-content\/uploads\/2013\/10\/espinoza.jpg?resize=350%2C200 1x, https:\/\/i0.wp.com\/www.24baires.com\/wp-content\/uploads\/2013\/10\/espinoza.jpg?resize=525%2C300 1.5x"},"classes":[]},{"id":41574,"url":"https:\/\/www.24baires.com\/?p=41574","url_meta":{"origin":11903,"position":4},"title":"Esc\u00e1ndalo en Vicente L\u00f3pez: comparan a Evita con Eva Braun","author":"Grupo Sierra","date":"05\/03\/2014","format":false,"excerpt":"Un ciclo de charlas impulsado por el municipio propone a la amante de Hitler como una \"gran mujer\". tormenta. Se trata de un ciclo de charlas que se dictar\u00e1 todos los mi\u00e9rcoles de este mes en el Museo de Cine Lumit\u00f3n, de Munro, en el que se propone a Eva\u2026","rel":"","context":"En \u00abGeneral\u00bb","block_context":{"text":"General","link":"https:\/\/www.24baires.com\/?cat=67"},"img":{"alt_text":"eva","src":"https:\/\/i0.wp.com\/www.24baires.com\/wp-content\/uploads\/2014\/03\/eva.jpg?resize=350%2C200","width":350,"height":200,"srcset":"https:\/\/i0.wp.com\/www.24baires.com\/wp-content\/uploads\/2014\/03\/eva.jpg?resize=350%2C200 1x, https:\/\/i0.wp.com\/www.24baires.com\/wp-content\/uploads\/2014\/03\/eva.jpg?resize=525%2C300 1.5x"},"classes":[]},{"id":41617,"url":"https:\/\/www.24baires.com\/?p=41617","url_meta":{"origin":11903,"position":5},"title":"Jorge Macri tuvo que pedir disculpas internacionales por el caso de Eva Braun","author":"Grupo Sierra","date":"06\/03\/2014","format":false,"excerpt":"El municipio de Vicente L\u00f3pez debi\u00f3 retirar toda la carteler\u00eda, deshacerse de toda folleter\u00eda y suspender la muestra \u201cPeque\u00f1as biograf\u00edas de grandes mujeres\u201d que estaba prevista para este mi\u00e9rcoles (05\/03), al tomar trascendencia local e internacional que dentro de ese grupo de mujeres prestigiosas del arte, las letras y el\u2026","rel":"","context":"En \u00abPol\u00edtica\u00bb","block_context":{"text":"Pol\u00edtica","link":"https:\/\/www.24baires.com\/?cat=51"},"img":{"alt_text":"macri jorge","src":"https:\/\/i0.wp.com\/www.24baires.com\/wp-content\/uploads\/2014\/03\/macri-jorge.jpg?resize=350%2C200","width":350,"height":200,"srcset":"https:\/\/i0.wp.com\/www.24baires.com\/wp-content\/uploads\/2014\/03\/macri-jorge.jpg?resize=350%2C200 1x, https:\/\/i0.wp.com\/www.24baires.com\/wp-content\/uploads\/2014\/03\/macri-jorge.jpg?resize=525%2C300 1.5x"},"classes":[]}],"jetpack_sharing_enabled":true,"jetpack_likes_enabled":true,"_links":{"self":[{"href":"https:\/\/www.24baires.com\/index.php?rest_route=\/wp\/v2\/posts\/11903","targetHints":{"allow":["GET"]}}],"collection":[{"href":"https:\/\/www.24baires.com\/index.php?rest_route=\/wp\/v2\/posts"}],"about":[{"href":"https:\/\/www.24baires.com\/index.php?rest_route=\/wp\/v2\/types\/post"}],"author":[{"embeddable":true,"href":"https:\/\/www.24baires.com\/index.php?rest_route=\/wp\/v2\/users\/4"}],"replies":[{"embeddable":true,"href":"https:\/\/www.24baires.com\/index.php?rest_route=%2Fwp%2Fv2%2Fcomments&post=11903"}],"version-history":[{"count":2,"href":"https:\/\/www.24baires.com\/index.php?rest_route=\/wp\/v2\/posts\/11903\/revisions"}],"predecessor-version":[{"id":11906,"href":"https:\/\/www.24baires.com\/index.php?rest_route=\/wp\/v2\/posts\/11903\/revisions\/11906"}],"wp:attachment":[{"href":"https:\/\/www.24baires.com\/index.php?rest_route=%2Fwp%2Fv2%2Fmedia&parent=11903"}],"wp:term":[{"taxonomy":"category","embeddable":true,"href":"https:\/\/www.24baires.com\/index.php?rest_route=%2Fwp%2Fv2%2Fcategories&post=11903"},{"taxonomy":"post_tag","embeddable":true,"href":"https:\/\/www.24baires.com\/index.php?rest_route=%2Fwp%2Fv2%2Ftags&post=11903"}],"curies":[{"name":"wp","href":"https:\/\/api.w.org\/{rel}","templated":true}]}}