{"id":119013,"date":"2022-06-24T21:54:06","date_gmt":"2022-06-25T00:54:06","guid":{"rendered":"http:\/\/www.24baires.com\/?p=119013"},"modified":"2022-06-24T21:54:06","modified_gmt":"2022-06-25T00:54:06","slug":"guzman-se-reunio-con-empresarios-para-buscar-consensos-en-la-renovacion-de-precios-cuidados","status":"publish","type":"post","link":"https:\/\/www.24baires.com\/?p=119013","title":{"rendered":"Guzm\u00e1n se reuni\u00f3 con empresarios para buscar consensos en la renovaci\u00f3n de Precios Cuidados"},"content":{"rendered":"<p><img data-recalc-dims=\"1\" loading=\"lazy\" decoding=\"async\" class=\"aligncenter wp-image-119014\" src=\"https:\/\/i0.wp.com\/www.24baires.com\/wp-content\/uploads\/2022\/06\/62b651fd56efe_900.jpg?resize=720%2C405\" alt=\"\" width=\"720\" height=\"405\" srcset=\"https:\/\/i0.wp.com\/www.24baires.com\/wp-content\/uploads\/2022\/06\/62b651fd56efe_900.jpg?w=900&amp;ssl=1 900w, https:\/\/i0.wp.com\/www.24baires.com\/wp-content\/uploads\/2022\/06\/62b651fd56efe_900.jpg?resize=300%2C169&amp;ssl=1 300w, https:\/\/i0.wp.com\/www.24baires.com\/wp-content\/uploads\/2022\/06\/62b651fd56efe_900.jpg?resize=768%2C432&amp;ssl=1 768w\" sizes=\"auto, (max-width: 720px) 100vw, 720px\" \/>El programa tiene prevista una renovaci\u00f3n para el pr\u00f3ximo 7 de julio. Ante los empresarios, el ministro realiz\u00f3 una presentaci\u00f3n sobre la situaci\u00f3n macroecon\u00f3mica y las perspectivas de la pol\u00edtica econ\u00f3mica para el 2022.<!--more--><\/p>\n<p>El ministro de Econom\u00eda, Mart\u00edn Guzm\u00e1n, encabez\u00f3 en el Palacio de Hacienda una reuni\u00f3n con representantes de empresas abastecedoras de productos de consumo masivo, en v\u00edsperas de una nueva renovaci\u00f3n del programa Precios Cuidados, prevista para el pr\u00f3ximo 7 de julio.<\/p>\n<p>El encuentro que se llev\u00f3 a cabo en el Palacio de Hacienda con la presencia del titular del Banco Central, Miguel \u00c1ngel Pesce; y del secretario de Comercio Interior, Guillermo Hang.<\/p>\n<p>Ante los empresarios, el ministro realiz\u00f3 una presentaci\u00f3n sobre la situaci\u00f3n macroecon\u00f3mica y las perspectivas de la pol\u00edtica econ\u00f3mica para el 2022 y enfatiz\u00f3 el rol de las acciones de pol\u00edticas definidas en el decreto que actualiz\u00f3 el Presupuesto de la Administraci\u00f3n P\u00fablica Nacional y las recientes medidas de pol\u00edtica monetaria.<\/p>\n<p>Dicho paquete de medidas tienen como objeto \u00abfortalecer un sendero de consistencia macro que coadyuve a darle continuidad al crecimiento econ\u00f3mico con creaci\u00f3n de empleo en curso y a fortalecer las condiciones para atacar la problem\u00e1tica inflacionaria\u00bb, indic\u00f3 el escrito.<\/p>\n<p>En ese sentido, Guzm\u00e1n se\u00f1al\u00f3 que \u201cla pol\u00edtica de precios e ingresos es un componente de la pol\u00edtica econ\u00f3mica integral\u201d.<\/p>\n<p>Por otro lado, los representantes de las empresas remarcaron la importancia fundamental del desarrollo de mercado de capitales.<\/p>\n<p>En este l\u00ednea, Guzm\u00e1n expres\u00f3 que \u201cse trabaj\u00f3 desde el d\u00eda uno en la reconstrucci\u00f3n y fortalecimiento del mercado de deuda p\u00fablica en pesos, que es un ancla para el desarrollo del mercado de capitales que la Argentina necesita para que haya m\u00e1s financiamiento para la inversi\u00f3n, y por lo tanto, m\u00e1s producci\u00f3n y generaci\u00f3n de empleo\u201d.<\/p>\n<p>Por su parte, Hang destac\u00f3 el di\u00e1logo con las empresas y pidi\u00f3 mantener el trabajo en conjunto de cara a la renovaci\u00f3n del programa Precios Cuidados.<\/p>\n<p>&nbsp;<\/p>\n<p>&nbsp;<\/p>\n<p>&nbsp;<\/p>\n<p>Fuente: Telam<\/p>\n","protected":false},"excerpt":{"rendered":"<p>El programa tiene prevista una renovaci\u00f3n para el pr\u00f3ximo 7 de julio. Ante los empresarios, el ministro realiz\u00f3 una presentaci\u00f3n sobre la situaci\u00f3n macroecon\u00f3mica y las perspectivas de la pol\u00edtica econ\u00f3mica para el 2022.<\/p>\n","protected":false},"author":4,"featured_media":0,"comment_status":"closed","ping_status":"closed","sticky":false,"template":"","format":"standard","meta":{"_jetpack_newsletter_access":"","_jetpack_dont_email_post_to_subs":false,"_jetpack_newsletter_tier_id":0,"_jetpack_memberships_contains_paywalled_content":false,"_jetpack_memberships_contains_paid_content":false,"footnotes":""},"categories":[45],"tags":[],"class_list":["post-119013","post","type-post","status-publish","format-standard","hentry","category-economia"],"jetpack_featured_media_url":"","jetpack_shortlink":"https:\/\/wp.me\/p2JWE0-uXz","jetpack-related-posts":[{"id":117229,"url":"https:\/\/www.24baires.com\/?p=117229","url_meta":{"origin":119013,"position":0},"title":"Guzm\u00e1n: \u00abNo hay que pasarse de largo con la emisi\u00f3n monetaria\u00bb","author":"GB","date":"24\/02\/2021","format":false,"excerpt":"El ministro de Econom\u00eda, Mart\u00edn Guzm\u00e1n, habl\u00f3 sobre la situaci\u00f3n del pa\u00eds en torno a la pol\u00edtica fiscal y emisi\u00f3n monetaria. El ministro de Econom\u00eda, Mart\u00edn Guzm\u00e1n, habl\u00f3 en el marco de la gira que realiza junto con el presidente, Alberto Fern\u00e1ndez, por M\u00e9xico frente a un grupo de empresarios.\u2026","rel":"","context":"En \u00abEconom\u00eda\u00bb","block_context":{"text":"Econom\u00eda","link":"https:\/\/www.24baires.com\/?cat=45"},"img":{"alt_text":"","src":"https:\/\/i0.wp.com\/www.24baires.com\/wp-content\/uploads\/2021\/02\/guzman-hablo-la-emision-monetaria-y-las-tareas-bajar-los-precios-300x200.jpg?resize=350%2C200","width":350,"height":200},"classes":[]},{"id":118825,"url":"https:\/\/www.24baires.com\/?p=118825","url_meta":{"origin":119013,"position":1},"title":"Guzm\u00e1n: \u00abEs fundamental que crezca el poder adquisitivo de los salarios\u00bb","author":"AF","date":"05\/05\/2022","format":false,"excerpt":"El ministro de Econom\u00eda destac\u00f3 ante empresarios que \"las pol\u00edticas de precios e ingresos que acompa\u00f1an a las de programaci\u00f3n econ\u00f3mica van en ese objetivo\". Adem\u00e1s, remarc\u00f3 \"la clave de cualquier programa para contener la inflaci\u00f3n es cambiar las expectativas\". El ministro de Econom\u00eda, Mart\u00edn Guzm\u00e1n, asegur\u00f3 que la actividad\u2026","rel":"","context":"En \u00abEconom\u00eda\u00bb","block_context":{"text":"Econom\u00eda","link":"https:\/\/www.24baires.com\/?cat=45"},"img":{"alt_text":"","src":"https:\/\/i0.wp.com\/www.24baires.com\/wp-content\/uploads\/2022\/05\/62740c120b5c9_900.jpg?resize=350%2C200","width":350,"height":200,"srcset":"https:\/\/i0.wp.com\/www.24baires.com\/wp-content\/uploads\/2022\/05\/62740c120b5c9_900.jpg?resize=350%2C200 1x, https:\/\/i0.wp.com\/www.24baires.com\/wp-content\/uploads\/2022\/05\/62740c120b5c9_900.jpg?resize=525%2C300 1.5x, https:\/\/i0.wp.com\/www.24baires.com\/wp-content\/uploads\/2022\/05\/62740c120b5c9_900.jpg?resize=700%2C400 2x"},"classes":[]},{"id":113357,"url":"https:\/\/www.24baires.com\/?p=113357","url_meta":{"origin":119013,"position":2},"title":"Guzm\u00e1n anticip\u00f3 el reperfilamiento de la deuda","author":"AF","date":"11\/12\/2019","format":false,"excerpt":"El funcionario fue contundente al remarcar que el programa econ\u00f3mico ser\u00e1 el del Gobierno y no el del FMI. En su primera conferencia de prensa como ministro de Econom\u00eda, Mart\u00edn Guzm\u00e1n anticip\u00f3 que se reunir\u00e1n con acreedores para dise\u00f1ar un programa de reestructuraci\u00f3n de pagos. Adem\u00e1s, sostuvo que el FMI\u2026","rel":"","context":"En \u00abPol\u00edtica\u00bb","block_context":{"text":"Pol\u00edtica","link":"https:\/\/www.24baires.com\/?cat=51"},"img":{"alt_text":"","src":"https:\/\/i0.wp.com\/www.24baires.com\/wp-content\/uploads\/2019\/08\/fmi.jpg?resize=350%2C200","width":350,"height":200,"srcset":"https:\/\/i0.wp.com\/www.24baires.com\/wp-content\/uploads\/2019\/08\/fmi.jpg?resize=350%2C200 1x, https:\/\/i0.wp.com\/www.24baires.com\/wp-content\/uploads\/2019\/08\/fmi.jpg?resize=525%2C300 1.5x"},"classes":[]},{"id":119172,"url":"https:\/\/www.24baires.com\/?p=119172","url_meta":{"origin":119013,"position":3},"title":"Cristina se reuni\u00f3 con el nuevo \u00absuperministro\u00bb","author":"AF","date":"01\/08\/2022","format":false,"excerpt":"El encuentro se produjo horas despu\u00e9s de que Massa anunciara los primeros nombres que lo acompa\u00f1ar\u00e1n en el Palacio de Hacienda. Qu\u00e9 se sabe hasta ahora de las futuras medidas que tomar\u00e1 el nuevo ministro y los viajes que tiene previsto. La vicepresidenta Cristina Kirchner recibi\u00f3 este lunes al presidente\u2026","rel":"","context":"En \u00abPol\u00edtica\u00bb","block_context":{"text":"Pol\u00edtica","link":"https:\/\/www.24baires.com\/?cat=51"},"img":{"alt_text":"","src":"https:\/\/i0.wp.com\/www.24baires.com\/wp-content\/uploads\/2022\/08\/cristina-massa.jpg?resize=350%2C200","width":350,"height":200,"srcset":"https:\/\/i0.wp.com\/www.24baires.com\/wp-content\/uploads\/2022\/08\/cristina-massa.jpg?resize=350%2C200 1x, https:\/\/i0.wp.com\/www.24baires.com\/wp-content\/uploads\/2022\/08\/cristina-massa.jpg?resize=525%2C300 1.5x, https:\/\/i0.wp.com\/www.24baires.com\/wp-content\/uploads\/2022\/08\/cristina-massa.jpg?resize=700%2C400 2x"},"classes":[]},{"id":118334,"url":"https:\/\/www.24baires.com\/?p=118334","url_meta":{"origin":119013,"position":4},"title":"Guzm\u00e1n dijo que el Presupuesto 2022 propicia \u00abla doble recuperaci\u00f3n econ\u00f3mica y sanitaria\u00bb","author":"AF","date":"13\/12\/2021","format":false,"excerpt":"El ministro de Econom\u00eda, junto con su equipo, expuso este lunes ante la comisi\u00f3n de Presupuesto los alcances de la propuesta que prev\u00e9 un crecimiento del 4% del PBI, una inflaci\u00f3n del 33% y un d\u00f3lar a $131,1. El ministro de Econom\u00eda, Mart\u00edn Guzm\u00e1n, asegur\u00f3 esta tarde que el Presupuesto\u2026","rel":"","context":"En \u00abEconom\u00eda\u00bb","block_context":{"text":"Econom\u00eda","link":"https:\/\/www.24baires.com\/?cat=45"},"img":{"alt_text":"","src":"https:\/\/i0.wp.com\/www.24baires.com\/wp-content\/uploads\/2021\/11\/guzman.jpg?resize=350%2C200","width":350,"height":200,"srcset":"https:\/\/i0.wp.com\/www.24baires.com\/wp-content\/uploads\/2021\/11\/guzman.jpg?resize=350%2C200 1x, https:\/\/i0.wp.com\/www.24baires.com\/wp-content\/uploads\/2021\/11\/guzman.jpg?resize=525%2C300 1.5x"},"classes":[]},{"id":120047,"url":"https:\/\/www.24baires.com\/?p=120047","url_meta":{"origin":119013,"position":5},"title":"Sergio Massa convocar\u00e1 a un acuerdo de precios y salarios por 90 d\u00edas","author":"GB","date":"27\/04\/2023","format":false,"excerpt":"Tras ponerle un freno a la corrida cambiaria, Sergio Massa se reuni\u00f3 junto a la c\u00fapula de la CGT y cont\u00f3 que realizar\u00e1 un acuerdo de precios y salarios. Luego de una semana caliente en el mercado cambiario, el ministro de Econom\u00eda de la Naci\u00f3n, Sergio Massa, anunci\u00f3 este mi\u00e9rcoles\u2026","rel":"","context":"En \u00abEconom\u00eda\u00bb","block_context":{"text":"Econom\u00eda","link":"https:\/\/www.24baires.com\/?cat=45"},"img":{"alt_text":"","src":"https:\/\/i0.wp.com\/www.24baires.com\/wp-content\/uploads\/2023\/04\/argenchina.jpeg?resize=350%2C200","width":350,"height":200,"srcset":"https:\/\/i0.wp.com\/www.24baires.com\/wp-content\/uploads\/2023\/04\/argenchina.jpeg?resize=350%2C200 1x, https:\/\/i0.wp.com\/www.24baires.com\/wp-content\/uploads\/2023\/04\/argenchina.jpeg?resize=525%2C300 1.5x, https:\/\/i0.wp.com\/www.24baires.com\/wp-content\/uploads\/2023\/04\/argenchina.jpeg?resize=700%2C400 2x"},"classes":[]}],"jetpack_sharing_enabled":true,"jetpack_likes_enabled":true,"_links":{"self":[{"href":"https:\/\/www.24baires.com\/index.php?rest_route=\/wp\/v2\/posts\/119013","targetHints":{"allow":["GET"]}}],"collection":[{"href":"https:\/\/www.24baires.com\/index.php?rest_route=\/wp\/v2\/posts"}],"about":[{"href":"https:\/\/www.24baires.com\/index.php?rest_route=\/wp\/v2\/types\/post"}],"author":[{"embeddable":true,"href":"https:\/\/www.24baires.com\/index.php?rest_route=\/wp\/v2\/users\/4"}],"replies":[{"embeddable":true,"href":"https:\/\/www.24baires.com\/index.php?rest_route=%2Fwp%2Fv2%2Fcomments&post=119013"}],"version-history":[{"count":1,"href":"https:\/\/www.24baires.com\/index.php?rest_route=\/wp\/v2\/posts\/119013\/revisions"}],"predecessor-version":[{"id":119015,"href":"https:\/\/www.24baires.com\/index.php?rest_route=\/wp\/v2\/posts\/119013\/revisions\/119015"}],"wp:attachment":[{"href":"https:\/\/www.24baires.com\/index.php?rest_route=%2Fwp%2Fv2%2Fmedia&parent=119013"}],"wp:term":[{"taxonomy":"category","embeddable":true,"href":"https:\/\/www.24baires.com\/index.php?rest_route=%2Fwp%2Fv2%2Fcategories&post=119013"},{"taxonomy":"post_tag","embeddable":true,"href":"https:\/\/www.24baires.com\/index.php?rest_route=%2Fwp%2Fv2%2Ftags&post=119013"}],"curies":[{"name":"wp","href":"https:\/\/api.w.org\/{rel}","templated":true}]}}