{"id":118918,"date":"2022-05-31T10:24:38","date_gmt":"2022-05-31T13:24:38","guid":{"rendered":"http:\/\/www.24baires.com\/?p=118918"},"modified":"2022-05-31T10:24:38","modified_gmt":"2022-05-31T13:24:38","slug":"la-industria-manufacturera-bonaerense-crecio-un-74-en-febrero","status":"publish","type":"post","link":"https:\/\/www.24baires.com\/?p=118918","title":{"rendered":"La industria manufacturera bonaerense creci\u00f3 un 7,4% en febrero"},"content":{"rendered":"<p><img data-recalc-dims=\"1\" loading=\"lazy\" decoding=\"async\" class=\"aligncenter wp-image-117989\" src=\"https:\/\/i0.wp.com\/www.24baires.com\/wp-content\/uploads\/2021\/08\/industria-pandemia.jpg?resize=720%2C405\" alt=\"\" width=\"720\" height=\"405\" srcset=\"https:\/\/i0.wp.com\/www.24baires.com\/wp-content\/uploads\/2021\/08\/industria-pandemia.jpg?w=560&amp;ssl=1 560w, https:\/\/i0.wp.com\/www.24baires.com\/wp-content\/uploads\/2021\/08\/industria-pandemia.jpg?resize=300%2C169&amp;ssl=1 300w\" sizes=\"auto, (max-width: 720px) 100vw, 720px\" \/>Por primera vez desde que se lleva registro en la serie, se alcanzaron doce meses de crecimiento consecutivos dentro de la industria manufacturera<!--more--><\/p>\n<p>Elministerio de Hacienda y Finanzas de la provincia de Buenos Aires inform\u00f3 que la industria manufacturera bonaerense tuvo un crecimiento en febrero del 7,4% respecto del mismo mes del 2021 y que por primera vez desde que se lleva registro en la serie del ISIM-PBA se alcanzaron doce meses de crecimiento consecutivo. Adem\u00e1s, el ISIM-PBA de febrero de 2022 super\u00f3 en 5,8% al de 2020.<\/p>\n<p>El Indicador Sint\u00e9tico de la Industria Manufacturera (ISIM), elaborado por la Direcci\u00f3n Provincial de Estad\u00edstica, mostr\u00f3 que en febrero de 2022 ocho de los once bloques que componen el ISIM-PBA tuvieron aumentos interanuales.<\/p>\n<p>Por orden de incidencia, fueron: Productos qu\u00edmicos (27,5%); Alimentos y bebidas (7,9%); M\u00e1quinas y equipos (10,2%); Veh\u00edculos automotores (20,3%); Caucho y pl\u00e1stico (9,9%); Minerales no met\u00e1licos (7,9%); Textiles y cueros (3,4%) y Tabaco (24,9%).<\/p>\n<p>Al respecto, el ministro de Hacienda y Finanzas, Pablo L\u00f3pez, asegur\u00f3 que: \u201cCon el resultado de febrero, la industria en la provincia de Buenos Aires cerr\u00f3 el primer bimestre de 2022 con un crecimiento acumulado del 4,5% y operando en niveles superiores a la pre-pandemia: un 5% por encima de febrero de 2019 y un 5,8% arriba del mismo mes de 2020\u201d.<\/p>\n","protected":false},"excerpt":{"rendered":"<p>Por primera vez desde que se lleva registro en la serie, se alcanzaron doce meses de crecimiento consecutivos dentro de la industria manufacturera<\/p>\n","protected":false},"author":8,"featured_media":0,"comment_status":"open","ping_status":"closed","sticky":false,"template":"","format":"standard","meta":{"_jetpack_newsletter_access":"","_jetpack_dont_email_post_to_subs":false,"_jetpack_newsletter_tier_id":0,"_jetpack_memberships_contains_paywalled_content":false,"_jetpack_memberships_contains_paid_content":false,"footnotes":""},"categories":[40],"tags":[],"class_list":["post-118918","post","type-post","status-publish","format-standard","hentry","category-provincia"],"jetpack_shortlink":"https:\/\/wp.me\/p2JWE0-uW2","jetpack-related-posts":[{"id":119855,"url":"https:\/\/www.24baires.com\/?p=119855","url_meta":{"origin":118918,"position":0},"title":"La industria bonaerense acumula 21 meses de crecimiento","author":"GB","date":"03\/03\/2023","format":false,"excerpt":"Es el periodo de alzas m\u00e1s largo del que se tiene registro. La producci\u00f3n industrial bonaerense supera los niveles de 2019. Direcci\u00f3n Provincial de Estad\u00edstica public\u00f3 el nuevo Indicador Sint\u00e9tico de la Industria Manufacturera bonaerense (ISIM-PBA) con datos actualizados hasta noviembre de 2022. Desde el gobierno celebraron los resultados que\u2026","rel":"","context":"En \u00abProvincia\u00bb","block_context":{"text":"Provincia","link":"https:\/\/www.24baires.com\/?cat=40"},"img":{"alt_text":"","src":"https:\/\/i0.wp.com\/www.24baires.com\/wp-content\/uploads\/2023\/03\/industriajpg.jpg?resize=350%2C200","width":350,"height":200,"srcset":"https:\/\/i0.wp.com\/www.24baires.com\/wp-content\/uploads\/2023\/03\/industriajpg.jpg?resize=350%2C200 1x, https:\/\/i0.wp.com\/www.24baires.com\/wp-content\/uploads\/2023\/03\/industriajpg.jpg?resize=525%2C300 1.5x, https:\/\/i0.wp.com\/www.24baires.com\/wp-content\/uploads\/2023\/03\/industriajpg.jpg?resize=700%2C400 2x"},"classes":[]},{"id":119499,"url":"https:\/\/www.24baires.com\/?p=119499","url_meta":{"origin":118918,"position":1},"title":"La actividad industrial bonaerense acumula 17 meses de alza","author":"GB","date":"02\/11\/2022","format":false,"excerpt":"Se trata del mayor crecimiento de la actividad industrial manufacturera desde 2012. Textiles y cueros y Refinaci\u00f3n de petr\u00f3leo empujaron el crecimiento. La industria manufacturera de la provincia de Buenos Aires registr\u00f3 una suba del 7,6% interanual en julio de este a\u00f1o. El dato surge de la publicaci\u00f3n del \u00cdndice\u2026","rel":"","context":"En \u00abEconom\u00eda\u00bb","block_context":{"text":"Econom\u00eda","link":"https:\/\/www.24baires.com\/?cat=45"},"img":{"alt_text":"","src":"https:\/\/i0.wp.com\/www.24baires.com\/wp-content\/uploads\/2022\/11\/axel-kicillof-y-pablo-lopezpng.png?resize=350%2C200","width":350,"height":200,"srcset":"https:\/\/i0.wp.com\/www.24baires.com\/wp-content\/uploads\/2022\/11\/axel-kicillof-y-pablo-lopezpng.png?resize=350%2C200 1x, https:\/\/i0.wp.com\/www.24baires.com\/wp-content\/uploads\/2022\/11\/axel-kicillof-y-pablo-lopezpng.png?resize=525%2C300 1.5x, https:\/\/i0.wp.com\/www.24baires.com\/wp-content\/uploads\/2022\/11\/axel-kicillof-y-pablo-lopezpng.png?resize=700%2C400 2x"},"classes":[]},{"id":120138,"url":"https:\/\/www.24baires.com\/?p=120138","url_meta":{"origin":118918,"position":2},"title":"En Provincia la industria manufacturera sigue en crecimiento","author":"GB","date":"31\/05\/2023","format":false,"excerpt":"A trav\u00e9s del Indicador Sint\u00e9tico Industria Manufacturera, el ministerio de Hacienda y Finanzas de la Provincia, dio a conocer que la industria manufacturera sigue en alza. El Ministerio de Hacienda y Finanzas de la provincia de Buenos Aires public\u00f3 el Indicador Sint\u00e9tico de la Industria Manufacturera (ISIM). En l\u00edneas generales,\u2026","rel":"","context":"En \u00abProvincia\u00bb","block_context":{"text":"Provincia","link":"https:\/\/www.24baires.com\/?cat=40"},"img":{"alt_text":"","src":"https:\/\/i0.wp.com\/www.24baires.com\/wp-content\/uploads\/2021\/11\/61714316e6f3e_900.jpg?resize=350%2C200","width":350,"height":200,"srcset":"https:\/\/i0.wp.com\/www.24baires.com\/wp-content\/uploads\/2021\/11\/61714316e6f3e_900.jpg?resize=350%2C200 1x, https:\/\/i0.wp.com\/www.24baires.com\/wp-content\/uploads\/2021\/11\/61714316e6f3e_900.jpg?resize=525%2C300 1.5x, https:\/\/i0.wp.com\/www.24baires.com\/wp-content\/uploads\/2021\/11\/61714316e6f3e_900.jpg?resize=700%2C400 2x"},"classes":[]},{"id":97751,"url":"https:\/\/www.24baires.com\/?p=97751","url_meta":{"origin":118918,"position":3},"title":"La actividad econ\u00f3mica provincial aument\u00f3 un 1,6%, pero a\u00fan no se recupera de la ca\u00edda","author":"AF","date":"28\/09\/2017","format":false,"excerpt":"La actividad econ\u00f3mica de la provincia de Buenos Aires aument\u00f3 un 1,6% en el primer semestre del a\u00f1o y rompi\u00f3 una racha negativa de m\u00e1s de un a\u00f1o, aunque a\u00fan no se recupera a\u00fan de la ca\u00edda del a\u00f1o pasado, que arroj\u00f3 un saldo negativo del 2,3%. El Indicador Trimestral\u2026","rel":"","context":"En \u00abProvincia\u00bb","block_context":{"text":"Provincia","link":"https:\/\/www.24baires.com\/?cat=40"},"img":{"alt_text":"","src":"https:\/\/i0.wp.com\/www.24baires.com\/wp-content\/uploads\/2014\/02\/construccion.jpg?resize=350%2C200","width":350,"height":200,"srcset":"https:\/\/i0.wp.com\/www.24baires.com\/wp-content\/uploads\/2014\/02\/construccion.jpg?resize=350%2C200 1x, https:\/\/i0.wp.com\/www.24baires.com\/wp-content\/uploads\/2014\/02\/construccion.jpg?resize=525%2C300 1.5x"},"classes":[]},{"id":121368,"url":"https:\/\/www.24baires.com\/?p=121368","url_meta":{"origin":118918,"position":4},"title":"La actividad econ\u00f3mica cay\u00f3 8,4% en marzo","author":"GB","date":"22\/05\/2024","format":false,"excerpt":"El INDEC lanz\u00f3 un informe que indica que la actividad econ\u00f3mica registr\u00f3 una ca\u00edda de 8,4% en marzo. Es el quinto mes consecutivo que sigue esta tendencia. El Instituto Nacional de Estad\u00edstica y Censos de la Rep\u00fablica Argentina (INDEC) anunci\u00f3 este mi\u00e9rcoles que la actividad econ\u00f3mica volvi\u00f3 a caer en\u2026","rel":"","context":"En \u00abEconom\u00eda\u00bb","block_context":{"text":"Econom\u00eda","link":"https:\/\/www.24baires.com\/?cat=45"},"img":{"alt_text":"","src":"https:\/\/i0.wp.com\/www.24baires.com\/wp-content\/uploads\/2019\/01\/construcci%C3%B3n.png?resize=350%2C200","width":350,"height":200,"srcset":"https:\/\/i0.wp.com\/www.24baires.com\/wp-content\/uploads\/2019\/01\/construcci%C3%B3n.png?resize=350%2C200 1x, https:\/\/i0.wp.com\/www.24baires.com\/wp-content\/uploads\/2019\/01\/construcci%C3%B3n.png?resize=525%2C300 1.5x, https:\/\/i0.wp.com\/www.24baires.com\/wp-content\/uploads\/2019\/01\/construcci%C3%B3n.png?resize=700%2C400 2x"},"classes":[]},{"id":117539,"url":"https:\/\/www.24baires.com\/?p=117539","url_meta":{"origin":118918,"position":5},"title":"La actividad industrial creci\u00f3 12,4% en el primer trimestre","author":"GB","date":"07\/05\/2021","format":false,"excerpt":"El Indec difundi\u00f3 que la actividad industrial arroj\u00f3 un crecimiento en los primeros tres meses del a\u00f1o. El Instituto Nacional de Estad\u00edstica y Censos (Indec) dio a conocer que la actividad industrial acumul\u00f3 un aumento del 12,4% en el primer trimestre del a\u00f1o. Al respecto, el ministro de Desarrollo Productivo\u2026","rel":"","context":"En \u00abLocales\u00bb","block_context":{"text":"Locales","link":"https:\/\/www.24baires.com\/?cat=38"},"img":{"alt_text":"","src":"https:\/\/i0.wp.com\/www.24baires.com\/wp-content\/uploads\/2018\/11\/industria.jpg?resize=350%2C200","width":350,"height":200,"srcset":"https:\/\/i0.wp.com\/www.24baires.com\/wp-content\/uploads\/2018\/11\/industria.jpg?resize=350%2C200 1x, https:\/\/i0.wp.com\/www.24baires.com\/wp-content\/uploads\/2018\/11\/industria.jpg?resize=525%2C300 1.5x"},"classes":[]}],"jetpack_sharing_enabled":true,"jetpack_likes_enabled":true,"jetpack_featured_media_url":"","_links":{"self":[{"href":"https:\/\/www.24baires.com\/index.php?rest_route=\/wp\/v2\/posts\/118918","targetHints":{"allow":["GET"]}}],"collection":[{"href":"https:\/\/www.24baires.com\/index.php?rest_route=\/wp\/v2\/posts"}],"about":[{"href":"https:\/\/www.24baires.com\/index.php?rest_route=\/wp\/v2\/types\/post"}],"author":[{"embeddable":true,"href":"https:\/\/www.24baires.com\/index.php?rest_route=\/wp\/v2\/users\/8"}],"replies":[{"embeddable":true,"href":"https:\/\/www.24baires.com\/index.php?rest_route=%2Fwp%2Fv2%2Fcomments&post=118918"}],"version-history":[{"count":1,"href":"https:\/\/www.24baires.com\/index.php?rest_route=\/wp\/v2\/posts\/118918\/revisions"}],"predecessor-version":[{"id":118919,"href":"https:\/\/www.24baires.com\/index.php?rest_route=\/wp\/v2\/posts\/118918\/revisions\/118919"}],"wp:attachment":[{"href":"https:\/\/www.24baires.com\/index.php?rest_route=%2Fwp%2Fv2%2Fmedia&parent=118918"}],"wp:term":[{"taxonomy":"category","embeddable":true,"href":"https:\/\/www.24baires.com\/index.php?rest_route=%2Fwp%2Fv2%2Fcategories&post=118918"},{"taxonomy":"post_tag","embeddable":true,"href":"https:\/\/www.24baires.com\/index.php?rest_route=%2Fwp%2Fv2%2Ftags&post=118918"}],"curies":[{"name":"wp","href":"https:\/\/api.w.org\/{rel}","templated":true}]}}