{"id":118904,"date":"2022-05-26T19:13:12","date_gmt":"2022-05-26T22:13:12","guid":{"rendered":"http:\/\/www.24baires.com\/?p=118904"},"modified":"2022-05-26T19:13:12","modified_gmt":"2022-05-26T22:13:12","slug":"anticipan-que-las-exportaciones-llegaran-a-los-us-90-000-millones","status":"publish","type":"post","link":"https:\/\/www.24baires.com\/?p=118904","title":{"rendered":"Anticipan que las exportaciones llegar\u00e1n a los US$ 90.000 millones"},"content":{"rendered":"<p><img data-recalc-dims=\"1\" loading=\"lazy\" decoding=\"async\" class=\"aligncenter wp-image-118905\" src=\"https:\/\/i0.wp.com\/www.24baires.com\/wp-content\/uploads\/2022\/05\/5cd969a1c4529_900.jpg?resize=720%2C405\" alt=\"\" width=\"720\" height=\"405\" srcset=\"https:\/\/i0.wp.com\/www.24baires.com\/wp-content\/uploads\/2022\/05\/5cd969a1c4529_900.jpg?w=900&amp;ssl=1 900w, https:\/\/i0.wp.com\/www.24baires.com\/wp-content\/uploads\/2022\/05\/5cd969a1c4529_900.jpg?resize=300%2C169&amp;ssl=1 300w, https:\/\/i0.wp.com\/www.24baires.com\/wp-content\/uploads\/2022\/05\/5cd969a1c4529_900.jpg?resize=768%2C432&amp;ssl=1 768w\" sizes=\"auto, (max-width: 720px) 100vw, 720px\" \/>\u00abSeguramente llegar\u00e1n a los US$ 100.000 millones en 2023, superando el r\u00e9cord registrado en 2011\u00bb, conf\u00edan desde la secretar\u00eda de industria.<!--more--><\/p>\n<p>Las exportaciones argentinas rondar\u00e1n este a\u00f1o los US$ 90.000 millones, lo que representar\u00e1 una mejora de casi 20% respecto a las ventas al exterior concretadas en 2021, en un mercado que garantiza los d\u00f3lares para las importaciones salvo para aquellos casos que pudieran generar bruscos crecimientos en el consumo, se\u00f1alaron fuentes de la Secretar\u00eda de Industria.<\/p>\n<p>\u00abLas exportaciones de este a\u00f1o se ubicar\u00e1n en torno a los US$ 90.000 millones, y seguramente llegar\u00e1n a los US$ 100.000 millones en 2023, superando el r\u00e9cord registrado en 2011\u00bb, remarc\u00f3 la fuente.<\/p>\n<p>En esta l\u00ednea, coment\u00f3 que \u00ablos d\u00f3lares para las importaciones de este a\u00f1o est\u00e1n garantizados, seguramente con alguna restricci\u00f3n para aquellos que pidan divisas incrementales para la producci\u00f3n\u00bb.<\/p>\n<p>\u00abEs cierto que el mercado est\u00e1 demandante, e incluso convalida algunos precios, pero nosotros tenemos la responsabilidad de administrar con responsabilidad el comercio exterior. No gobernamos con tibieza sino con resoluci\u00f3n y valent\u00eda para administrar las divisas\u00bb, asegur\u00f3 la fuente de la Secretar\u00eda de Industria.<\/p>\n<p>Argentina tuvo en 2021 el tercer mejor a\u00f1o exportador de la historia, al alcanzar un total de US$ 77.934 millones, solo superado por 2011 -a\u00f1o r\u00e9cord- y 2012, seg\u00fan datos publicados por el Instituto Nacional de Estad\u00edsticas y Censos (Indec).<\/p>\n<p>En cuanto al crecimiento industrial para este a\u00f1o, en el Ministerio de Desarrollo Productivo estiman que ser\u00e1 de \u00abseis o siete puntos\u00bb, \u00edndice que mejorar\u00e1 en la medida que crezcan las exportaciones y se avance en la sustituci\u00f3n de importaciones.<\/p>\n<p>Sobre la evoluci\u00f3n de los precios, la fuente indic\u00f3 que \u00abel principal problema macroecon\u00f3mico es la restricci\u00f3n externa, la falta de d\u00f3lares, acaso la enfermedad que tenemos como sociedad\u00bb.<\/p>\n<p>\u00abEstamos en una econom\u00eda bimonetaria, ahorramos el esfuerzo de nuestro trabajo en una moneda que no emitimos, con la preocupaci\u00f3n que represent\u00f3 hist\u00f3ricamente ser una usina permanente de devaluaciones\u00bb, puntualiz\u00f3 la fuente.<\/p>\n<p>Seg\u00fan la visi\u00f3n del vocero de Industria \u00abla soluci\u00f3n es llenar de d\u00f3lares el Banco Central y hay una sola forma genuina de hacerlo, que es exportando\u00bb.<\/p>\n","protected":false},"excerpt":{"rendered":"<p>\u00abSeguramente llegar\u00e1n a los US$ 100.000 millones en 2023, superando el r\u00e9cord registrado en 2011\u00bb, conf\u00edan desde la secretar\u00eda de industria.<\/p>\n","protected":false},"author":4,"featured_media":0,"comment_status":"open","ping_status":"closed","sticky":false,"template":"","format":"standard","meta":{"_jetpack_newsletter_access":"","_jetpack_dont_email_post_to_subs":false,"_jetpack_newsletter_tier_id":0,"_jetpack_memberships_contains_paywalled_content":false,"_jetpack_memberships_contains_paid_content":false,"footnotes":""},"categories":[45],"tags":[],"class_list":["post-118904","post","type-post","status-publish","format-standard","hentry","category-economia"],"jetpack_featured_media_url":"","jetpack_shortlink":"https:\/\/wp.me\/p2JWE0-uVO","jetpack-related-posts":[{"id":62526,"url":"https:\/\/www.24baires.com\/?p=62526","url_meta":{"origin":118904,"position":0},"title":"Caen las divisas y los productores siguen reteniendo","author":"Grupo Sierra","date":"02\/03\/2015","format":false,"excerpt":"Los exportadores de granos liquidaron en la \u00faltima semana US$ 208,87 millones, 70% menos que lo registrado en la misma semana de 2014, y as\u00ed acumularon en lo que va del a\u00f1o un ingreso de divisas de US$ 2.022,01 millones, 32% inferior al a\u00f1o pasado, a\u00fan cuando la \u00faltima cosecha\u2026","rel":"","context":"En \u00abEconom\u00eda\u00bb","block_context":{"text":"Econom\u00eda","link":"https:\/\/www.24baires.com\/?cat=45"},"img":{"alt_text":"soja jun\u00edn","src":"https:\/\/i0.wp.com\/www.24baires.com\/wp-content\/uploads\/2013\/09\/soja-jun%C3%ADn.jpg?resize=350%2C200","width":350,"height":200,"srcset":"https:\/\/i0.wp.com\/www.24baires.com\/wp-content\/uploads\/2013\/09\/soja-jun%C3%ADn.jpg?resize=350%2C200 1x, https:\/\/i0.wp.com\/www.24baires.com\/wp-content\/uploads\/2013\/09\/soja-jun%C3%ADn.jpg?resize=525%2C300 1.5x"},"classes":[]},{"id":119316,"url":"https:\/\/www.24baires.com\/?p=119316","url_meta":{"origin":118904,"position":1},"title":"El Banco Central compr\u00f3 US$ 426 millones","author":"AF","date":"08\/09\/2022","format":false,"excerpt":"Las compras se dan luego de que Econom\u00eda oficializara un tipo de cambio de 200 pesos por d\u00f3lar para las exportaciones de soja, una medida acordada con los principales complejos exportadores, que se comprometieron a liquidar soja y derivados por, al menos, 5.000 millones de d\u00f3lares. El Banco Central (BCRA)\u2026","rel":"","context":"En \u00abEconom\u00eda\u00bb","block_context":{"text":"Econom\u00eda","link":"https:\/\/www.24baires.com\/?cat=45"},"img":{"alt_text":"","src":"https:\/\/i0.wp.com\/www.24baires.com\/wp-content\/uploads\/2019\/08\/d%C3%B3lar.jpg?resize=350%2C200","width":350,"height":200,"srcset":"https:\/\/i0.wp.com\/www.24baires.com\/wp-content\/uploads\/2019\/08\/d%C3%B3lar.jpg?resize=350%2C200 1x, https:\/\/i0.wp.com\/www.24baires.com\/wp-content\/uploads\/2019\/08\/d%C3%B3lar.jpg?resize=525%2C300 1.5x, https:\/\/i0.wp.com\/www.24baires.com\/wp-content\/uploads\/2019\/08\/d%C3%B3lar.jpg?resize=700%2C400 2x"},"classes":[]},{"id":119891,"url":"https:\/\/www.24baires.com\/?p=119891","url_meta":{"origin":118904,"position":2},"title":"El Fondo acord\u00f3 flexibilizar metas y llega un nuevo desembolso","author":"AF","date":"13\/03\/2023","format":false,"excerpt":"El FMI acord\u00f3 con el Gobierno nacional una modificaci\u00f3n en el esquema de metas del programa. La acumulaci\u00f3n de reservas ser\u00e1 menos exigente en lo que resta del a\u00f1o, debido a que se tuvo en cuenta el impacto para las cuentas p\u00fablicas provocado por la sequ\u00eda. La meta trimestral de\u2026","rel":"","context":"En \u00abEconom\u00eda\u00bb","block_context":{"text":"Econom\u00eda","link":"https:\/\/www.24baires.com\/?cat=45"},"img":{"alt_text":"","src":"https:\/\/i0.wp.com\/www.24baires.com\/wp-content\/uploads\/2019\/08\/fmi.jpg?resize=350%2C200","width":350,"height":200,"srcset":"https:\/\/i0.wp.com\/www.24baires.com\/wp-content\/uploads\/2019\/08\/fmi.jpg?resize=350%2C200 1x, https:\/\/i0.wp.com\/www.24baires.com\/wp-content\/uploads\/2019\/08\/fmi.jpg?resize=525%2C300 1.5x, https:\/\/i0.wp.com\/www.24baires.com\/wp-content\/uploads\/2019\/08\/fmi.jpg?resize=700%2C400 2x"},"classes":[]},{"id":53684,"url":"https:\/\/www.24baires.com\/?p=53684","url_meta":{"origin":118904,"position":3},"title":"Capitanich y Kicillof presentaron el Presupuesto 2015 en Diputados","author":"GB","date":"15\/09\/2014","format":false,"excerpt":"Capitanich pronostic\u00f3 exportaciones por US$82.420 millones e importaciones por US$73.223 millones, lo que da un super\u00e1vit comercial de US$9.197 millones. El jefe de Gabinete, Jorge Capitanich, y el ministro de Econom\u00eda, Axel Kicillof, presentaron en la C\u00e1mara de Diputados el proyecto de Presupuesto 2015, en el marco de un encuentro\u2026","rel":"","context":"En \u00abEconom\u00eda\u00bb","block_context":{"text":"Econom\u00eda","link":"https:\/\/www.24baires.com\/?cat=45"},"img":{"alt_text":"kicillof y capitanoch","src":"https:\/\/i0.wp.com\/www.24baires.com\/wp-content\/uploads\/2014\/09\/kicillof-y-capitanoch.jpg?resize=350%2C200","width":350,"height":200,"srcset":"https:\/\/i0.wp.com\/www.24baires.com\/wp-content\/uploads\/2014\/09\/kicillof-y-capitanoch.jpg?resize=350%2C200 1x, https:\/\/i0.wp.com\/www.24baires.com\/wp-content\/uploads\/2014\/09\/kicillof-y-capitanoch.jpg?resize=525%2C300 1.5x"},"classes":[]},{"id":120179,"url":"https:\/\/www.24baires.com\/?p=120179","url_meta":{"origin":118904,"position":4},"title":"Massa contin\u00faa la negociaci\u00f3n con el FMI con el eje en el \u00abda\u00f1o\u00bb por la sequ\u00eda","author":"AF","date":"13\/06\/2023","format":false,"excerpt":"En un acto en la f\u00e1brica automotriz Ford en Pacheco el ministro cont\u00f3 que lac conversaciones con el organismo de cr\u00e9dito se desarrollan de modo virtual y luego ir\u00e1 una misi\u00f3n a Washington para cerrar el acuerdo. El ministro de Econom\u00eda, Sergio Massa, confirm\u00f3 este martes que contin\u00faan las negociaciones\u2026","rel":"","context":"En \u00abEconom\u00eda\u00bb","block_context":{"text":"Econom\u00eda","link":"https:\/\/www.24baires.com\/?cat=45"},"img":{"alt_text":"","src":"https:\/\/i0.wp.com\/www.24baires.com\/wp-content\/uploads\/2023\/05\/massa-scaled.jpg?resize=350%2C200","width":350,"height":200,"srcset":"https:\/\/i0.wp.com\/www.24baires.com\/wp-content\/uploads\/2023\/05\/massa-scaled.jpg?resize=350%2C200 1x, https:\/\/i0.wp.com\/www.24baires.com\/wp-content\/uploads\/2023\/05\/massa-scaled.jpg?resize=525%2C300 1.5x, https:\/\/i0.wp.com\/www.24baires.com\/wp-content\/uploads\/2023\/05\/massa-scaled.jpg?resize=700%2C400 2x"},"classes":[]},{"id":119282,"url":"https:\/\/www.24baires.com\/?p=119282","url_meta":{"origin":118904,"position":5},"title":"YPF y Petronas avanzar\u00e1n en desarrollo de GNL con gas de Vaca Muerta","author":"AF","date":"01\/09\/2022","format":false,"excerpt":"Alberto Fern\u00e1ndez, junto al titular de YPF, encabezaron el anuncio de una alianza entre la petrolera argentina y la firma de Malasia. El mandatario asegur\u00f3 que el acuerdo de YPF y Petronas es \"una piedra fundacional\" para la Argentina. YPF y la petrolera malaya Petronas firmaron un Acuerdo de Estudio\u2026","rel":"","context":"En \u00abPol\u00edtica\u00bb","block_context":{"text":"Pol\u00edtica","link":"https:\/\/www.24baires.com\/?cat=51"},"img":{"alt_text":"","src":"https:\/\/i0.wp.com\/www.24baires.com\/wp-content\/uploads\/2022\/09\/6311332ff3e7b_900.jpg?resize=350%2C200","width":350,"height":200,"srcset":"https:\/\/i0.wp.com\/www.24baires.com\/wp-content\/uploads\/2022\/09\/6311332ff3e7b_900.jpg?resize=350%2C200 1x, https:\/\/i0.wp.com\/www.24baires.com\/wp-content\/uploads\/2022\/09\/6311332ff3e7b_900.jpg?resize=525%2C300 1.5x, https:\/\/i0.wp.com\/www.24baires.com\/wp-content\/uploads\/2022\/09\/6311332ff3e7b_900.jpg?resize=700%2C400 2x"},"classes":[]}],"jetpack_sharing_enabled":true,"jetpack_likes_enabled":true,"_links":{"self":[{"href":"https:\/\/www.24baires.com\/index.php?rest_route=\/wp\/v2\/posts\/118904","targetHints":{"allow":["GET"]}}],"collection":[{"href":"https:\/\/www.24baires.com\/index.php?rest_route=\/wp\/v2\/posts"}],"about":[{"href":"https:\/\/www.24baires.com\/index.php?rest_route=\/wp\/v2\/types\/post"}],"author":[{"embeddable":true,"href":"https:\/\/www.24baires.com\/index.php?rest_route=\/wp\/v2\/users\/4"}],"replies":[{"embeddable":true,"href":"https:\/\/www.24baires.com\/index.php?rest_route=%2Fwp%2Fv2%2Fcomments&post=118904"}],"version-history":[{"count":1,"href":"https:\/\/www.24baires.com\/index.php?rest_route=\/wp\/v2\/posts\/118904\/revisions"}],"predecessor-version":[{"id":118906,"href":"https:\/\/www.24baires.com\/index.php?rest_route=\/wp\/v2\/posts\/118904\/revisions\/118906"}],"wp:attachment":[{"href":"https:\/\/www.24baires.com\/index.php?rest_route=%2Fwp%2Fv2%2Fmedia&parent=118904"}],"wp:term":[{"taxonomy":"category","embeddable":true,"href":"https:\/\/www.24baires.com\/index.php?rest_route=%2Fwp%2Fv2%2Fcategories&post=118904"},{"taxonomy":"post_tag","embeddable":true,"href":"https:\/\/www.24baires.com\/index.php?rest_route=%2Fwp%2Fv2%2Ftags&post=118904"}],"curies":[{"name":"wp","href":"https:\/\/api.w.org\/{rel}","templated":true}]}}