{"id":1189,"date":"2012-10-06T11:51:34","date_gmt":"2012-10-06T14:51:34","guid":{"rendered":"http:\/\/www.24baires.com\/?p=1189"},"modified":"2012-10-06T11:52:09","modified_gmt":"2012-10-06T14:52:09","slug":"prohiben-camaras-de-seguridad-en-pensiones-estudiantiles","status":"publish","type":"post","link":"https:\/\/www.24baires.com\/?p=1189","title":{"rendered":"Prohibir\u00e1n c\u00e1maras de seguridad en pensiones estudiantiles"},"content":{"rendered":"<p><strong>LA PLATA &#8211;<\/strong> En medio de un debate por momentos \u00e1spero, el Foro conformado para regular el funcionamiento de las pensiones universitarias de La Plata avanz\u00f3 en la definici\u00f3n de algunos art\u00edculos vinculados a la privacidad de los pensionistas y las exigencias de los propietarios respecto de los dep\u00f3sitos, al tiempo que se acord\u00f3 la obligatoriedad de suscribir contratos legalizados para el alojamiento en las pensiones. En ese marco se se\u00f1al\u00f3 que la nueva ordenanza prohibir\u00e1 el uso de video c\u00e1maras dentro de los alojamientos.<!--more--><\/p>\n<p>La reuni\u00f3n \u00a0-que fue la segunda desde que se inici\u00f3 el foro- estuvo encabezada por la autora del proyecto inicial, la concejal bruerista Valeria Amendolara y sus compa\u00f1eros de bancada Julia Larcam\u00f3n y Gustavo Luzardo, en tanto por la oposici\u00f3n estuvo el edil por la UCR, Fernando Gando.<\/p>\n<p>El Municipio estuvo representado por el subsecretario de Servicios P\u00fablicos, \u00e1rea desde donde se atiende la problem\u00e1tica de los consumidores, Roberto Daoud. Al encuentro asistieron adem\u00e1s representantes de la Direcci\u00f3n de Asuntos Universitarios; la Oficina Municipal de Inquilinos, la UNLP, pensionistas y due\u00f1os de pensiones.<\/p>\n<p>Uno de los puntos salientes incorporados en el debate fue la obligatoriedad de realizar un contrato entre las partes que, se indic\u00f3, \u201cser\u00e1 gratuito para el pensionista\u201d. Este contrato, que podr\u00e1 renovarse \u201clas veces que fuera necesario\u201d, deber\u00e1 estipular el tiempo de ocupaci\u00f3n, el precio a pagar y los gastos extra.<\/p>\n<p>Tambi\u00e9n se estableci\u00f3 la incorporaci\u00f3n del pago de un dep\u00f3sito correspondiente al valor de un mes de renta, que podr\u00e1 pagarse en efectivo o en forma de pagares \u201cpero en ning\u00fan caso podr\u00e1 ser superior a un mes de alquiler\u201d.<\/p>\n<p>\u201cQuedan establecidas en la nueva normativa cuestiones relativas a la privacidad del pensionista. No se podr\u00e1n revisar ni los cuartos ni sus pertenencias sin autorizaci\u00f3n, ni retener los bienes personales bajo ninguna raz\u00f3n\u201d explic\u00f3 Valeria Amendolara quien agreg\u00f3 que \u201cbajo ninguna circunstancia se permitir\u00e1n las c\u00e1maras de seguridad en lugares que no sean los ingresos y egresos\u201d.<\/p>\n<p>Tambi\u00e9n se acord\u00f3 un listado de pensiones habilitadas que ser\u00e1 difundido por el Municipio.<\/p>\n","protected":false},"excerpt":{"rendered":"<p>LA PLATA &#8211; En medio de un debate por momentos \u00e1spero, el Foro conformado para regular el funcionamiento de las pensiones universitarias de La Plata avanz\u00f3 en la definici\u00f3n de algunos art\u00edculos vinculados a la privacidad de los pensionistas y las exigencias de los propietarios respecto de los dep\u00f3sitos, al tiempo que se acord\u00f3 la obligatoriedad de suscribir contratos legalizados [&#8230;]<\/p>\n","protected":false},"author":4,"featured_media":0,"comment_status":"open","ping_status":"open","sticky":false,"template":"","format":"standard","meta":{"_jetpack_newsletter_access":"","_jetpack_dont_email_post_to_subs":false,"_jetpack_newsletter_tier_id":0,"_jetpack_memberships_contains_paywalled_content":false,"_jetpack_memberships_contains_paid_content":false,"footnotes":""},"categories":[1],"tags":[],"class_list":["post-1189","post","type-post","status-publish","format-standard","hentry","category-sociedad"],"jetpack_featured_media_url":"","jetpack_shortlink":"https:\/\/wp.me\/p2JWE0-jb","jetpack-related-posts":[{"id":95237,"url":"https:\/\/www.24baires.com\/?p=95237","url_meta":{"origin":1189,"position":0},"title":"Marcha atr\u00e1s: el Gobierno ratific\u00f3 que restituir\u00e1 las pensiones por discapacidad","author":"GB","date":"15\/06\/2017","format":false,"excerpt":"La diputada Gabriela Troiano indic\u00f3 que la ministra de Desarrollo Social, Carolina Stanley, \"en el d\u00eda de hoy me vuelve a ratificar que se va a dar la restituci\u00f3n autom\u00e1tica de las pensiones no contributivas para las personas con discapacidad\". La vicepresidenta de la comisi\u00f3n de Discapacidad de la C\u00e1mara\u2026","rel":"","context":"En \u00abPol\u00edtica\u00bb","block_context":{"text":"Pol\u00edtica","link":"https:\/\/www.24baires.com\/?cat=51"},"img":{"alt_text":"","src":"https:\/\/i0.wp.com\/www.24baires.com\/wp-content\/uploads\/2017\/06\/fiscal-Vedia.jpg?resize=350%2C200","width":350,"height":200,"srcset":"https:\/\/i0.wp.com\/www.24baires.com\/wp-content\/uploads\/2017\/06\/fiscal-Vedia.jpg?resize=350%2C200 1x, https:\/\/i0.wp.com\/www.24baires.com\/wp-content\/uploads\/2017\/06\/fiscal-Vedia.jpg?resize=525%2C300 1.5x"},"classes":[]},{"id":120274,"url":"https:\/\/www.24baires.com\/?p=120274","url_meta":{"origin":1189,"position":1},"title":"Massa y Raverta anunciaron nuevos cr\u00e9ditos de hasta $400 mil para jubilados y pensionados","author":"AF","date":"11\/07\/2023","format":false,"excerpt":"El ministro de Econom\u00eda y la directora ejecutiva de Anses anunciaron nuevos cr\u00e9ditos de ese organismo de hasta $ 400.000 para jubilados y pensionados, con una Tasa Nominal Actual del 29%, la m\u00e1s baja del mercado. En todas las prestaciones se mantiene la posibilidad de seleccionar la devoluci\u00f3n en 24,\u2026","rel":"","context":"En \u00abSociedad\u00bb","block_context":{"text":"Sociedad","link":"https:\/\/www.24baires.com\/?cat=1"},"img":{"alt_text":"","src":"https:\/\/i0.wp.com\/www.24baires.com\/wp-content\/uploads\/2023\/07\/WhatsApp-Image-2023-07-11-at-19.38.56.jpeg?resize=350%2C200","width":350,"height":200,"srcset":"https:\/\/i0.wp.com\/www.24baires.com\/wp-content\/uploads\/2023\/07\/WhatsApp-Image-2023-07-11-at-19.38.56.jpeg?resize=350%2C200 1x, https:\/\/i0.wp.com\/www.24baires.com\/wp-content\/uploads\/2023\/07\/WhatsApp-Image-2023-07-11-at-19.38.56.jpeg?resize=525%2C300 1.5x, https:\/\/i0.wp.com\/www.24baires.com\/wp-content\/uploads\/2023\/07\/WhatsApp-Image-2023-07-11-at-19.38.56.jpeg?resize=700%2C400 2x"},"classes":[]},{"id":97368,"url":"https:\/\/www.24baires.com\/?p=97368","url_meta":{"origin":1189,"position":2},"title":"El Gobierno fren\u00f3 el fallo que lo obligaba a restablecer las pensiones por invalidez","author":"GB","date":"12\/09\/2017","format":false,"excerpt":"Tras el contundente rechazo que gener\u00f3 la baja de 170 mil pensiones, el Gobierno hab\u00eda prometido restablecer ese derecho, aunque todav\u00eda hab\u00eda m\u00e1s de 100 mil casos en los que no hab\u00eda sucedido a pesar del fallo de la Justicia a favor de los damnificados. Sin embargo, el Ejecutivo apel\u00f3\u2026","rel":"","context":"En \u00abSociedad\u00bb","block_context":{"text":"Sociedad","link":"https:\/\/www.24baires.com\/?cat=1"},"img":{"alt_text":"","src":"https:\/\/i0.wp.com\/www.24baires.com\/wp-content\/uploads\/2017\/06\/discapacitados.jpg?resize=350%2C200","width":350,"height":200,"srcset":"https:\/\/i0.wp.com\/www.24baires.com\/wp-content\/uploads\/2017\/06\/discapacitados.jpg?resize=350%2C200 1x, https:\/\/i0.wp.com\/www.24baires.com\/wp-content\/uploads\/2017\/06\/discapacitados.jpg?resize=525%2C300 1.5x"},"classes":[]},{"id":98703,"url":"https:\/\/www.24baires.com\/?p=98703","url_meta":{"origin":1189,"position":3},"title":"La Justicia reiter\u00f3 que el Gobierno debe devolver las pensiones por discapacidad","author":"GB","date":"13\/11\/2017","format":false,"excerpt":"La C\u00e1mara Nacional de Seguridad Social rechaz\u00f3 la medida de apelaci\u00f3n impulsada por el Ministerio de Carolina Stanley. La Sala II de la C\u00e1mara Nacional de la Seguridad Social decidi\u00f3 rechazar la medida de apelaci\u00f3n que inici\u00f3 el Ministerio de Desarrollo Social, a cargo de Carolina Stanley, contra una medida\u2026","rel":"","context":"En \u00abPol\u00edtica\u00bb","block_context":{"text":"Pol\u00edtica","link":"https:\/\/www.24baires.com\/?cat=51"},"img":{"alt_text":"","src":"https:\/\/i0.wp.com\/www.24baires.com\/wp-content\/uploads\/2017\/09\/pensiones-discapacidad.jpg?resize=350%2C200","width":350,"height":200,"srcset":"https:\/\/i0.wp.com\/www.24baires.com\/wp-content\/uploads\/2017\/09\/pensiones-discapacidad.jpg?resize=350%2C200 1x, https:\/\/i0.wp.com\/www.24baires.com\/wp-content\/uploads\/2017\/09\/pensiones-discapacidad.jpg?resize=525%2C300 1.5x"},"classes":[]},{"id":97591,"url":"https:\/\/www.24baires.com\/?p=97591","url_meta":{"origin":1189,"position":4},"title":"El Gobierno reafirma su postura y presenta un escrito para evitar pagar pensiones","author":"GB","date":"21\/09\/2017","format":false,"excerpt":"Luego de haber apelado a la cautelar que dict\u00f3 la C\u00e1mara de Apelaciones, el Ejecutivo present\u00f3 un nuevo escrito para dilatar el cumplimiento de la decisi\u00f3n tomada por la Justicia. Desde la Red por Personas con Discapacidad exigen que se establezca un plazo de 48 horas para su cumplimiento \u201cbajo\u2026","rel":"","context":"En \u00abPol\u00edtica\u00bb","block_context":{"text":"Pol\u00edtica","link":"https:\/\/www.24baires.com\/?cat=51"},"img":{"alt_text":"","src":"https:\/\/i0.wp.com\/www.24baires.com\/wp-content\/uploads\/2017\/09\/pensiones-discapacidad.jpg?resize=350%2C200","width":350,"height":200,"srcset":"https:\/\/i0.wp.com\/www.24baires.com\/wp-content\/uploads\/2017\/09\/pensiones-discapacidad.jpg?resize=350%2C200 1x, https:\/\/i0.wp.com\/www.24baires.com\/wp-content\/uploads\/2017\/09\/pensiones-discapacidad.jpg?resize=525%2C300 1.5x"},"classes":[]},{"id":116961,"url":"https:\/\/www.24baires.com\/?p=116961","url_meta":{"origin":1189,"position":5},"title":"Diputados transform\u00f3 en ley la nueva f\u00f3rmula de movilidad jubilatoria","author":"GB","date":"30\/12\/2020","format":false,"excerpt":"Con 132 votos a favor y 119 rechazos, se aprob\u00f3 el nuevo mecanismo para calcular los haberes previsionales. La C\u00e1mara de Diputados sancion\u00f3 la nueva f\u00f3rmula con la que se dar\u00e1 la movilidad de las jubilaciones y pensiones durante el 2021, con 132 votos a favor, en tanto que fueron\u2026","rel":"","context":"En \u00abPol\u00edtica\u00bb","block_context":{"text":"Pol\u00edtica","link":"https:\/\/www.24baires.com\/?cat=51"},"img":{"alt_text":"","src":"https:\/\/i0.wp.com\/www.24baires.com\/wp-content\/uploads\/2020\/05\/diputados-virtual.jpg?resize=350%2C200","width":350,"height":200,"srcset":"https:\/\/i0.wp.com\/www.24baires.com\/wp-content\/uploads\/2020\/05\/diputados-virtual.jpg?resize=350%2C200 1x, https:\/\/i0.wp.com\/www.24baires.com\/wp-content\/uploads\/2020\/05\/diputados-virtual.jpg?resize=525%2C300 1.5x"},"classes":[]}],"jetpack_sharing_enabled":true,"jetpack_likes_enabled":true,"_links":{"self":[{"href":"https:\/\/www.24baires.com\/index.php?rest_route=\/wp\/v2\/posts\/1189","targetHints":{"allow":["GET"]}}],"collection":[{"href":"https:\/\/www.24baires.com\/index.php?rest_route=\/wp\/v2\/posts"}],"about":[{"href":"https:\/\/www.24baires.com\/index.php?rest_route=\/wp\/v2\/types\/post"}],"author":[{"embeddable":true,"href":"https:\/\/www.24baires.com\/index.php?rest_route=\/wp\/v2\/users\/4"}],"replies":[{"embeddable":true,"href":"https:\/\/www.24baires.com\/index.php?rest_route=%2Fwp%2Fv2%2Fcomments&post=1189"}],"version-history":[{"count":0,"href":"https:\/\/www.24baires.com\/index.php?rest_route=\/wp\/v2\/posts\/1189\/revisions"}],"wp:attachment":[{"href":"https:\/\/www.24baires.com\/index.php?rest_route=%2Fwp%2Fv2%2Fmedia&parent=1189"}],"wp:term":[{"taxonomy":"category","embeddable":true,"href":"https:\/\/www.24baires.com\/index.php?rest_route=%2Fwp%2Fv2%2Fcategories&post=1189"},{"taxonomy":"post_tag","embeddable":true,"href":"https:\/\/www.24baires.com\/index.php?rest_route=%2Fwp%2Fv2%2Ftags&post=1189"}],"curies":[{"name":"wp","href":"https:\/\/api.w.org\/{rel}","templated":true}]}}