{"id":118870,"date":"2022-05-17T20:36:51","date_gmt":"2022-05-17T23:36:51","guid":{"rendered":"http:\/\/www.24baires.com\/?p=118870"},"modified":"2022-05-17T20:36:51","modified_gmt":"2022-05-17T23:36:51","slug":"kicillof-anuncio-que-volvera-a-funcionar-el-autodromo-juan-manuel-fangio","status":"publish","type":"post","link":"https:\/\/www.24baires.com\/?p=118870","title":{"rendered":"Kicillof anunci\u00f3 que volver\u00e1 a funcionar el aut\u00f3dromo Juan Manuel Fangio"},"content":{"rendered":"<p><img data-recalc-dims=\"1\" loading=\"lazy\" decoding=\"async\" class=\"aligncenter wp-image-118872\" src=\"https:\/\/i0.wp.com\/www.24baires.com\/wp-content\/uploads\/2022\/05\/6283ecdac8782_900.jpg?resize=720%2C405\" alt=\"\" width=\"720\" height=\"405\" srcset=\"https:\/\/i0.wp.com\/www.24baires.com\/wp-content\/uploads\/2022\/05\/6283ecdac8782_900.jpg?w=900&amp;ssl=1 900w, https:\/\/i0.wp.com\/www.24baires.com\/wp-content\/uploads\/2022\/05\/6283ecdac8782_900.jpg?resize=300%2C169&amp;ssl=1 300w, https:\/\/i0.wp.com\/www.24baires.com\/wp-content\/uploads\/2022\/05\/6283ecdac8782_900.jpg?resize=768%2C432&amp;ssl=1 768w\" sizes=\"auto, (max-width: 720px) 100vw, 720px\" \/>\u00abHay un compromiso de la provincia de Buenos Aires y de las autoridades del \u00e1rea de Deportes para ayudar a que el aut\u00f3dromo vuelva a funcionar\u00bb, expuso el mandatario en la ciudad bonaerense donde adem\u00e1s encabez\u00f3 un acto de otorgamiento de escrituras y patrulleros.<!--more--><\/p>\n<p>El gobernador de la provincia de Buenos Aires, Axel Kicillof, anunci\u00f3 este martes que su administraci\u00f3n coordinar\u00e1 con el municipio de Balcarce la realizaci\u00f3n de las obras necesarias para que el aut\u00f3dromo Juan Manuel Fangio vuelva a estar habilitado para carreras de automovilismo.<\/p>\n<p>En ese distrito, el gobernador entreg\u00f3 este martes pasaportes multimodales para personas con discapacidad, trasplantados o en lista de espera y luego encabez\u00f3 un acto de otorgamiento de escrituras y patrulleros.<\/p>\n<p>El aut\u00f3dromo Juan Manuel Fangio qued\u00f3 desafectado en 2011 tras el tr\u00e1gico accidente en donde perdi\u00f3 la vida el piloto Guido Falaschi, el 13 de noviembre de ese a\u00f1o, y si bien hace a\u00f1os se realizan obras de recuperaci\u00f3n progresiva y puesta en valor, como construcci\u00f3n de paredones, entubamiento del circuito y otras modificaciones, el trabajo a\u00fan no finaliz\u00f3.<\/p>\n<p>Se trata de un circuito de automovilismo que lleva el nombre del destacado piloto argentino, qu\u00edntuple campe\u00f3n mundial de F\u00f3rmula 1, nacido en Balcarce, trazado que se encuentra ubicado a pocas cuadras del centro de la ciudad, enclavado en la ladera noroeste de la Sierra \u201cLa Barrosa\u201d.<\/p>\n<p>El aut\u00f3dromo -que contiene curvas r\u00e1pidas, horquillas, puentes, chicanas, rectas din\u00e1micas y continuos cambios de nivel- brinda un marco natural a las carreras por su lugar de emplazamiento, lo que permite ver las competencias desde la ladera de la sierra y apreciar toda la ciudad desde ese punto panor\u00e1mico.<\/p>\n","protected":false},"excerpt":{"rendered":"<p>\u00abHay un compromiso de la provincia de Buenos Aires y de las autoridades del \u00e1rea de Deportes para ayudar a que el aut\u00f3dromo vuelva a funcionar\u00bb, expuso el mandatario en la ciudad bonaerense donde adem\u00e1s encabez\u00f3 un acto de otorgamiento de escrituras y patrulleros.<\/p>\n","protected":false},"author":4,"featured_media":0,"comment_status":"open","ping_status":"closed","sticky":false,"template":"","format":"standard","meta":{"_jetpack_newsletter_access":"","_jetpack_dont_email_post_to_subs":false,"_jetpack_newsletter_tier_id":0,"_jetpack_memberships_contains_paywalled_content":false,"_jetpack_memberships_contains_paid_content":false,"footnotes":""},"categories":[40],"tags":[],"class_list":["post-118870","post","type-post","status-publish","format-standard","hentry","category-provincia"],"jetpack_shortlink":"https:\/\/wp.me\/p2JWE0-uVg","jetpack-related-posts":[{"id":13341,"url":"https:\/\/www.24baires.com\/?p=13341","url_meta":{"origin":118870,"position":0},"title":"Crotto inaugur\u00f3 un mirador tur\u00edstico en La Barrosa y aparecieron pintadas de los vecinos","author":"Grupo Sierra","date":"23\/01\/2013","format":false,"excerpt":"BALCARCE.- El secretario de Turismo, Ignacio Crotto, encabez\u00f3 la inauguraci\u00f3n de un mirador tur\u00edstico, en Balcarce, ubicado en la sierra La Barrosa, junto al intendente Jos\u00e9 Enrique Echeverr\u00eda, y visit\u00f3 adem\u00e1s la oficina de Turismo local. Enseguida aparecieron leyendas diciendo \u201cPor Favor Asfalten\u201d. Las pintadas se efectuaron en la madrugada\u2026","rel":"","context":"En \u00abLocales\u00bb","block_context":{"text":"Locales","link":"https:\/\/www.24baires.com\/?cat=38"},"img":{"alt_text":"LA BARROSA ACTO","src":"https:\/\/i0.wp.com\/www.24baires.com\/wp-content\/uploads\/2013\/01\/LA-BARROSA-ACTO-300x191.jpg?resize=350%2C200","width":350,"height":200},"classes":[]},{"id":15848,"url":"https:\/\/www.24baires.com\/?p=15848","url_meta":{"origin":118870,"position":1},"title":"Balcarce: entregan los premios \u201cJuan Manuel Bordeu\u201d a pilotos","author":"AF","date":"16\/02\/2013","format":false,"excerpt":"El titular de la Fundaci\u00f3n \u201cJuan Manuel Fangio\u201d record\u00f3 a Roberto Mouras quien muri\u00f3 en una competencia en 1992, el mismo d\u00eda que hab\u00eda donado su auto campe\u00f3n al museo local.\u00a0 En el marco de la 21\u00b0 Fiesta Nacional del Automovilismo que se realiza en Balcarce, el Museo Juan Manuel\u2026","rel":"","context":"En \u00abLocales\u00bb","block_context":{"text":"Locales","link":"https:\/\/www.24baires.com\/?cat=38"},"img":{"alt_text":"","src":"","width":0,"height":0},"classes":[]},{"id":122052,"url":"https:\/\/www.24baires.com\/?p=122052","url_meta":{"origin":118870,"position":2},"title":"Kicillof anunci\u00f3 un aumento salarial para Polic\u00eda y Fuerzas de Seguridad","author":"GB","date":"12\/02\/2025","format":false,"excerpt":"El Gobierno bonaerense dispuso un incremento del 9%, en sinton\u00eda con el otorgado a los trabajadores estatales. El Gobierno provincial anunci\u00f3 un incremento salarial escalonado del 9% para el personal policial, con subas del 7% en febrero y 2% en marzo; suma similar a la acordada con los trabajadores de\u2026","rel":"","context":"En \u00abProvincia\u00bb","block_context":{"text":"Provincia","link":"https:\/\/www.24baires.com\/?cat=40"},"img":{"alt_text":"","src":"https:\/\/i0.wp.com\/www.24baires.com\/wp-content\/uploads\/2025\/02\/policia-bonaerense.webp?resize=350%2C200","width":350,"height":200,"srcset":"https:\/\/i0.wp.com\/www.24baires.com\/wp-content\/uploads\/2025\/02\/policia-bonaerense.webp?resize=350%2C200 1x, https:\/\/i0.wp.com\/www.24baires.com\/wp-content\/uploads\/2025\/02\/policia-bonaerense.webp?resize=525%2C300 1.5x, https:\/\/i0.wp.com\/www.24baires.com\/wp-content\/uploads\/2025\/02\/policia-bonaerense.webp?resize=700%2C400 2x"},"classes":[]},{"id":68912,"url":"https:\/\/www.24baires.com\/?p=68912","url_meta":{"origin":118870,"position":3},"title":"Exhumar\u00e1n el cuerpo de Juan Manuel Fangio","author":"GB","date":"10\/07\/2015","format":false,"excerpt":"Una orden judicial lo autoriz\u00f3 para analizar el ADN del qu\u00edntuple campe\u00f3n de F\u00f3rmula 1 en el marco de una causa de filiaci\u00f3n. La medida, que se concretar\u00e1 en el cementerio bonaerense de Balcarce, fue dictada por el juez civil y comercial de Mar del Plata Rodrigo Cataldo, a ra\u00edz\u2026","rel":"","context":"En \u00abSociedad\u00bb","block_context":{"text":"Sociedad","link":"https:\/\/www.24baires.com\/?cat=1"},"img":{"alt_text":"fangio","src":"https:\/\/i0.wp.com\/www.24baires.com\/wp-content\/uploads\/2015\/07\/fangio.jpg?resize=350%2C200","width":350,"height":200,"srcset":"https:\/\/i0.wp.com\/www.24baires.com\/wp-content\/uploads\/2015\/07\/fangio.jpg?resize=350%2C200 1x, https:\/\/i0.wp.com\/www.24baires.com\/wp-content\/uploads\/2015\/07\/fangio.jpg?resize=525%2C300 1.5x"},"classes":[]},{"id":93499,"url":"https:\/\/www.24baires.com\/?p=93499","url_meta":{"origin":118870,"position":4},"title":"La Renga denunci\u00f3 \u00abodio y discriminaci\u00f3n\u00bb tras la suspensi\u00f3n de su show","author":"GB","date":"31\/03\/2017","format":false,"excerpt":"En un comunicado, el grupo de rock La Renga denunci\u00f3 \"las propias inseguridades (del gobierno sanjuanino) alimentadas por el odio y la desinformaci\u00f3n\" tras la suspensi\u00f3n del recital que iban a realizar en esa provincia el 29 de abril. El convocante grupo rockero argentino La Renga consider\u00f3 que la decisi\u00f3n\u2026","rel":"","context":"En \u00abEspectaculos\u00bb","block_context":{"text":"Espectaculos","link":"https:\/\/www.24baires.com\/?cat=41"},"img":{"alt_text":"","src":"https:\/\/i0.wp.com\/www.24baires.com\/wp-content\/uploads\/2017\/03\/la-renga.jpg?resize=350%2C200","width":350,"height":200,"srcset":"https:\/\/i0.wp.com\/www.24baires.com\/wp-content\/uploads\/2017\/03\/la-renga.jpg?resize=350%2C200 1x, https:\/\/i0.wp.com\/www.24baires.com\/wp-content\/uploads\/2017\/03\/la-renga.jpg?resize=525%2C300 1.5x"},"classes":[]},{"id":118742,"url":"https:\/\/www.24baires.com\/?p=118742","url_meta":{"origin":118870,"position":5},"title":"\u00abLos acuerdos del Gobierno nacional son ley y los vamos a hacer cumplir\u00bb","author":"AF","date":"12\/04\/2022","format":false,"excerpt":"El gobernador de la provincia de Buenos Aires realiz\u00f3 estas declaraciones al encabezar un acto en el municipio de Ensenada, donde adem\u00e1s asegur\u00f3 que su administraci\u00f3n lanzar\u00e1 \"un programa de relevamiento y fiscalizaci\u00f3n de precios de las canastas\". El gobernador de la provincia de Buenos Aires, Axel Kicillof, asegur\u00f3 este\u2026","rel":"","context":"En \u00abProvincia\u00bb","block_context":{"text":"Provincia","link":"https:\/\/www.24baires.com\/?cat=40"},"img":{"alt_text":"","src":"https:\/\/i0.wp.com\/www.24baires.com\/wp-content\/uploads\/2021\/02\/kici-vacuna.jpeg?resize=350%2C200","width":350,"height":200,"srcset":"https:\/\/i0.wp.com\/www.24baires.com\/wp-content\/uploads\/2021\/02\/kici-vacuna.jpeg?resize=350%2C200 1x, https:\/\/i0.wp.com\/www.24baires.com\/wp-content\/uploads\/2021\/02\/kici-vacuna.jpeg?resize=525%2C300 1.5x"},"classes":[]}],"jetpack_sharing_enabled":true,"jetpack_likes_enabled":true,"jetpack_featured_media_url":"","_links":{"self":[{"href":"https:\/\/www.24baires.com\/index.php?rest_route=\/wp\/v2\/posts\/118870","targetHints":{"allow":["GET"]}}],"collection":[{"href":"https:\/\/www.24baires.com\/index.php?rest_route=\/wp\/v2\/posts"}],"about":[{"href":"https:\/\/www.24baires.com\/index.php?rest_route=\/wp\/v2\/types\/post"}],"author":[{"embeddable":true,"href":"https:\/\/www.24baires.com\/index.php?rest_route=\/wp\/v2\/users\/4"}],"replies":[{"embeddable":true,"href":"https:\/\/www.24baires.com\/index.php?rest_route=%2Fwp%2Fv2%2Fcomments&post=118870"}],"version-history":[{"count":1,"href":"https:\/\/www.24baires.com\/index.php?rest_route=\/wp\/v2\/posts\/118870\/revisions"}],"predecessor-version":[{"id":118873,"href":"https:\/\/www.24baires.com\/index.php?rest_route=\/wp\/v2\/posts\/118870\/revisions\/118873"}],"wp:attachment":[{"href":"https:\/\/www.24baires.com\/index.php?rest_route=%2Fwp%2Fv2%2Fmedia&parent=118870"}],"wp:term":[{"taxonomy":"category","embeddable":true,"href":"https:\/\/www.24baires.com\/index.php?rest_route=%2Fwp%2Fv2%2Fcategories&post=118870"},{"taxonomy":"post_tag","embeddable":true,"href":"https:\/\/www.24baires.com\/index.php?rest_route=%2Fwp%2Fv2%2Ftags&post=118870"}],"curies":[{"name":"wp","href":"https:\/\/api.w.org\/{rel}","templated":true}]}}