{"id":118856,"date":"2022-05-13T12:21:03","date_gmt":"2022-05-13T15:21:03","guid":{"rendered":"http:\/\/www.24baires.com\/?p=118856"},"modified":"2022-05-13T12:21:03","modified_gmt":"2022-05-13T15:21:03","slug":"abril-dejo-un-6-de-inflacion-segun-cifras-del-indec","status":"publish","type":"post","link":"https:\/\/www.24baires.com\/?p=118856","title":{"rendered":"Abril dej\u00f3 un 6% de inflaci\u00f3n, seg\u00fan cifras del Indec"},"content":{"rendered":"<p><img data-recalc-dims=\"1\" loading=\"lazy\" decoding=\"async\" class=\"aligncenter wp-image-118728\" src=\"https:\/\/i0.wp.com\/www.24baires.com\/wp-content\/uploads\/2022\/04\/61b8c911edf0c_900.jpg?resize=720%2C405\" alt=\"\" width=\"720\" height=\"405\" srcset=\"https:\/\/i0.wp.com\/www.24baires.com\/wp-content\/uploads\/2022\/04\/61b8c911edf0c_900.jpg?w=900&amp;ssl=1 900w, https:\/\/i0.wp.com\/www.24baires.com\/wp-content\/uploads\/2022\/04\/61b8c911edf0c_900.jpg?resize=300%2C169&amp;ssl=1 300w, https:\/\/i0.wp.com\/www.24baires.com\/wp-content\/uploads\/2022\/04\/61b8c911edf0c_900.jpg?resize=768%2C432&amp;ssl=1 768w\" sizes=\"auto, (max-width: 720px) 100vw, 720px\" \/>El Instituto Nacional de Censo y Estad\u00edstica (INDEC), dio a conocer el \u00edndice de inflaci\u00f3n correspondiente al mes de abril, y ya acumula un escandaloso 58% de aumento interanual.<!--more--><\/p>\n<p>El Instituto Nacional de Censo y Estad\u00edstica (INDEC), inform\u00f3 que el \u00edndice de inflaci\u00f3n correspondiente al mes de abril fue del 6% , y con esto, acumula un 21,3% en lo que va del a\u00f1o, una cifra escandalosa para el bolsillo de los argentinos y las argentinas.<\/p>\n<p>En ese sentido, la inflaci\u00f3n interanual ya acumula un 58%, mientras que los sectores m\u00e1s afectados en el mes de abril fueron las Prendas de vestir y calzado (9,9%), seguida de Restaurantes y hoteles (7,3%) y Salud (6,4%), en el cual incidi\u00f3 en buena medida el aumento de la cuota de la medicina prepaga.<\/p>\n<p>Asimismo, los alimentos y bebidas no alcoh\u00f3licas tuvieron un aumento del 5,9%, y acumulan un 62% de inflaci\u00f3n interanual. En ese sentido, desde el INDEC informaron que en este sector, el aumento fue el que tuvo la mayor incidencia en todas las regiones.<\/p>\n<p>\u201cDentro de esta divisi\u00f3n se destac\u00f3 el aumento de Carnes y derivados; Pan y cereales; y Leche, productos l\u00e1cteos y huevos, por ser los que m\u00e1s incidencia tuvieron este mes. En el otro extremo, Frutas y Verduras, tub\u00e9rculos y legumbres estuvieron entre los de menor incidencia, con ca\u00eddas incluso en algunas regiones en este \u00faltimo caso\u201d comunic\u00f3 el Organismo.<\/p>\n<p>Recordemos que en el d\u00eda de ayer se dio a conocer el \u00edndice de salarios del mes de marzo, el cual aument\u00f3 7,4% en marzo de 2022 respecto de febrero y acumul\u00f3 un alza de 14,9% en el primer trimestre.<\/p>\n","protected":false},"excerpt":{"rendered":"<p>El Instituto Nacional de Censo y Estad\u00edstica (INDEC), dio a conocer el \u00edndice de inflaci\u00f3n correspondiente al mes de abril, y ya acumula un escandaloso 58% de aumento interanual.<\/p>\n","protected":false},"author":8,"featured_media":0,"comment_status":"open","ping_status":"closed","sticky":false,"template":"","format":"standard","meta":{"_jetpack_newsletter_access":"","_jetpack_dont_email_post_to_subs":false,"_jetpack_newsletter_tier_id":0,"_jetpack_memberships_contains_paywalled_content":false,"_jetpack_memberships_contains_paid_content":false,"footnotes":""},"categories":[45],"tags":[],"class_list":["post-118856","post","type-post","status-publish","format-standard","hentry","category-economia"],"jetpack_featured_media_url":"","jetpack_shortlink":"https:\/\/wp.me\/p2JWE0-uV2","jetpack-related-posts":[{"id":120096,"url":"https:\/\/www.24baires.com\/?p=120096","url_meta":{"origin":118856,"position":0},"title":"La inflaci\u00f3n de abril fue del 8,4% y acumula un 108,8% interanual","author":"AF","date":"12\/05\/2023","format":false,"excerpt":"Los datos brindados por el Instituto Nacional de Estad\u00edstica y Censos indican que la inflaci\u00f3n acumula un aumento del 32% en el primer cuatrimestre del a\u00f1o. El \u00cdndice de Precios al Consumidor (IPC-Costo de Vida) subi\u00f3 8,4% en abril, impulsado por los rubros Alimentos y Bebidas, junto con Indumentaria y\u2026","rel":"","context":"En \u00abEconom\u00eda\u00bb","block_context":{"text":"Econom\u00eda","link":"https:\/\/www.24baires.com\/?cat=45"},"img":{"alt_text":"","src":"https:\/\/i0.wp.com\/www.24baires.com\/wp-content\/uploads\/2023\/03\/inflacion-aceite-precios-super-gondolas-consumo.jpg?resize=350%2C200","width":350,"height":200,"srcset":"https:\/\/i0.wp.com\/www.24baires.com\/wp-content\/uploads\/2023\/03\/inflacion-aceite-precios-super-gondolas-consumo.jpg?resize=350%2C200 1x, https:\/\/i0.wp.com\/www.24baires.com\/wp-content\/uploads\/2023\/03\/inflacion-aceite-precios-super-gondolas-consumo.jpg?resize=525%2C300 1.5x, https:\/\/i0.wp.com\/www.24baires.com\/wp-content\/uploads\/2023\/03\/inflacion-aceite-precios-super-gondolas-consumo.jpg?resize=700%2C400 2x"},"classes":[]},{"id":102158,"url":"https:\/\/www.24baires.com\/?p=102158","url_meta":{"origin":118856,"position":1},"title":"Seg\u00fan el Indec, la inflaci\u00f3n de abril fue del 2,7%","author":"AF","date":"15\/05\/2018","format":false,"excerpt":"El aumento registrado en abril se debi\u00f3 al tarifazo de servicios p\u00fablicos, el transporte y los alimentos, seg\u00fan inform\u00f3 el Instituto Nacional de Estad\u00edstica y Censos. En el primer cuatrimestre del a\u00f1o la inflaci\u00f3n minorista fue de 9,6%. Seg\u00fan el INDEC -elogiado por Mauricio Macri, Marcos Pe\u00f1a y dem\u00e1s integrantes\u2026","rel":"","context":"En \u00abEconom\u00eda\u00bb","block_context":{"text":"Econom\u00eda","link":"https:\/\/www.24baires.com\/?cat=45"},"img":{"alt_text":"","src":"https:\/\/i0.wp.com\/www.24baires.com\/wp-content\/uploads\/2013\/03\/supermercado2.jpg?resize=350%2C200","width":350,"height":200,"srcset":"https:\/\/i0.wp.com\/www.24baires.com\/wp-content\/uploads\/2013\/03\/supermercado2.jpg?resize=350%2C200 1x, https:\/\/i0.wp.com\/www.24baires.com\/wp-content\/uploads\/2013\/03\/supermercado2.jpg?resize=525%2C300 1.5x"},"classes":[]},{"id":92944,"url":"https:\/\/www.24baires.com\/?p=92944","url_meta":{"origin":118856,"position":2},"title":"La inflaci\u00f3n en febrero fue de 2,5%","author":"GB","date":"09\/03\/2017","format":false,"excerpt":"En sinton\u00eda con las mediciones privadas y la de las centrales obreras, el INDEC dio a conocer el el \u00cdndice de Precios al Consumidor (IPC). En lo que va del a\u00f1o es de 3,8%. Los rubros que m\u00e1s impactaron fueron educaci\u00f3n, que aument\u00f3 4%; y transporte y comunicaciones, que tuvieron\u2026","rel":"","context":"En \u00abEconom\u00eda\u00bb","block_context":{"text":"Econom\u00eda","link":"https:\/\/www.24baires.com\/?cat=45"},"img":{"alt_text":"","src":"https:\/\/i0.wp.com\/www.24baires.com\/wp-content\/uploads\/2016\/05\/supermercado-vac%C3%ADo-300x178.jpg?resize=350%2C200","width":350,"height":200},"classes":[]},{"id":121349,"url":"https:\/\/www.24baires.com\/?p=121349","url_meta":{"origin":118856,"position":3},"title":"En medio de la ca\u00edda del salario y el consumo, la inflaci\u00f3n de abril fue del 8,8%","author":"GB","date":"15\/05\/2024","format":false,"excerpt":"El INDEC inform\u00f3 que los precios aumentaron un 8,8% en abril, un 289,4% interanual y un 65% en el primer cuatrimestre. El Instituto Nacional de Estad\u00edsticas y Censos (INDEC) dio a conocer este martes el \u00cdndice de Precios al Consumidor (IPC) e inform\u00f3 que la inflaci\u00f3n del mes de abril\u2026","rel":"","context":"En \u00abConsumidores\u00bb","block_context":{"text":"Consumidores","link":"https:\/\/www.24baires.com\/?cat=78"},"img":{"alt_text":"","src":"https:\/\/i0.wp.com\/www.24baires.com\/wp-content\/uploads\/2024\/02\/super.jpeg?resize=350%2C200","width":350,"height":200,"srcset":"https:\/\/i0.wp.com\/www.24baires.com\/wp-content\/uploads\/2024\/02\/super.jpeg?resize=350%2C200 1x, https:\/\/i0.wp.com\/www.24baires.com\/wp-content\/uploads\/2024\/02\/super.jpeg?resize=525%2C300 1.5x, https:\/\/i0.wp.com\/www.24baires.com\/wp-content\/uploads\/2024\/02\/super.jpeg?resize=700%2C400 2x"},"classes":[]},{"id":95074,"url":"https:\/\/www.24baires.com\/?p=95074","url_meta":{"origin":118856,"position":4},"title":"INDEC: La inflaci\u00f3n de mayo fue de 1,3% y acumula 10,5% en cinco meses","author":"GB","date":"08\/06\/2017","format":false,"excerpt":"En los \u00faltimos 12 meses el alza del costo de vida trep\u00f3 al 24% y comienza a mostrar una desaceleraci\u00f3n con respesto a los meses anteriores. El IPC Congreso y la medici\u00f3n de los gremios arroj\u00f3 un aumento del 1,8%. En medio de la presi\u00f3n pol\u00edtica para que el Banco\u2026","rel":"","context":"En \u00abEconom\u00eda\u00bb","block_context":{"text":"Econom\u00eda","link":"https:\/\/www.24baires.com\/?cat=45"},"img":{"alt_text":"","src":"https:\/\/i0.wp.com\/www.24baires.com\/wp-content\/uploads\/2016\/12\/supermercado.jpg?resize=350%2C200","width":350,"height":200,"srcset":"https:\/\/i0.wp.com\/www.24baires.com\/wp-content\/uploads\/2016\/12\/supermercado.jpg?resize=350%2C200 1x, https:\/\/i0.wp.com\/www.24baires.com\/wp-content\/uploads\/2016\/12\/supermercado.jpg?resize=525%2C300 1.5x"},"classes":[]},{"id":122698,"url":"https:\/\/www.24baires.com\/?p=122698","url_meta":{"origin":118856,"position":5},"title":"La inflaci\u00f3n de octubre fue del 2,3%","author":"GB","date":"13\/11\/2025","format":false,"excerpt":"El \u00edndice marc\u00f3 el valor m\u00e1s alto desde abril. El Instituto Nacional de Estad\u00edstica y Censos (INDEC) revel\u00f3 que la inflaci\u00f3n del mes de octubre fue del 2,3%, siendo el n\u00famero m\u00e1s alto desde abril y continuando con la tendencia de aumento de los \u00faltimos meses. De esta manera, la\u2026","rel":"","context":"En \u00abEconom\u00eda\u00bb","block_context":{"text":"Econom\u00eda","link":"https:\/\/www.24baires.com\/?cat=45"},"img":{"alt_text":"","src":"https:\/\/i0.wp.com\/www.24baires.com\/wp-content\/uploads\/2023\/03\/inflacion-aceite-precios-super-gondolas-consumo.jpg?resize=350%2C200","width":350,"height":200,"srcset":"https:\/\/i0.wp.com\/www.24baires.com\/wp-content\/uploads\/2023\/03\/inflacion-aceite-precios-super-gondolas-consumo.jpg?resize=350%2C200 1x, https:\/\/i0.wp.com\/www.24baires.com\/wp-content\/uploads\/2023\/03\/inflacion-aceite-precios-super-gondolas-consumo.jpg?resize=525%2C300 1.5x, https:\/\/i0.wp.com\/www.24baires.com\/wp-content\/uploads\/2023\/03\/inflacion-aceite-precios-super-gondolas-consumo.jpg?resize=700%2C400 2x"},"classes":[]}],"jetpack_sharing_enabled":true,"jetpack_likes_enabled":true,"_links":{"self":[{"href":"https:\/\/www.24baires.com\/index.php?rest_route=\/wp\/v2\/posts\/118856","targetHints":{"allow":["GET"]}}],"collection":[{"href":"https:\/\/www.24baires.com\/index.php?rest_route=\/wp\/v2\/posts"}],"about":[{"href":"https:\/\/www.24baires.com\/index.php?rest_route=\/wp\/v2\/types\/post"}],"author":[{"embeddable":true,"href":"https:\/\/www.24baires.com\/index.php?rest_route=\/wp\/v2\/users\/8"}],"replies":[{"embeddable":true,"href":"https:\/\/www.24baires.com\/index.php?rest_route=%2Fwp%2Fv2%2Fcomments&post=118856"}],"version-history":[{"count":1,"href":"https:\/\/www.24baires.com\/index.php?rest_route=\/wp\/v2\/posts\/118856\/revisions"}],"predecessor-version":[{"id":118857,"href":"https:\/\/www.24baires.com\/index.php?rest_route=\/wp\/v2\/posts\/118856\/revisions\/118857"}],"wp:attachment":[{"href":"https:\/\/www.24baires.com\/index.php?rest_route=%2Fwp%2Fv2%2Fmedia&parent=118856"}],"wp:term":[{"taxonomy":"category","embeddable":true,"href":"https:\/\/www.24baires.com\/index.php?rest_route=%2Fwp%2Fv2%2Fcategories&post=118856"},{"taxonomy":"post_tag","embeddable":true,"href":"https:\/\/www.24baires.com\/index.php?rest_route=%2Fwp%2Fv2%2Ftags&post=118856"}],"curies":[{"name":"wp","href":"https:\/\/api.w.org\/{rel}","templated":true}]}}