{"id":118842,"date":"2022-05-10T09:57:08","date_gmt":"2022-05-10T12:57:08","guid":{"rendered":"http:\/\/www.24baires.com\/?p=118842"},"modified":"2022-05-10T09:57:08","modified_gmt":"2022-05-10T12:57:08","slug":"kicillof-anuncia-un-aumento-para-los-empleados-estatales","status":"publish","type":"post","link":"https:\/\/www.24baires.com\/?p=118842","title":{"rendered":"Kicillof anuncia un aumento para los empleados estatales"},"content":{"rendered":"<p><img data-recalc-dims=\"1\" loading=\"lazy\" decoding=\"async\" class=\"aligncenter wp-image-118525\" src=\"https:\/\/i0.wp.com\/www.24baires.com\/wp-content\/uploads\/2022\/02\/axel-kicillof-firmajpg.jpg?resize=720%2C480\" alt=\"\" width=\"720\" height=\"480\" srcset=\"https:\/\/i0.wp.com\/www.24baires.com\/wp-content\/uploads\/2022\/02\/axel-kicillof-firmajpg.jpg?resize=300%2C200&amp;ssl=1 300w, https:\/\/i0.wp.com\/www.24baires.com\/wp-content\/uploads\/2022\/02\/axel-kicillof-firmajpg.jpg?w=375&amp;ssl=1 375w\" sizes=\"auto, (max-width: 720px) 100vw, 720px\" \/>Para hacerle frente a los \u00edndices de inflaci\u00f3n actuales, los empleados estatales bonaerenses cerrar\u00edan el a\u00f1o con un considerable aumento por encima de esa l\u00ednea.<!--more--><\/p>\n<p>El gobernador de la provincia de Buenos Aires Axel Kicillof anunciar\u00e1 en las pr\u00f3ximas horas el acuerdo alcanzado con los principales gremios que nuclean a los empleados estatales bonaerenses, quienes arribar\u00edan a fin de a\u00f1o con un aumento total del 60%, lo que estar\u00eda dentro de los par\u00e1metros de conformidad expresados anteriormente por los sindicatos.<\/p>\n<p>Cabe destacar que estas negociaciones paritarias estaban previstas para el mes de septiembre, pero fueron adelantadas de com\u00fan acuerdo debido al proceso inflacionario que acontece en estos meses.<\/p>\n<p>Seg\u00fan precisaron fuentes gremiales, el aumento estar\u00eda compuesto por un 10% m\u00e1s en mayo, un 10% julio, 14% en septiembre y un 10% final diciembre. Tanto el incremento de mayo como el de diciembre son los recientemente acordados, y los que llevar\u00e1n la suba total a la l\u00ednea del 60% para fin de a\u00f1o, lo que dejar\u00eda satisfecho a todos los gremios.<\/p>\n<p>Se espera que el gobernador anuncie el resultado de estas negociaciones este martes a primera hora con un acto desde Casa de Gobierno, en donde estar\u00e1 acompa\u00f1ado por los principales referentes sindicales y titulares de los gremios que nuclean a todos los empleados estatales.<\/p>\n","protected":false},"excerpt":{"rendered":"<p>Para hacerle frente a los \u00edndices de inflaci\u00f3n actuales, los empleados estatales bonaerenses cerrar\u00edan el a\u00f1o con un considerable aumento por encima de esa l\u00ednea.<\/p>\n","protected":false},"author":8,"featured_media":0,"comment_status":"open","ping_status":"closed","sticky":false,"template":"","format":"standard","meta":{"_jetpack_newsletter_access":"","_jetpack_dont_email_post_to_subs":false,"_jetpack_newsletter_tier_id":0,"_jetpack_memberships_contains_paywalled_content":false,"_jetpack_memberships_contains_paid_content":false,"footnotes":""},"categories":[40],"tags":[],"class_list":["post-118842","post","type-post","status-publish","format-standard","hentry","category-provincia"],"jetpack_shortlink":"https:\/\/wp.me\/p2JWE0-uUO","jetpack-related-posts":[{"id":117856,"url":"https:\/\/www.24baires.com\/?p=117856","url_meta":{"origin":118842,"position":0},"title":"El Gobierno bonaerense adelantar\u00e1 una cuota de la paritaria de los estatales bonaerenses","author":"GB","date":"14\/07\/2021","format":false,"excerpt":"El gobernador de la provincia, Axel Kicillof, anticip\u00f3 el beneficio para los empleados p\u00fablicos provinciales. El gobernador bonaerense, Axel Kicillof, anunci\u00f3 este martes que se adelantar\u00e1 una cuota salarial de la paritaria, prevista para septiembre, acordada con los estatales de la provincia de Buenos Aires. \"Vengo de avisarle a los\u2026","rel":"","context":"En \u00abLocales\u00bb","block_context":{"text":"Locales","link":"https:\/\/www.24baires.com\/?cat=38"},"img":{"alt_text":"","src":"https:\/\/i0.wp.com\/www.24baires.com\/wp-content\/uploads\/2020\/04\/axel-k.jpeg?resize=350%2C200","width":350,"height":200,"srcset":"https:\/\/i0.wp.com\/www.24baires.com\/wp-content\/uploads\/2020\/04\/axel-k.jpeg?resize=350%2C200 1x, https:\/\/i0.wp.com\/www.24baires.com\/wp-content\/uploads\/2020\/04\/axel-k.jpeg?resize=525%2C300 1.5x"},"classes":[]},{"id":120434,"url":"https:\/\/www.24baires.com\/?p=120434","url_meta":{"origin":118842,"position":1},"title":"Kicillof anunci\u00f3 bono, aumento adicional y asistencia a municipios","author":"GB","date":"05\/09\/2023","format":false,"excerpt":"En el marco de las revisiones paritarias, Axel Kicillof elev\u00f3 a 25% el tramo para septiembre. Pagar\u00e1 una suma fija de $30 mil y dar\u00e1 ayuda a municipios. En el marco de las paritarias, el Gobierno bonaerense anunci\u00f3 un aumento extra del 10% para los empleados estatales y docentes correspondiente\u2026","rel":"","context":"En \u00abProvincia\u00bb","block_context":{"text":"Provincia","link":"https:\/\/www.24baires.com\/?cat=40"},"img":{"alt_text":"","src":"https:\/\/i0.wp.com\/www.24baires.com\/wp-content\/uploads\/2023\/09\/kici-min-trabajo.jpg?resize=350%2C200","width":350,"height":200,"srcset":"https:\/\/i0.wp.com\/www.24baires.com\/wp-content\/uploads\/2023\/09\/kici-min-trabajo.jpg?resize=350%2C200 1x, https:\/\/i0.wp.com\/www.24baires.com\/wp-content\/uploads\/2023\/09\/kici-min-trabajo.jpg?resize=525%2C300 1.5x, https:\/\/i0.wp.com\/www.24baires.com\/wp-content\/uploads\/2023\/09\/kici-min-trabajo.jpg?resize=700%2C400 2x"},"classes":[]},{"id":122459,"url":"https:\/\/www.24baires.com\/?p=122459","url_meta":{"origin":118842,"position":2},"title":"Los gremios estatales aceptaron la oferta salarial de la Provincia","author":"GB","date":"13\/08\/2025","format":false,"excerpt":"ATE y UPCN mostraron conformidad con el aumento del 5% en dos tramos realizado por la gesti\u00f3n de Axel Kicillof. Los gremios estatales bonaerenses nucleados en la Ley 10.430 aceptaron el aumento escalonado de 5% ofertado este martes por la Provincia en el marco de las paritarias. Se trata de\u2026","rel":"","context":"En \u00abProvincia\u00bb","block_context":{"text":"Provincia","link":"https:\/\/www.24baires.com\/?cat=40"},"img":{"alt_text":"","src":"https:\/\/i0.wp.com\/www.24baires.com\/wp-content\/uploads\/2023\/10\/paritariasjpg.webp?resize=350%2C200","width":350,"height":200,"srcset":"https:\/\/i0.wp.com\/www.24baires.com\/wp-content\/uploads\/2023\/10\/paritariasjpg.webp?resize=350%2C200 1x, https:\/\/i0.wp.com\/www.24baires.com\/wp-content\/uploads\/2023\/10\/paritariasjpg.webp?resize=525%2C300 1.5x, https:\/\/i0.wp.com\/www.24baires.com\/wp-content\/uploads\/2023\/10\/paritariasjpg.webp?resize=700%2C400 2x"},"classes":[]},{"id":118321,"url":"https:\/\/www.24baires.com\/?p=118321","url_meta":{"origin":118842,"position":3},"title":"Provincia ofreci\u00f3 a estatales un aumento acumulado de casi el 54%","author":"AF","date":"10\/12\/2021","format":false,"excerpt":"Gobierno y gremios valoraron el di\u00e1logo construido durante todo el a\u00f1o 2021 y recibieron la propuesta dentro de un proceso de recomposici\u00f3n salarial. El gobierno bonaerense de Axel Kicillof ofreci\u00f3 a los gremios estatales un incremento salarial acumulado del 53,98% que ahora ser\u00e1 puesta a consideraci\u00f3n de las bases, inform\u00f3\u2026","rel":"","context":"En \u00abProvincia\u00bb","block_context":{"text":"Provincia","link":"https:\/\/www.24baires.com\/?cat=40"},"img":{"alt_text":"","src":"https:\/\/i0.wp.com\/www.24baires.com\/wp-content\/uploads\/2021\/12\/20211210_193216.jpg?resize=350%2C200","width":350,"height":200,"srcset":"https:\/\/i0.wp.com\/www.24baires.com\/wp-content\/uploads\/2021\/12\/20211210_193216.jpg?resize=350%2C200 1x, https:\/\/i0.wp.com\/www.24baires.com\/wp-content\/uploads\/2021\/12\/20211210_193216.jpg?resize=525%2C300 1.5x"},"classes":[]},{"id":114045,"url":"https:\/\/www.24baires.com\/?p=114045","url_meta":{"origin":118842,"position":4},"title":"Kicillof convoc\u00f3 a paritaria docente","author":"AF","date":"06\/02\/2020","format":false,"excerpt":"El llamamiento surge luego de que el gobernador bonaerenses advirtiera que pagar\u00eda el reajuste salarial previsto para estos d\u00edas reci\u00e9n con los sueldos de marzo. El gobierno de la provincia de Buenos Aires convoc\u00f3 a discusiones paritarias de estatales y docentes para el lunes 10 de febrero, reuni\u00f3n que se\u2026","rel":"","context":"En \u00abSociedad\u00bb","block_context":{"text":"Sociedad","link":"https:\/\/www.24baires.com\/?cat=1"},"img":{"alt_text":"","src":"https:\/\/i0.wp.com\/www.24baires.com\/wp-content\/uploads\/2019\/12\/docentes-kicillof.jpg?resize=350%2C200","width":350,"height":200,"srcset":"https:\/\/i0.wp.com\/www.24baires.com\/wp-content\/uploads\/2019\/12\/docentes-kicillof.jpg?resize=350%2C200 1x, https:\/\/i0.wp.com\/www.24baires.com\/wp-content\/uploads\/2019\/12\/docentes-kicillof.jpg?resize=525%2C300 1.5x"},"classes":[]},{"id":121101,"url":"https:\/\/www.24baires.com\/?p=121101","url_meta":{"origin":118842,"position":5},"title":"Kicillof convoc\u00f3 a estatales tras pedido de continuar discusi\u00f3n salarial","author":"GB","date":"11\/03\/2024","format":false,"excerpt":"Tras la solicitud de ATE de retomar la negociaci\u00f3n salarial, el gobierno bonaerense convoca a mesa paritaria para este martes, en medio de preocupaciones por la inflaci\u00f3n y recortes de transferencias. El gobierno de la provincia de Buenos Aires respondi\u00f3 al pedido de la Asociaci\u00f3n de Trabajadores del Estado (ATE)\u2026","rel":"","context":"En \u00abProvincia\u00bb","block_context":{"text":"Provincia","link":"https:\/\/www.24baires.com\/?cat=40"},"img":{"alt_text":"","src":"https:\/\/i0.wp.com\/www.24baires.com\/wp-content\/uploads\/2024\/03\/paritarias-estatales.webp?resize=350%2C200","width":350,"height":200,"srcset":"https:\/\/i0.wp.com\/www.24baires.com\/wp-content\/uploads\/2024\/03\/paritarias-estatales.webp?resize=350%2C200 1x, https:\/\/i0.wp.com\/www.24baires.com\/wp-content\/uploads\/2024\/03\/paritarias-estatales.webp?resize=525%2C300 1.5x, https:\/\/i0.wp.com\/www.24baires.com\/wp-content\/uploads\/2024\/03\/paritarias-estatales.webp?resize=700%2C400 2x"},"classes":[]}],"jetpack_sharing_enabled":true,"jetpack_likes_enabled":true,"jetpack_featured_media_url":"","_links":{"self":[{"href":"https:\/\/www.24baires.com\/index.php?rest_route=\/wp\/v2\/posts\/118842","targetHints":{"allow":["GET"]}}],"collection":[{"href":"https:\/\/www.24baires.com\/index.php?rest_route=\/wp\/v2\/posts"}],"about":[{"href":"https:\/\/www.24baires.com\/index.php?rest_route=\/wp\/v2\/types\/post"}],"author":[{"embeddable":true,"href":"https:\/\/www.24baires.com\/index.php?rest_route=\/wp\/v2\/users\/8"}],"replies":[{"embeddable":true,"href":"https:\/\/www.24baires.com\/index.php?rest_route=%2Fwp%2Fv2%2Fcomments&post=118842"}],"version-history":[{"count":1,"href":"https:\/\/www.24baires.com\/index.php?rest_route=\/wp\/v2\/posts\/118842\/revisions"}],"predecessor-version":[{"id":118843,"href":"https:\/\/www.24baires.com\/index.php?rest_route=\/wp\/v2\/posts\/118842\/revisions\/118843"}],"wp:attachment":[{"href":"https:\/\/www.24baires.com\/index.php?rest_route=%2Fwp%2Fv2%2Fmedia&parent=118842"}],"wp:term":[{"taxonomy":"category","embeddable":true,"href":"https:\/\/www.24baires.com\/index.php?rest_route=%2Fwp%2Fv2%2Fcategories&post=118842"},{"taxonomy":"post_tag","embeddable":true,"href":"https:\/\/www.24baires.com\/index.php?rest_route=%2Fwp%2Fv2%2Ftags&post=118842"}],"curies":[{"name":"wp","href":"https:\/\/api.w.org\/{rel}","templated":true}]}}