{"id":118825,"date":"2022-05-05T20:34:21","date_gmt":"2022-05-05T23:34:21","guid":{"rendered":"http:\/\/www.24baires.com\/?p=118825"},"modified":"2022-05-05T20:34:21","modified_gmt":"2022-05-05T23:34:21","slug":"guzman-es-fundamental-que-crezca-el-poder-adquisitivo-de-los-salarios","status":"publish","type":"post","link":"https:\/\/www.24baires.com\/?p=118825","title":{"rendered":"Guzm\u00e1n: \u00abEs fundamental que crezca el poder adquisitivo de los salarios\u00bb"},"content":{"rendered":"<p><img data-recalc-dims=\"1\" loading=\"lazy\" decoding=\"async\" class=\"aligncenter wp-image-118826\" src=\"https:\/\/i0.wp.com\/www.24baires.com\/wp-content\/uploads\/2022\/05\/62740c120b5c9_900.jpg?resize=720%2C405\" alt=\"\" width=\"720\" height=\"405\" srcset=\"https:\/\/i0.wp.com\/www.24baires.com\/wp-content\/uploads\/2022\/05\/62740c120b5c9_900.jpg?w=900&amp;ssl=1 900w, https:\/\/i0.wp.com\/www.24baires.com\/wp-content\/uploads\/2022\/05\/62740c120b5c9_900.jpg?resize=300%2C169&amp;ssl=1 300w, https:\/\/i0.wp.com\/www.24baires.com\/wp-content\/uploads\/2022\/05\/62740c120b5c9_900.jpg?resize=768%2C432&amp;ssl=1 768w\" sizes=\"auto, (max-width: 720px) 100vw, 720px\" \/>El ministro de Econom\u00eda destac\u00f3 ante empresarios que \u00ablas pol\u00edticas de precios e ingresos que acompa\u00f1an a las de programaci\u00f3n econ\u00f3mica van en ese objetivo\u00bb. Adem\u00e1s, remarc\u00f3 \u00abla clave de cualquier programa para contener la inflaci\u00f3n es cambiar las expectativas\u00bb.<!--more--><\/p>\n<p>El ministro de Econom\u00eda, Mart\u00edn Guzm\u00e1n, asegur\u00f3 que la actividad est\u00e1 \u00abcreciendo fuertemente en 2022 y puede seguir haci\u00e9ndolo en 2023\u00bb, pero aclar\u00f3 que \u00abpara que eso ocurra hay que tener cierta racionalidad e ir administrando las restricciones y haciendo una pol\u00edtica econ\u00f3mica acorde\u00bb.<\/p>\n<p>Al participar del almuerzo organizado por el Consejo Interamericano de Comercio y Producci\u00f3n (Cicyp) en el Alvear Palace Hotel, de la ciudad de Buenos Aires, el titular del Palacio de Hacienda expuso durante 40 minutos los principales lineamientos de la gesti\u00f3n econ\u00f3mica del Gobierno, ante un auditorio compuesto por cerca de dos centenares de empresarios y directivos de firmas de primera l\u00ednea.<\/p>\n<p>\u201cArgentina viene teniendo una muy fuerte recuperaci\u00f3n econ\u00f3mica\u00bb, dijo y record\u00f3 que el a\u00f1o pasado \u00abse increment\u00f3 10,3% el PBI. El desempleo se redujo al 7% y la inversi\u00f3n creci\u00f3 33%\u00bb, dijo Guzm\u00e1n en el primer tramo de su exposici\u00f3n.<\/p>\n<p>\u201cNadie proyectaba que la recuperaci\u00f3n econ\u00f3mica iba a ser tan r\u00e1pida en la Argentina y lo hicimos solo en un a\u00f1o gracias a distintos factores, entre ellos las pol\u00edticas que desplegamos durante la pandemia que evitaron la destrucci\u00f3n del tejido productivo\u201d, subray\u00f3 el ministro.<\/p>\n","protected":false},"excerpt":{"rendered":"<p>El ministro de Econom\u00eda destac\u00f3 ante empresarios que \u00ablas pol\u00edticas de precios e ingresos que acompa\u00f1an a las de programaci\u00f3n econ\u00f3mica van en ese objetivo\u00bb. Adem\u00e1s, remarc\u00f3 \u00abla clave de cualquier programa para contener la inflaci\u00f3n es cambiar las expectativas\u00bb.<\/p>\n","protected":false},"author":4,"featured_media":0,"comment_status":"open","ping_status":"closed","sticky":false,"template":"","format":"standard","meta":{"_jetpack_newsletter_access":"","_jetpack_dont_email_post_to_subs":false,"_jetpack_newsletter_tier_id":0,"_jetpack_memberships_contains_paywalled_content":false,"_jetpack_memberships_contains_paid_content":false,"footnotes":""},"categories":[45],"tags":[],"class_list":["post-118825","post","type-post","status-publish","format-standard","hentry","category-economia"],"jetpack_featured_media_url":"","jetpack_shortlink":"https:\/\/wp.me\/p2JWE0-uUx","jetpack-related-posts":[{"id":118254,"url":"https:\/\/www.24baires.com\/?p=118254","url_meta":{"origin":118825,"position":0},"title":"Guzm\u00e1n: \u201cEstamos viviendo un proceso de recuperaci\u00f3n econ\u00f3mica muy fuerte\u201d","author":"GB","date":"25\/11\/2021","format":false,"excerpt":"Durante su exposici\u00f3n en el cierre de las Jornadas Monetarias 2021 organizadas por el Banco Central, el ministro de Econom\u00eda Mart\u00edn Guzm\u00e1n afirm\u00f3 que \u201cla econom\u00eda este a\u00f1o va a crecer m\u00e1s que el 9%\u201d. El ministro de Econom\u00eda, Mart\u00edn Guzm\u00e1n, expuso este mi\u00e9rcoles en el cierre de las \u201cJornadas\u2026","rel":"","context":"En \u00abEconom\u00eda\u00bb","block_context":{"text":"Econom\u00eda","link":"https:\/\/www.24baires.com\/?cat=45"},"img":{"alt_text":"","src":"https:\/\/i0.wp.com\/www.24baires.com\/wp-content\/uploads\/2021\/11\/guzman.jpg?resize=350%2C200","width":350,"height":200,"srcset":"https:\/\/i0.wp.com\/www.24baires.com\/wp-content\/uploads\/2021\/11\/guzman.jpg?resize=350%2C200 1x, https:\/\/i0.wp.com\/www.24baires.com\/wp-content\/uploads\/2021\/11\/guzman.jpg?resize=525%2C300 1.5x"},"classes":[]},{"id":116373,"url":"https:\/\/www.24baires.com\/?p=116373","url_meta":{"origin":118825,"position":1},"title":"Funcionarios de alto rango no podr\u00e1n comprar d\u00f3lar ahorro","author":"AF","date":"01\/10\/2020","format":false,"excerpt":"As\u00ed lo anticip\u00f3 el ministro de Econom\u00eda Mart\u00edn Guzm\u00e1n. \"Hay que generar confianza para generar ahorro en nuestra moneda\", plante\u00f3. El ministro de Econom\u00eda, Mart\u00edn Guzm\u00e1n, dijo hoy que \"no habr\u00e1\" nuevas medidas cambiarias y aclar\u00f3 que los funcionarios de alto rango no van a poder comprar d\u00f3lar ahorro. En\u2026","rel":"","context":"En \u00abSociedad\u00bb","block_context":{"text":"Sociedad","link":"https:\/\/www.24baires.com\/?cat=1"},"img":{"alt_text":"","src":"https:\/\/i0.wp.com\/www.24baires.com\/wp-content\/uploads\/2018\/04\/d%C3%B3lar.jpg?resize=350%2C200","width":350,"height":200,"srcset":"https:\/\/i0.wp.com\/www.24baires.com\/wp-content\/uploads\/2018\/04\/d%C3%B3lar.jpg?resize=350%2C200 1x, https:\/\/i0.wp.com\/www.24baires.com\/wp-content\/uploads\/2018\/04\/d%C3%B3lar.jpg?resize=525%2C300 1.5x"},"classes":[]},{"id":113313,"url":"https:\/\/www.24baires.com\/?p=113313","url_meta":{"origin":118825,"position":2},"title":"Lacunza y Guzm\u00e1n se reunieron para concluir la transici\u00f3n en Econom\u00eda","author":"AF","date":"09\/12\/2019","format":false,"excerpt":"El actual titular del Palacio de Hacienda y su sucesor se encontraron en la sede del Ministerio. \"Fue un encuentro valioso\", dijo quien asumir\u00e1 este martes. El ministro de Hacienda, Hern\u00e1n Lacunza, y su sucesor en la cartera que volver\u00e1 a llamarse Econom\u00eda, Mart\u00edn Guzm\u00e1n, se reunieron este lunes en\u2026","rel":"","context":"En \u00abProvincia\u00bb","block_context":{"text":"Provincia","link":"https:\/\/www.24baires.com\/?cat=40"},"img":{"alt_text":"","src":"https:\/\/i0.wp.com\/www.24baires.com\/wp-content\/uploads\/2018\/06\/gob-provincial.jpg?resize=350%2C200","width":350,"height":200,"srcset":"https:\/\/i0.wp.com\/www.24baires.com\/wp-content\/uploads\/2018\/06\/gob-provincial.jpg?resize=350%2C200 1x, https:\/\/i0.wp.com\/www.24baires.com\/wp-content\/uploads\/2018\/06\/gob-provincial.jpg?resize=525%2C300 1.5x"},"classes":[]},{"id":119013,"url":"https:\/\/www.24baires.com\/?p=119013","url_meta":{"origin":118825,"position":3},"title":"Guzm\u00e1n se reuni\u00f3 con empresarios para buscar consensos en la renovaci\u00f3n de Precios Cuidados","author":"AF","date":"24\/06\/2022","format":false,"excerpt":"El programa tiene prevista una renovaci\u00f3n para el pr\u00f3ximo 7 de julio. Ante los empresarios, el ministro realiz\u00f3 una presentaci\u00f3n sobre la situaci\u00f3n macroecon\u00f3mica y las perspectivas de la pol\u00edtica econ\u00f3mica para el 2022. El ministro de Econom\u00eda, Mart\u00edn Guzm\u00e1n, encabez\u00f3 en el Palacio de Hacienda una reuni\u00f3n con representantes\u2026","rel":"","context":"En \u00abEconom\u00eda\u00bb","block_context":{"text":"Econom\u00eda","link":"https:\/\/www.24baires.com\/?cat=45"},"img":{"alt_text":"","src":"https:\/\/i0.wp.com\/www.24baires.com\/wp-content\/uploads\/2022\/06\/62b651fd56efe_900.jpg?resize=350%2C200","width":350,"height":200,"srcset":"https:\/\/i0.wp.com\/www.24baires.com\/wp-content\/uploads\/2022\/06\/62b651fd56efe_900.jpg?resize=350%2C200 1x, https:\/\/i0.wp.com\/www.24baires.com\/wp-content\/uploads\/2022\/06\/62b651fd56efe_900.jpg?resize=525%2C300 1.5x, https:\/\/i0.wp.com\/www.24baires.com\/wp-content\/uploads\/2022\/06\/62b651fd56efe_900.jpg?resize=700%2C400 2x"},"classes":[]},{"id":117229,"url":"https:\/\/www.24baires.com\/?p=117229","url_meta":{"origin":118825,"position":4},"title":"Guzm\u00e1n: \u00abNo hay que pasarse de largo con la emisi\u00f3n monetaria\u00bb","author":"GB","date":"24\/02\/2021","format":false,"excerpt":"El ministro de Econom\u00eda, Mart\u00edn Guzm\u00e1n, habl\u00f3 sobre la situaci\u00f3n del pa\u00eds en torno a la pol\u00edtica fiscal y emisi\u00f3n monetaria. El ministro de Econom\u00eda, Mart\u00edn Guzm\u00e1n, habl\u00f3 en el marco de la gira que realiza junto con el presidente, Alberto Fern\u00e1ndez, por M\u00e9xico frente a un grupo de empresarios.\u2026","rel":"","context":"En \u00abEconom\u00eda\u00bb","block_context":{"text":"Econom\u00eda","link":"https:\/\/www.24baires.com\/?cat=45"},"img":{"alt_text":"","src":"https:\/\/i0.wp.com\/www.24baires.com\/wp-content\/uploads\/2021\/02\/guzman-hablo-la-emision-monetaria-y-las-tareas-bajar-los-precios-300x200.jpg?resize=350%2C200","width":350,"height":200},"classes":[]},{"id":119049,"url":"https:\/\/www.24baires.com\/?p=119049","url_meta":{"origin":118825,"position":5},"title":"Silvina Batakis es la nueva Ministra de Econom\u00eda","author":"GB","date":"04\/07\/2022","format":false,"excerpt":"Tras largas horas de negociaciones, el presidente Alberto Fern\u00e1ndez design\u00f3 a Batakis en reemplazo de Mart\u00edn Guzm\u00e1n La nueva ministra de Econom\u00eda ser\u00e1 Silvina Batakis confirmaron este domingo fuentes oficiales, luego de intensas negociaciones de los diferentes espacios que integran el Frente de Todos (FdT) en el marco de cambios\u2026","rel":"","context":"En \u00abEconom\u00eda\u00bb","block_context":{"text":"Econom\u00eda","link":"https:\/\/www.24baires.com\/?cat=45"},"img":{"alt_text":"","src":"https:\/\/i0.wp.com\/www.24baires.com\/wp-content\/uploads\/2022\/07\/batakis.jpg?resize=350%2C200","width":350,"height":200,"srcset":"https:\/\/i0.wp.com\/www.24baires.com\/wp-content\/uploads\/2022\/07\/batakis.jpg?resize=350%2C200 1x, https:\/\/i0.wp.com\/www.24baires.com\/wp-content\/uploads\/2022\/07\/batakis.jpg?resize=525%2C300 1.5x, https:\/\/i0.wp.com\/www.24baires.com\/wp-content\/uploads\/2022\/07\/batakis.jpg?resize=700%2C400 2x"},"classes":[]}],"jetpack_sharing_enabled":true,"jetpack_likes_enabled":true,"_links":{"self":[{"href":"https:\/\/www.24baires.com\/index.php?rest_route=\/wp\/v2\/posts\/118825","targetHints":{"allow":["GET"]}}],"collection":[{"href":"https:\/\/www.24baires.com\/index.php?rest_route=\/wp\/v2\/posts"}],"about":[{"href":"https:\/\/www.24baires.com\/index.php?rest_route=\/wp\/v2\/types\/post"}],"author":[{"embeddable":true,"href":"https:\/\/www.24baires.com\/index.php?rest_route=\/wp\/v2\/users\/4"}],"replies":[{"embeddable":true,"href":"https:\/\/www.24baires.com\/index.php?rest_route=%2Fwp%2Fv2%2Fcomments&post=118825"}],"version-history":[{"count":1,"href":"https:\/\/www.24baires.com\/index.php?rest_route=\/wp\/v2\/posts\/118825\/revisions"}],"predecessor-version":[{"id":118827,"href":"https:\/\/www.24baires.com\/index.php?rest_route=\/wp\/v2\/posts\/118825\/revisions\/118827"}],"wp:attachment":[{"href":"https:\/\/www.24baires.com\/index.php?rest_route=%2Fwp%2Fv2%2Fmedia&parent=118825"}],"wp:term":[{"taxonomy":"category","embeddable":true,"href":"https:\/\/www.24baires.com\/index.php?rest_route=%2Fwp%2Fv2%2Fcategories&post=118825"},{"taxonomy":"post_tag","embeddable":true,"href":"https:\/\/www.24baires.com\/index.php?rest_route=%2Fwp%2Fv2%2Ftags&post=118825"}],"curies":[{"name":"wp","href":"https:\/\/api.w.org\/{rel}","templated":true}]}}