{"id":118818,"date":"2022-05-04T19:20:19","date_gmt":"2022-05-04T22:20:19","guid":{"rendered":"http:\/\/www.24baires.com\/?p=118818"},"modified":"2022-05-04T19:20:19","modified_gmt":"2022-05-04T22:20:19","slug":"el-empleo-en-la-construccion-supero-las-cifras-de-la-prepandemia","status":"publish","type":"post","link":"https:\/\/www.24baires.com\/?p=118818","title":{"rendered":"El empleo en la construcci\u00f3n super\u00f3 las cifras de la prepandemia"},"content":{"rendered":"<p><img data-recalc-dims=\"1\" loading=\"lazy\" decoding=\"async\" class=\"aligncenter wp-image-118819\" src=\"https:\/\/i0.wp.com\/www.24baires.com\/wp-content\/uploads\/2022\/05\/6272b30894e16_900.jpg?resize=720%2C405\" alt=\"\" width=\"720\" height=\"405\" srcset=\"https:\/\/i0.wp.com\/www.24baires.com\/wp-content\/uploads\/2022\/05\/6272b30894e16_900.jpg?w=900&amp;ssl=1 900w, https:\/\/i0.wp.com\/www.24baires.com\/wp-content\/uploads\/2022\/05\/6272b30894e16_900.jpg?resize=300%2C169&amp;ssl=1 300w, https:\/\/i0.wp.com\/www.24baires.com\/wp-content\/uploads\/2022\/05\/6272b30894e16_900.jpg?resize=768%2C432&amp;ssl=1 768w\" sizes=\"auto, (max-width: 720px) 100vw, 720px\" \/>El sector registr\u00f3 en enero una expansi\u00f3n del 20% respecto al mismo mes de 2021, seg\u00fan un informe de la Direcci\u00f3n Nacional de Transparencia de la cartera de Obras P\u00fablicas.<!--more--><\/p>\n<p>El empleo en el sector de la construcci\u00f3n super\u00f3 la marca de los 400.000 puestos en enero \u00faltimo, resultado que implic\u00f3 una expansi\u00f3n del 20% respecto al mismo mes de 2021, seg\u00fan un informe elaborado por la Direcci\u00f3n Nacional de Transparencia del Ministerio de Obras P\u00fablicas.<\/p>\n<p>El an\u00e1lisis se hizo en base a cifras del Instituto Nacional de Estad\u00edstica y Censos (Indec), del Observatorio de Empleo y Din\u00e1mica Empresarial (OEDE) del Ministerio de Trabajo, y del Instituto de Estad\u00edstica y Registro de la Industria de la Construcci\u00f3n (Ieric).<\/p>\n<p>Para estos tres organismos, el promedio de aumento interanual en enero de los puestos de trabajo del sector de la construcci\u00f3n fue del 20%, 16,5% y 19,5%, respectivamente.<\/p>\n<p>En tanto, en la comparaci\u00f3n mensual respecto a diciembre \u00faltimo, el empleo creci\u00f3 4,3% seg\u00fan el Indec, 1% de acuerdo al OEDE, mientras que para el Ieric se mantuvo sin modificaciones.<\/p>\n","protected":false},"excerpt":{"rendered":"<p>El sector registr\u00f3 en enero una expansi\u00f3n del 20% respecto al mismo mes de 2021, seg\u00fan un informe de la Direcci\u00f3n Nacional de Transparencia de la cartera de Obras P\u00fablicas.<\/p>\n","protected":false},"author":4,"featured_media":0,"comment_status":"open","ping_status":"closed","sticky":false,"template":"","format":"standard","meta":{"_jetpack_newsletter_access":"","_jetpack_dont_email_post_to_subs":false,"_jetpack_newsletter_tier_id":0,"_jetpack_memberships_contains_paywalled_content":false,"_jetpack_memberships_contains_paid_content":false,"footnotes":""},"categories":[45],"tags":[],"class_list":["post-118818","post","type-post","status-publish","format-standard","hentry","category-economia"],"jetpack_featured_media_url":"","jetpack_shortlink":"https:\/\/wp.me\/p2JWE0-uUq","jetpack-related-posts":[{"id":71431,"url":"https:\/\/www.24baires.com\/?p=71431","url_meta":{"origin":118818,"position":0},"title":"La construcci\u00f3n creci\u00f3 un 12,7% en julio","author":"AF","date":"31\/08\/2015","format":false,"excerpt":"La actividad de la construcci\u00f3n aument\u00f3 durante julio un 12,7 por ciento en relaci\u00f3n a igual mes del 2014, marc\u00f3 el mayor ascenso interanual en lo que va del a\u00f1o, y alcanz\u00f3 el nivel de empleo de mediados del 2011, inform\u00f3 hoy el Instituto Nacional de Estad\u00edstica y Censos (Indec).\u2026","rel":"","context":"En \u00abEconom\u00eda\u00bb","block_context":{"text":"Econom\u00eda","link":"https:\/\/www.24baires.com\/?cat=45"},"img":{"alt_text":"construccion","src":"https:\/\/i0.wp.com\/www.24baires.com\/wp-content\/uploads\/2014\/02\/construccion.jpg?resize=350%2C200","width":350,"height":200,"srcset":"https:\/\/i0.wp.com\/www.24baires.com\/wp-content\/uploads\/2014\/02\/construccion.jpg?resize=350%2C200 1x, https:\/\/i0.wp.com\/www.24baires.com\/wp-content\/uploads\/2014\/02\/construccion.jpg?resize=525%2C300 1.5x"},"classes":[]},{"id":107599,"url":"https:\/\/www.24baires.com\/?p=107599","url_meta":{"origin":118818,"position":1},"title":"Hay casi cinco millones de trabajadores \u201cen negro\u201d en todo el pa\u00eds","author":"GB","date":"10\/04\/2019","format":false,"excerpt":"El Instituto Nacional de Estad\u00edstica y Censos (Indec) dio a conocer que en el tercer trimestre de 2018 los empleos asalariados no registrados alcanzaron a 4.850.000. El Instituto Nacional de Estad\u00edstica y Censos (Indec) difundi\u00f3 datos correspondientes al tercer trimestre del 2018 y confirm\u00f3 que los empleos asalariados no registrados\u2026","rel":"","context":"En \u00abPol\u00edtica\u00bb","block_context":{"text":"Pol\u00edtica","link":"https:\/\/www.24baires.com\/?cat=51"},"img":{"alt_text":"","src":"https:\/\/i0.wp.com\/www.24baires.com\/wp-content\/uploads\/2014\/02\/trabajo.jpg?resize=350%2C200","width":350,"height":200,"srcset":"https:\/\/i0.wp.com\/www.24baires.com\/wp-content\/uploads\/2014\/02\/trabajo.jpg?resize=350%2C200 1x, https:\/\/i0.wp.com\/www.24baires.com\/wp-content\/uploads\/2014\/02\/trabajo.jpg?resize=525%2C300 1.5x"},"classes":[]},{"id":101351,"url":"https:\/\/www.24baires.com\/?p=101351","url_meta":{"origin":118818,"position":2},"title":"El sector industrial volvi\u00f3 a achicar los planteles de personal","author":"AF","date":"29\/03\/2018","format":false,"excerpt":"En enero las actividades manufactureras contabilizaron 14.400 trabajadores menos que en el mismo mes del a\u00f1o pasado. El empleo total en el sector privado, en cambio, creci\u00f3 en 73.400 puestos, la mayor\u00eda de baja calidad. La reactivaci\u00f3n industrial que muestran las estad\u00edsticas oficiales y privadas no se traduce en creaci\u00f3n\u2026","rel":"","context":"En \u00abSociedad\u00bb","block_context":{"text":"Sociedad","link":"https:\/\/www.24baires.com\/?cat=1"},"img":{"alt_text":"","src":"https:\/\/i0.wp.com\/www.24baires.com\/wp-content\/uploads\/2018\/01\/fabrica-calzado.jpg?resize=350%2C200","width":350,"height":200,"srcset":"https:\/\/i0.wp.com\/www.24baires.com\/wp-content\/uploads\/2018\/01\/fabrica-calzado.jpg?resize=350%2C200 1x, https:\/\/i0.wp.com\/www.24baires.com\/wp-content\/uploads\/2018\/01\/fabrica-calzado.jpg?resize=525%2C300 1.5x"},"classes":[]},{"id":111861,"url":"https:\/\/www.24baires.com\/?p=111861","url_meta":{"origin":118818,"position":3},"title":"En junio hubo 172 mil trabajadores registrados menos con respecto al a\u00f1o pasado","author":"GB","date":"30\/08\/2019","format":false,"excerpt":"Un informe oficial difundi\u00f3 las preocupantes cifras que implic\u00f3 una ca\u00edda del 1,4% con respecto al mismo mes del 2018. El informe mensual del Ministerio de Producci\u00f3n y Trabajo dio a conocer que empleo registrado sum\u00f3 12.112.800 trabajadores en junio, 1,4% menos en la comparaci\u00f3n interanual, mientras que respecto a\u2026","rel":"","context":"En \u00abSociedad\u00bb","block_context":{"text":"Sociedad","link":"https:\/\/www.24baires.com\/?cat=1"},"img":{"alt_text":"","src":"https:\/\/i0.wp.com\/www.24baires.com\/wp-content\/uploads\/2018\/06\/jovenes-desempleados.jpg?resize=350%2C200","width":350,"height":200,"srcset":"https:\/\/i0.wp.com\/www.24baires.com\/wp-content\/uploads\/2018\/06\/jovenes-desempleados.jpg?resize=350%2C200 1x, https:\/\/i0.wp.com\/www.24baires.com\/wp-content\/uploads\/2018\/06\/jovenes-desempleados.jpg?resize=525%2C300 1.5x"},"classes":[]},{"id":119366,"url":"https:\/\/www.24baires.com\/?p=119366","url_meta":{"origin":118818,"position":4},"title":"El PBI creci\u00f3 6,9% en el segundo trimestre","author":"AF","date":"20\/09\/2022","format":false,"excerpt":"El dato informado por el Instituto Nacional de Estad\u00edstica y Censos (Indec) corresponde a la comparaci\u00f3n en relaci\u00f3n a igual per\u00edodo del 2021. En el primer semestre acumula una suba del 6,5%. El Producto Bruto Interno (PBI) creci\u00f3 6,9% durante el segundo trimestre, en relaci\u00f3n a igual per\u00edodo de 2021,\u2026","rel":"","context":"En \u00abEconom\u00eda\u00bb","block_context":{"text":"Econom\u00eda","link":"https:\/\/www.24baires.com\/?cat=45"},"img":{"alt_text":"","src":"https:\/\/i0.wp.com\/www.24baires.com\/wp-content\/uploads\/2021\/11\/61714316e6f3e_900.jpg?resize=350%2C200","width":350,"height":200,"srcset":"https:\/\/i0.wp.com\/www.24baires.com\/wp-content\/uploads\/2021\/11\/61714316e6f3e_900.jpg?resize=350%2C200 1x, https:\/\/i0.wp.com\/www.24baires.com\/wp-content\/uploads\/2021\/11\/61714316e6f3e_900.jpg?resize=525%2C300 1.5x, https:\/\/i0.wp.com\/www.24baires.com\/wp-content\/uploads\/2021\/11\/61714316e6f3e_900.jpg?resize=700%2C400 2x"},"classes":[]},{"id":107103,"url":"https:\/\/www.24baires.com\/?p=107103","url_meta":{"origin":118818,"position":5},"title":"La industria se desplom\u00f3 por noveno mes consecutivo","author":"AF","date":"06\/03\/2019","format":false,"excerpt":"La producci\u00f3n industrial registr\u00f3 en enero un derrumbe promedio del 10,8% contra igual per\u00edodo de 2018, inform\u00f3 el Instituto Nacional de Estad\u00edstica y Censos (INDEC). Un mi\u00e9rcoles negro. As\u00ed podr\u00eda resumirse la jornada de hoy luego de que el d\u00f3lar se disparara hasta casi los $42 y el INDEC informara\u2026","rel":"","context":"En \u00abSociedad\u00bb","block_context":{"text":"Sociedad","link":"https:\/\/www.24baires.com\/?cat=1"},"img":{"alt_text":"","src":"https:\/\/i0.wp.com\/www.24baires.com\/wp-content\/uploads\/2018\/11\/industria.jpg?resize=350%2C200","width":350,"height":200,"srcset":"https:\/\/i0.wp.com\/www.24baires.com\/wp-content\/uploads\/2018\/11\/industria.jpg?resize=350%2C200 1x, https:\/\/i0.wp.com\/www.24baires.com\/wp-content\/uploads\/2018\/11\/industria.jpg?resize=525%2C300 1.5x"},"classes":[]}],"jetpack_sharing_enabled":true,"jetpack_likes_enabled":true,"_links":{"self":[{"href":"https:\/\/www.24baires.com\/index.php?rest_route=\/wp\/v2\/posts\/118818","targetHints":{"allow":["GET"]}}],"collection":[{"href":"https:\/\/www.24baires.com\/index.php?rest_route=\/wp\/v2\/posts"}],"about":[{"href":"https:\/\/www.24baires.com\/index.php?rest_route=\/wp\/v2\/types\/post"}],"author":[{"embeddable":true,"href":"https:\/\/www.24baires.com\/index.php?rest_route=\/wp\/v2\/users\/4"}],"replies":[{"embeddable":true,"href":"https:\/\/www.24baires.com\/index.php?rest_route=%2Fwp%2Fv2%2Fcomments&post=118818"}],"version-history":[{"count":1,"href":"https:\/\/www.24baires.com\/index.php?rest_route=\/wp\/v2\/posts\/118818\/revisions"}],"predecessor-version":[{"id":118820,"href":"https:\/\/www.24baires.com\/index.php?rest_route=\/wp\/v2\/posts\/118818\/revisions\/118820"}],"wp:attachment":[{"href":"https:\/\/www.24baires.com\/index.php?rest_route=%2Fwp%2Fv2%2Fmedia&parent=118818"}],"wp:term":[{"taxonomy":"category","embeddable":true,"href":"https:\/\/www.24baires.com\/index.php?rest_route=%2Fwp%2Fv2%2Fcategories&post=118818"},{"taxonomy":"post_tag","embeddable":true,"href":"https:\/\/www.24baires.com\/index.php?rest_route=%2Fwp%2Fv2%2Ftags&post=118818"}],"curies":[{"name":"wp","href":"https:\/\/api.w.org\/{rel}","templated":true}]}}