{"id":118816,"date":"2022-05-03T10:28:21","date_gmt":"2022-05-03T13:28:21","guid":{"rendered":"http:\/\/www.24baires.com\/?p=118816"},"modified":"2022-05-03T10:28:21","modified_gmt":"2022-05-03T13:28:21","slug":"docentes-reclaman-una-urgente-recomposicion-salarial","status":"publish","type":"post","link":"https:\/\/www.24baires.com\/?p=118816","title":{"rendered":"Docentes reclaman una \u201curgente\u201d recomposici\u00f3n salarial"},"content":{"rendered":"<p><img data-recalc-dims=\"1\" loading=\"lazy\" decoding=\"async\" class=\"aligncenter wp-image-113775\" src=\"https:\/\/i0.wp.com\/www.24baires.com\/wp-content\/uploads\/2020\/01\/kicillof-docentes.jpeg?resize=720%2C402\" alt=\"\" width=\"720\" height=\"402\" srcset=\"https:\/\/i0.wp.com\/www.24baires.com\/wp-content\/uploads\/2020\/01\/kicillof-docentes.jpeg?w=560&amp;ssl=1 560w, https:\/\/i0.wp.com\/www.24baires.com\/wp-content\/uploads\/2020\/01\/kicillof-docentes.jpeg?resize=300%2C168&amp;ssl=1 300w\" sizes=\"auto, (max-width: 720px) 100vw, 720px\" \/>Los gremios docentes buscan garantizar que el salario no pierda contra la inflaci\u00f3n<!--more--><\/p>\n<p>El Frente de Unidad Docente Bonaerense (FUDB) se reuni\u00f3 con el Director General de Cultura y Educaci\u00f3n, Alberto Sileoni, y exigi\u00f3 una urgente convocatoria a paritaria salarial para activar la cl\u00e1usula de monitoreo y garantizar que los ingresos de los trabajadores del sector no queden por debajo de la inflaci\u00f3n.<\/p>\n<p>Tras el encuentro los maestros informaron que le presentaron al funcionario un pliego de reclamos que incluye el cobro urgente de salarios pendientes, en particular de docentes de Fines y programas educativos; la cobertura de todos los cargos docentes y de auxiliares; as\u00ed tambi\u00e9n como la implementaci\u00f3n de Actos P\u00fablicos Presenciales.<\/p>\n<p>Adem\u00e1s pidieron \u201canalizar el funcionamiento de las SAD y los APD y proveer a las mismas de equipamiento, conectividad y cargos, para garantizar tanto el acceso al trabajo de los y las Docentes como el derecho de los y las alumnas a tener clases todos los d\u00edas\u201d.<\/p>\n<p>Tambi\u00e9n plantearon que \u201cla inversi\u00f3n destinada a Infraestructura de m\u00e1s de 15 mil millones de pesos debe operativizarse prontamente en la concreci\u00f3n del Plan de Obras 2022, y la provisi\u00f3n de m\u00e1s mobiliario y equipamientos\u201d.<\/p>\n","protected":false},"excerpt":{"rendered":"<p>Los gremios docentes buscan garantizar que el salario no pierda contra la inflaci\u00f3n<\/p>\n","protected":false},"author":8,"featured_media":0,"comment_status":"open","ping_status":"closed","sticky":false,"template":"","format":"standard","meta":{"_jetpack_newsletter_access":"","_jetpack_dont_email_post_to_subs":false,"_jetpack_newsletter_tier_id":0,"_jetpack_memberships_contains_paywalled_content":false,"_jetpack_memberships_contains_paid_content":false,"footnotes":""},"categories":[40],"tags":[],"class_list":["post-118816","post","type-post","status-publish","format-standard","hentry","category-provincia"],"jetpack_shortlink":"https:\/\/wp.me\/p2JWE0-uUo","jetpack-related-posts":[{"id":102904,"url":"https:\/\/www.24baires.com\/?p=102904","url_meta":{"origin":118816,"position":0},"title":"Los docentes aclararon que el fallo \u00abno reemplaza\u00bb a la paritaria","author":"GB","date":"21\/06\/2018","format":false,"excerpt":"El Frente de Unidad Docente celebr\u00f3 la decisi\u00f3n del Tribunal de Trabajo 4 de La Plata, aunque volvi\u00f3 a exigirle a Vidal una convocatoria \"urgente\" para discutir salarios. El Frente de Unidad Docente celebr\u00f3 el fallo que obliga a Mar\u00eda Eugenia Vidal a aplicar la cl\u00e1usula gatillo hasta que se\u2026","rel":"","context":"En \u00abProvincia\u00bb","block_context":{"text":"Provincia","link":"https:\/\/www.24baires.com\/?cat=40"},"img":{"alt_text":"","src":"https:\/\/i0.wp.com\/www.24baires.com\/wp-content\/uploads\/2018\/04\/paro-docente.jpg?resize=350%2C200","width":350,"height":200,"srcset":"https:\/\/i0.wp.com\/www.24baires.com\/wp-content\/uploads\/2018\/04\/paro-docente.jpg?resize=350%2C200 1x, https:\/\/i0.wp.com\/www.24baires.com\/wp-content\/uploads\/2018\/04\/paro-docente.jpg?resize=525%2C300 1.5x"},"classes":[]},{"id":119674,"url":"https:\/\/www.24baires.com\/?p=119674","url_meta":{"origin":118816,"position":1},"title":"Docentes y estatales bonaerenses retoman la paritarias este jueves","author":"GB","date":"29\/12\/2022","format":false,"excerpt":"Los representantes gremiales volver\u00e1n a reunirse este jueves con el Gobierno de Kicillof para insistir con los pedidos de fin de a\u00f1o y para retomar la discusi\u00f3n paritaria. Los docentes y estatales bonaerenses volver\u00e1n a reunirse este jueves con el gobierno de Axel Kicillof para retomar la discusi\u00f3n salarial que\u2026","rel":"","context":"En \u00abProvincia\u00bb","block_context":{"text":"Provincia","link":"https:\/\/www.24baires.com\/?cat=40"},"img":{"alt_text":"","src":"https:\/\/i0.wp.com\/www.24baires.com\/wp-content\/uploads\/2022\/12\/docentes-y-estatales-bonaerenses.jpeg?resize=350%2C200","width":350,"height":200,"srcset":"https:\/\/i0.wp.com\/www.24baires.com\/wp-content\/uploads\/2022\/12\/docentes-y-estatales-bonaerenses.jpeg?resize=350%2C200 1x, https:\/\/i0.wp.com\/www.24baires.com\/wp-content\/uploads\/2022\/12\/docentes-y-estatales-bonaerenses.jpeg?resize=525%2C300 1.5x, https:\/\/i0.wp.com\/www.24baires.com\/wp-content\/uploads\/2022\/12\/docentes-y-estatales-bonaerenses.jpeg?resize=700%2C400 2x"},"classes":[]},{"id":106599,"url":"https:\/\/www.24baires.com\/?p=106599","url_meta":{"origin":118816,"position":2},"title":"Docentes advierten a la Provincia: \u201cNo podemos seguir perdiendo tiempo\u201d","author":"GB","date":"30\/01\/2019","format":false,"excerpt":"Desde el Frente de Unidad Docentes Bonaerense resaltaron que falta poco m\u00e1s de un mes para el inicio de clases y que \u201ces necesaria una urgente recomposici\u00f3n salarial\u201d. El Ejecutivo asegur\u00f3 que los llamar\u00e1 en febrero\u201d. Los representantes del Frente de Unidad Docente Bonaerense, compuesto por Suteba, FEB, Sadop, Udocba\u2026","rel":"","context":"En \u00abProvincia\u00bb","block_context":{"text":"Provincia","link":"https:\/\/www.24baires.com\/?cat=40"},"img":{"alt_text":"","src":"https:\/\/i0.wp.com\/www.24baires.com\/wp-content\/uploads\/2019\/01\/docentes-educacion.jpg?resize=350%2C200","width":350,"height":200,"srcset":"https:\/\/i0.wp.com\/www.24baires.com\/wp-content\/uploads\/2019\/01\/docentes-educacion.jpg?resize=350%2C200 1x, https:\/\/i0.wp.com\/www.24baires.com\/wp-content\/uploads\/2019\/01\/docentes-educacion.jpg?resize=525%2C300 1.5x"},"classes":[]},{"id":117181,"url":"https:\/\/www.24baires.com\/?p=117181","url_meta":{"origin":118816,"position":3},"title":"Provincia convoc\u00f3 a los gremios docentes para discutir salarios","author":"GB","date":"12\/02\/2021","format":false,"excerpt":"El gobierno de la provincia convoc\u00f3 a los gremios docentes nucleados en el Frente de Unidad Docente Bonaerense (FUDB) a paritarias. La reuni\u00f3n para discutir los salarios ser\u00e1 esta tarde a las 15.30 y se da luego de que los gremios reclamaran la \"urgente\" convocatoria para abrir la paritaria 2021.\u2026","rel":"","context":"En \u00abProvincia\u00bb","block_context":{"text":"Provincia","link":"https:\/\/www.24baires.com\/?cat=40"},"img":{"alt_text":"","src":"https:\/\/i0.wp.com\/www.24baires.com\/wp-content\/uploads\/2019\/11\/docentes-bonaerenses.jpg?resize=350%2C200","width":350,"height":200,"srcset":"https:\/\/i0.wp.com\/www.24baires.com\/wp-content\/uploads\/2019\/11\/docentes-bonaerenses.jpg?resize=350%2C200 1x, https:\/\/i0.wp.com\/www.24baires.com\/wp-content\/uploads\/2019\/11\/docentes-bonaerenses.jpg?resize=525%2C300 1.5x"},"classes":[]},{"id":116246,"url":"https:\/\/www.24baires.com\/?p=116246","url_meta":{"origin":118816,"position":4},"title":"Docentes le piden a Kicillof que los llame a paritarias","author":"GB","date":"16\/09\/2020","format":false,"excerpt":"Los docentes bonaerenses agrupados en el FUDB hicieron saber su reclamo al Gobierno provincial para exigir un aumento salarial. Los docentes bonaerenses nucleados en el FUDB elevaron un nuevo pedido al gobierno de Axel Kicillof para que los convoque a paritarias para discutir aumento salarial. El reclamo se suma al\u2026","rel":"","context":"En \u00abProvincia\u00bb","block_context":{"text":"Provincia","link":"https:\/\/www.24baires.com\/?cat=40"},"img":{"alt_text":"","src":"https:\/\/i0.wp.com\/www.24baires.com\/wp-content\/uploads\/2020\/01\/kicillof-docentes.jpeg?resize=350%2C200","width":350,"height":200,"srcset":"https:\/\/i0.wp.com\/www.24baires.com\/wp-content\/uploads\/2020\/01\/kicillof-docentes.jpeg?resize=350%2C200 1x, https:\/\/i0.wp.com\/www.24baires.com\/wp-content\/uploads\/2020\/01\/kicillof-docentes.jpeg?resize=525%2C300 1.5x"},"classes":[]},{"id":106529,"url":"https:\/\/www.24baires.com\/?p=106529","url_meta":{"origin":118816,"position":5},"title":"Docentes bonaerenses exigieron una convocatoria \u00aburgente\u00bb a paritarias","author":"GB","date":"24\/01\/2019","format":false,"excerpt":"El Frente de Unidad Docente le envi\u00f3 una nota a Vidal y a sus ministros con reclamos por la falta de acuerdo salarial. El Frente de Unidad Docente bonaerense (FUDB) le exigi\u00f3 a la gobernadora Mar\u00eda Eugenia Vidal una convocatoria \"urgente\" para discutir salarios y soluciones para las problem\u00e1ticas laborales\u2026","rel":"","context":"En \u00abProvincia\u00bb","block_context":{"text":"Provincia","link":"https:\/\/www.24baires.com\/?cat=40"},"img":{"alt_text":"","src":"https:\/\/i0.wp.com\/www.24baires.com\/wp-content\/uploads\/2018\/04\/paro-docente.jpg?resize=350%2C200","width":350,"height":200,"srcset":"https:\/\/i0.wp.com\/www.24baires.com\/wp-content\/uploads\/2018\/04\/paro-docente.jpg?resize=350%2C200 1x, https:\/\/i0.wp.com\/www.24baires.com\/wp-content\/uploads\/2018\/04\/paro-docente.jpg?resize=525%2C300 1.5x"},"classes":[]}],"jetpack_sharing_enabled":true,"jetpack_likes_enabled":true,"jetpack_featured_media_url":"","_links":{"self":[{"href":"https:\/\/www.24baires.com\/index.php?rest_route=\/wp\/v2\/posts\/118816","targetHints":{"allow":["GET"]}}],"collection":[{"href":"https:\/\/www.24baires.com\/index.php?rest_route=\/wp\/v2\/posts"}],"about":[{"href":"https:\/\/www.24baires.com\/index.php?rest_route=\/wp\/v2\/types\/post"}],"author":[{"embeddable":true,"href":"https:\/\/www.24baires.com\/index.php?rest_route=\/wp\/v2\/users\/8"}],"replies":[{"embeddable":true,"href":"https:\/\/www.24baires.com\/index.php?rest_route=%2Fwp%2Fv2%2Fcomments&post=118816"}],"version-history":[{"count":1,"href":"https:\/\/www.24baires.com\/index.php?rest_route=\/wp\/v2\/posts\/118816\/revisions"}],"predecessor-version":[{"id":118817,"href":"https:\/\/www.24baires.com\/index.php?rest_route=\/wp\/v2\/posts\/118816\/revisions\/118817"}],"wp:attachment":[{"href":"https:\/\/www.24baires.com\/index.php?rest_route=%2Fwp%2Fv2%2Fmedia&parent=118816"}],"wp:term":[{"taxonomy":"category","embeddable":true,"href":"https:\/\/www.24baires.com\/index.php?rest_route=%2Fwp%2Fv2%2Fcategories&post=118816"},{"taxonomy":"post_tag","embeddable":true,"href":"https:\/\/www.24baires.com\/index.php?rest_route=%2Fwp%2Fv2%2Ftags&post=118816"}],"curies":[{"name":"wp","href":"https:\/\/api.w.org\/{rel}","templated":true}]}}