{"id":11880,"date":"2013-01-11T18:52:17","date_gmt":"2013-01-11T21:52:17","guid":{"rendered":"http:\/\/www.24baires.com\/?p=11880"},"modified":"2013-01-11T18:52:33","modified_gmt":"2013-01-11T21:52:33","slug":"murio-un-piloto-frances-del-dakar-en-la-frontera-de-chile-y-argentina","status":"publish","type":"post","link":"https:\/\/www.24baires.com\/?p=11880","title":{"rendered":"Muri\u00f3 un piloto franc\u00e9s del Dakar en la frontera de Chile y Argentina"},"content":{"rendered":"<p><a href=\"http:\/\/www.24baires.com\/?attachment_id=11881\" rel=\"attachment wp-att-11881\"><img data-recalc-dims=\"1\" loading=\"lazy\" decoding=\"async\" class=\"alignleft size-medium wp-image-11881\" alt=\"bourgin\" src=\"https:\/\/i0.wp.com\/www.24baires.com\/wp-content\/uploads\/2013\/01\/bourgin.jpg?resize=300%2C200\" width=\"300\" height=\"200\" srcset=\"https:\/\/i0.wp.com\/www.24baires.com\/wp-content\/uploads\/2013\/01\/bourgin.jpg?resize=300%2C200&amp;ssl=1 300w, https:\/\/i0.wp.com\/www.24baires.com\/wp-content\/uploads\/2013\/01\/bourgin.jpg?w=510&amp;ssl=1 510w\" sizes=\"auto, (max-width: 300px) 100vw, 300px\" \/><\/a>Choc\u00f3 con un veh\u00edculo policial de Chile, cerca del Paso de Jama, l\u00edmite entre el pa\u00eds trasandino y la Argentina. Bourgin, de 25 a\u00f1os y que manejaba una KTM, sufri\u00f3 el accidente en la ma\u00f1ana de este viernes.<!--more--><\/p>\n<p>El piloto franc\u00e9s Thomas Bourgin falleci\u00f3 este viernes en el marco del Rally Dakar 2013 tras chocar con un veh\u00edculo policial de Chile, cerca del Paso de Jama, l\u00edmite entre el pa\u00eds trasandino y Argentina.<\/p>\n<p>Bourgin, de 25 a\u00f1os y que manejaba una KTM, sufri\u00f3 el accidente a las 8.23 en el kil\u00f3metro 237 del enlace de la s\u00e9ptima etapa del Rally Dakar, seg\u00fan inform\u00f3 la organizaci\u00f3n de la competencia.<\/p>\n<p>\u00abEl piloto choc\u00f3 con una camioneta de carabineros que iba en sentido opuesto. Las circunstancias del accidente est\u00e1n siendo investigadas. Los equipos m\u00e9dicos del Rally enviados al lugar del accidente s\u00f3lo pudieron constatar el fallecimiento del piloto que probablemente muri\u00f3 en el acto\u00bb, se\u00f1ala el comunicado oficial.<\/p>\n<p>Bourgin, oriundo de Saint Etienne, disputaba su primer Rally Dakar a bordo de una KTM con el n\u00famero 106 y ocupaba la 68va. posici\u00f3n en la clasificaci\u00f3n general de Motos.<\/p>\n<p>Anteriormente, el piloto hab\u00eda corrido el Rally Marruecos en 2009, mientras que en 2011 fue cuarto en la Africa Race y s\u00e9ptimo en el Rally de T\u00fanez.<\/p>\n<p>Bourgin es el primer corredor que fallece en este Dakar 2013, aunque hubo otros dos decesos el mi\u00e9rcoles pasado tras un accidente en Per\u00fa entre un veh\u00edculo de un equipo y un taxi, cuyo conductor y un pasajero murieron y otras 10 personas resultaron heridas.<\/p>\n<p>&nbsp;<\/p>\n<p>&nbsp;<\/p>\n<p>&nbsp;<\/p>\n<p>&nbsp;<\/p>\n<p>&nbsp;<\/p>\n<p>&nbsp;<\/p>\n<p>&nbsp;<\/p>\n<p>&nbsp;<\/p>\n<p>&nbsp;<\/p>\n<p>&nbsp;<\/p>\n<p>&nbsp;<\/p>\n<p>&nbsp;<\/p>\n<p>&nbsp;<\/p>\n<p>&nbsp;<\/p>\n","protected":false},"excerpt":{"rendered":"<p>Choc\u00f3 con un veh\u00edculo policial de Chile, cerca del Paso de Jama, l\u00edmite entre el pa\u00eds trasandino y la Argentina. Bourgin, de 25 a\u00f1os y que manejaba una KTM, sufri\u00f3 el accidente en la ma\u00f1ana de este viernes.<\/p>\n","protected":false},"author":4,"featured_media":0,"comment_status":"open","ping_status":"open","sticky":false,"template":"","format":"standard","meta":{"_jetpack_newsletter_access":"","_jetpack_dont_email_post_to_subs":false,"_jetpack_newsletter_tier_id":0,"_jetpack_memberships_contains_paywalled_content":false,"_jetpack_memberships_contains_paid_content":false,"footnotes":""},"categories":[1],"tags":[],"class_list":["post-11880","post","type-post","status-publish","format-standard","hentry","category-sociedad"],"jetpack_featured_media_url":"","jetpack_shortlink":"https:\/\/wp.me\/p2JWE0-35C","jetpack-related-posts":[{"id":59682,"url":"https:\/\/www.24baires.com\/?p=59682","url_meta":{"origin":11880,"position":0},"title":"Muere un motociclista polaco en el Rally Dakar","author":"Grupo Sierra","date":"06\/01\/2015","format":false,"excerpt":"El piloto polaco Michal Hernik, a bordo de la moto KTM n\u00famero 82, falleci\u00f3 durante la tercera etapa del Rally Dakar 2015, seg\u00fan inform\u00f3 la organizaci\u00f3n. Hernik, oriundo de Cracovia, corr\u00eda su primer Dakar con una moto KTM n\u00famero 82 y fue hallado por un helic\u00f3ptero de la organizaci\u00f3n en\u2026","rel":"","context":"En \u00abDeportes\u00bb","block_context":{"text":"Deportes","link":"https:\/\/www.24baires.com\/?cat=12"},"img":{"alt_text":"06-01-2015_cordoba_villa_carlos_paz_-","src":"https:\/\/i0.wp.com\/www.24baires.com\/wp-content\/uploads\/2015\/01\/06-01-2015_cordoba_villa_carlos_paz_-.jpg?resize=350%2C200","width":350,"height":200,"srcset":"https:\/\/i0.wp.com\/www.24baires.com\/wp-content\/uploads\/2015\/01\/06-01-2015_cordoba_villa_carlos_paz_-.jpg?resize=350%2C200 1x, https:\/\/i0.wp.com\/www.24baires.com\/wp-content\/uploads\/2015\/01\/06-01-2015_cordoba_villa_carlos_paz_-.jpg?resize=525%2C300 1.5x"},"classes":[]},{"id":11163,"url":"https:\/\/www.24baires.com\/?p=11163","url_meta":{"origin":11880,"position":1},"title":"\u00abEl Dakar es el evento m\u00e1s duro del mundo\u201d","author":"Grupo Sierra","date":"03\/01\/2013","format":false,"excerpt":"Etienne Lavigne, director de la competencia asegur\u00f3 que largar desde Per\u00fa imprime \u201cmayor dificultad\u201d para los pilotos. \u201cEs el evento m\u00e1s duro del mundo\u201d, sentenci\u00f3. El franc\u00e9s Etienne Lavigne, director del Dakar, asegur\u00f3 hoy que el hecho de que la quinta edici\u00f3n sudamericana el rally se largue desde Per\u00fa imprime\u2026","rel":"","context":"En \u00abDeportes\u00bb","block_context":{"text":"Deportes","link":"https:\/\/www.24baires.com\/?cat=12"},"img":{"alt_text":"Lavigne","src":"https:\/\/i0.wp.com\/www.24baires.com\/wp-content\/uploads\/2013\/01\/Lavigne.jpg?resize=350%2C200","width":350,"height":200},"classes":[]},{"id":60079,"url":"https:\/\/www.24baires.com\/?p=60079","url_meta":{"origin":11880,"position":2},"title":"Dos campeones le dijeron adi\u00f3s al Dakar 2015","author":"GB","date":"14\/01\/2015","format":false,"excerpt":"La d\u00e9cima etapa fue demasiado para el espa\u00f1ol Nani Roma y el chileno Ignacio Casale, que no podr\u00e1n continuar el Rally m\u00e1s importante del mundo en autos y cuatris, respectivamente. El primero protagoniz\u00f3 un vuelco espectacular mientras que el segundo tuvo desperfectos t\u00e9cnicos. Seg\u00fan las primeras informaciones, el accidente ocurri\u00f3\u2026","rel":"","context":"En \u00abDeportes\u00bb","block_context":{"text":"Deportes","link":"https:\/\/www.24baires.com\/?cat=12"},"img":{"alt_text":"campeones dakar","src":"https:\/\/i0.wp.com\/www.24baires.com\/wp-content\/uploads\/2015\/01\/campeones-dakar.jpg?resize=350%2C200","width":350,"height":200,"srcset":"https:\/\/i0.wp.com\/www.24baires.com\/wp-content\/uploads\/2015\/01\/campeones-dakar.jpg?resize=350%2C200 1x, https:\/\/i0.wp.com\/www.24baires.com\/wp-content\/uploads\/2015\/01\/campeones-dakar.jpg?resize=525%2C300 1.5x"},"classes":[]},{"id":11743,"url":"https:\/\/www.24baires.com\/?p=11743","url_meta":{"origin":11880,"position":3},"title":"Dos muertos y diez heridos tras un choque en el Rally Dakar","author":"AF","date":"10\/01\/2013","format":false,"excerpt":"PER\u00da - Un veh\u00edculo de asistencia del equipo angloamericano Race2Recovery protagoniz\u00f3 en la noche del mi\u00e9rcoles un grave accidente en Tacna al chocar con un taxi, cuyo conductor y pasajero murieron en el acto. Tambi\u00e9n se vieron involucrados otros dos veh\u00edculos en el choque. El hecho ocurri\u00f3 pasadas las 22\u2026","rel":"","context":"En \u00abSociedad\u00bb","block_context":{"text":"Sociedad","link":"https:\/\/www.24baires.com\/?cat=1"},"img":{"alt_text":"choque dakar","src":"https:\/\/i0.wp.com\/www.24baires.com\/wp-content\/uploads\/2013\/01\/choque-dakar-300x200.jpg?resize=350%2C200","width":350,"height":200},"classes":[]},{"id":60029,"url":"https:\/\/www.24baires.com\/?p=60029","url_meta":{"origin":11880,"position":4},"title":"El Dakar 2015 emprende su regreso hacia su meta en Buenos Aires","author":"GB","date":"13\/01\/2015","format":false,"excerpt":"La competencia encara la novena etapa chilena entre Iquique y Calama tras completar la primera mitad con casi 6 mil kil\u00f3metros. Ser\u00e1 con la disputa de la novena etapa enteramente chilena entre Iquique y Calama, despu\u00e9s de completar una primera mitad de rally que durante casi 6 mil kil\u00f3metros someti\u00f3\u2026","rel":"","context":"En \u00abDeportes\u00bb","block_context":{"text":"Deportes","link":"https:\/\/www.24baires.com\/?cat=12"},"img":{"alt_text":"dakar","src":"https:\/\/i0.wp.com\/www.24baires.com\/wp-content\/uploads\/2014\/11\/dakar.jpg?resize=350%2C200","width":350,"height":200,"srcset":"https:\/\/i0.wp.com\/www.24baires.com\/wp-content\/uploads\/2014\/11\/dakar.jpg?resize=350%2C200 1x, https:\/\/i0.wp.com\/www.24baires.com\/wp-content\/uploads\/2014\/11\/dakar.jpg?resize=525%2C300 1.5x"},"classes":[]},{"id":12516,"url":"https:\/\/www.24baires.com\/?p=12516","url_meta":{"origin":11880,"position":5},"title":"El Dakar dej\u00f3 la Argentina en medio de las crecidas de los r\u00edos","author":"Grupo Sierra","date":"16\/01\/2013","format":false,"excerpt":"Una repentina crecida de los r\u00edos convirti\u00f3 a la temida und\u00e9cima etapa Dakar 2013 por Fiambal\u00e1 en casi una jornada de enlace, ya que la direcci\u00f3n del rally cancel\u00f3 gran parte de la especial para autos, en la que el mendocino Lucio \u00c1lvarez qued\u00f3 tercero detr\u00e1s del estadounidense Robby Gordon\u2026","rel":"","context":"En \u00abDeportes\u00bb","block_context":{"text":"Deportes","link":"https:\/\/www.24baires.com\/?cat=12"},"img":{"alt_text":"dakar sale argentina","src":"https:\/\/i0.wp.com\/www.24baires.com\/wp-content\/uploads\/2013\/01\/dakar-sale-argentina.jpg?resize=350%2C200","width":350,"height":200,"srcset":"https:\/\/i0.wp.com\/www.24baires.com\/wp-content\/uploads\/2013\/01\/dakar-sale-argentina.jpg?resize=350%2C200 1x, https:\/\/i0.wp.com\/www.24baires.com\/wp-content\/uploads\/2013\/01\/dakar-sale-argentina.jpg?resize=525%2C300 1.5x"},"classes":[]}],"jetpack_sharing_enabled":true,"jetpack_likes_enabled":true,"_links":{"self":[{"href":"https:\/\/www.24baires.com\/index.php?rest_route=\/wp\/v2\/posts\/11880","targetHints":{"allow":["GET"]}}],"collection":[{"href":"https:\/\/www.24baires.com\/index.php?rest_route=\/wp\/v2\/posts"}],"about":[{"href":"https:\/\/www.24baires.com\/index.php?rest_route=\/wp\/v2\/types\/post"}],"author":[{"embeddable":true,"href":"https:\/\/www.24baires.com\/index.php?rest_route=\/wp\/v2\/users\/4"}],"replies":[{"embeddable":true,"href":"https:\/\/www.24baires.com\/index.php?rest_route=%2Fwp%2Fv2%2Fcomments&post=11880"}],"version-history":[{"count":2,"href":"https:\/\/www.24baires.com\/index.php?rest_route=\/wp\/v2\/posts\/11880\/revisions"}],"predecessor-version":[{"id":11896,"href":"https:\/\/www.24baires.com\/index.php?rest_route=\/wp\/v2\/posts\/11880\/revisions\/11896"}],"wp:attachment":[{"href":"https:\/\/www.24baires.com\/index.php?rest_route=%2Fwp%2Fv2%2Fmedia&parent=11880"}],"wp:term":[{"taxonomy":"category","embeddable":true,"href":"https:\/\/www.24baires.com\/index.php?rest_route=%2Fwp%2Fv2%2Fcategories&post=11880"},{"taxonomy":"post_tag","embeddable":true,"href":"https:\/\/www.24baires.com\/index.php?rest_route=%2Fwp%2Fv2%2Ftags&post=11880"}],"curies":[{"name":"wp","href":"https:\/\/api.w.org\/{rel}","templated":true}]}}