{"id":118783,"date":"2022-04-21T20:11:25","date_gmt":"2022-04-21T23:11:25","guid":{"rendered":"http:\/\/www.24baires.com\/?p=118783"},"modified":"2022-04-21T20:11:25","modified_gmt":"2022-04-21T23:11:25","slug":"segun-el-indec-la-actividad-economica-crecio-91-interanual-durante-febrero","status":"publish","type":"post","link":"https:\/\/www.24baires.com\/?p=118783","title":{"rendered":"Seg\u00fan el Indec, la actividad econ\u00f3mica creci\u00f3 9,1% interanual durante febrero"},"content":{"rendered":"<p><img data-recalc-dims=\"1\" loading=\"lazy\" decoding=\"async\" class=\"aligncenter wp-image-118784\" src=\"https:\/\/i0.wp.com\/www.24baires.com\/wp-content\/uploads\/2022\/04\/industria-soldador.jpg?resize=720%2C405\" alt=\"\" width=\"720\" height=\"405\" srcset=\"https:\/\/i0.wp.com\/www.24baires.com\/wp-content\/uploads\/2022\/04\/industria-soldador.jpg?w=900&amp;ssl=1 900w, https:\/\/i0.wp.com\/www.24baires.com\/wp-content\/uploads\/2022\/04\/industria-soldador.jpg?resize=300%2C169&amp;ssl=1 300w, https:\/\/i0.wp.com\/www.24baires.com\/wp-content\/uploads\/2022\/04\/industria-soldador.jpg?resize=768%2C432&amp;ssl=1 768w\" sizes=\"auto, (max-width: 720px) 100vw, 720px\" \/>La suba se da respecto a igual mes del a\u00f1o pasado, inform\u00f3 el Instituto Nacional de Estad\u00edstica y Censos (Indec). En tanto, el Estimador Mensual de la Actividad Econ\u00f3mica registr\u00f3 en febrero un aumento del.1,8% en relaci\u00f3n a enero.<!--more--><\/p>\n<p>El nivel de actividad econ\u00f3mica creci\u00f3 9,1% en febrero respecto a igual mes del a\u00f1o pasado, inform\u00f3 este jueves el Instituto Nacional de Estad\u00edstica y Censos (Indec).<\/p>\n<p>Adem\u00e1s, el Estimador Mensual de la Actividad Econ\u00f3mica (EMAE) registr\u00f3 en febrero un aumento del 1,8% en relaci\u00f3n a enero, con lo que acumul\u00f3 en el primer bimestre del a\u00f1o una mejora del 7%.<\/p>\n<p>Si se compara contra febrero de 2020 previo al inicio de la pandemia, el EMAE reflej\u00f3 una mejora de 6,6%, mientras frente a igual mes de 2019 el incremento es de 4,5%.<\/p>\n<p>En febrero nuevamente lider\u00f3 el crecimiento el rubro Hoteles y restaurantes, con una mejora del 31,9% interanual.<br \/>\nDurante el segundo mes del corriente a\u00f1o crecieron de forma interanual casi todos los sectores que integran el indicador, con excepci\u00f3n del agropecuario que registr\u00f3 una ca\u00edda de 0,8% interanual.<\/p>\n<p>En t\u00e9rminos porcentuales el crecimiento fue liderado por el rubro Hoteles y restaurantes, con una mejora del 31,9% interanual.<\/p>\n<p>Tambi\u00e9n crecieron a tasas de dos d\u00edgitos Transporte y comunicaciones, 14,5% interanual; Minas y canteras, 14,1%; y Comercio, 11,7%.<\/p>\n<p>Comercio, junto al crecimiento de 9,8% que marco la Industria, fueron los que m\u00e1s contribuyeron al crecimiento del 9,1% que marc\u00f3 el EMAE durante febrero. Por \u00faltimo, los Impuestos crecieron 11,5% interanual.<\/p>\n<p>Esta semana, el Fondo Monetario Internacional (FMI) elev\u00f3 las proyecciones de crecimiento para la Argentina a 4% en 2022, con una mejora respecto a lo previsto en enero \u00faltimo, en un contexto en el que baj\u00f3 las previsiones a nivel global debido a las consecuencias de la guerra entre Rusia y Ucrania. Las estimaciones del pa\u00eds se dieron a conocer en Washington durante la presentaci\u00f3n del World Economic Outlook, apenas unas horas despu\u00e9s de que aterrizara en esa ciudad el ministro de Econom\u00eda, Mart\u00edn Guzm\u00e1n, para participar de la Asamblea de Primavera (boreal) del FMI y el Banco Mundial (BM). De acuerdo con las previsiones del organismo, la econom\u00eda argentina crecer\u00e1 un 4% en 2022, una mejora de un punto porcentual respecto de la \u00faltima proyecci\u00f3n de enero, y 1,5 superior a la que se estim\u00f3 en octubre del a\u00f1o pasado. Estos datos resultan incluso por arriba de las emitidas hace apenas 10 d\u00edas por otros organismos como el Banco Mundial, que estim\u00f3 que el pa\u00eds crecer\u00e1 3,6% durante el per\u00edodo en curso. El Indec tambi\u00e9n precis\u00f3 que el Estimador Mensual de Actividad Econ\u00f3mica (EMAE) de febrero creci\u00f3 1,8% mensual en la serie sin estacionalidad, superando por noveno mes consecutivo el nivel prepandemia de febrero de 2020 (+6,2%) y ubic\u00e1ndose a solo 2,2% del m\u00e1ximo registrado en noviembre de 2017. El informe Estimador mensual de actividad econ\u00f3mica (EMAE) refleja la evoluci\u00f3n mensual de la actividad econ\u00f3mica del conjunto de los sectores productivos a nivel nacional y permite anticipar las tasas de variaci\u00f3n del producto interno bruto (PIB) trimestral.<\/p>\n<p>&nbsp;<\/p>\n<p>&nbsp;<\/p>\n<p>&nbsp;<\/p>\n<p>&nbsp;<\/p>\n<p>&nbsp;<\/p>\n<p>&nbsp;<\/p>\n<p>&nbsp;<\/p>\n<p>&nbsp;<\/p>\n<p>&nbsp;<\/p>\n<p>&nbsp;<\/p>\n<p>&nbsp;<\/p>\n<p>&nbsp;<\/p>\n<p>&nbsp;<\/p>\n<p>&nbsp;<\/p>\n<p>&nbsp;<\/p>\n<p>&nbsp;<\/p>\n<p>Fuente: T\u00e9lam<\/p>\n","protected":false},"excerpt":{"rendered":"<p>La suba se da respecto a igual mes del a\u00f1o pasado, inform\u00f3 el Instituto Nacional de Estad\u00edstica y Censos (Indec). En tanto, el Estimador Mensual de la Actividad Econ\u00f3mica registr\u00f3 en febrero un aumento del.1,8% en relaci\u00f3n a enero.<\/p>\n","protected":false},"author":4,"featured_media":0,"comment_status":"open","ping_status":"closed","sticky":false,"template":"","format":"standard","meta":{"_jetpack_newsletter_access":"","_jetpack_dont_email_post_to_subs":false,"_jetpack_newsletter_tier_id":0,"_jetpack_memberships_contains_paywalled_content":false,"_jetpack_memberships_contains_paid_content":false,"footnotes":""},"categories":[45],"tags":[],"class_list":["post-118783","post","type-post","status-publish","format-standard","hentry","category-economia"],"jetpack_featured_media_url":"","jetpack_shortlink":"https:\/\/wp.me\/p2JWE0-uTR","jetpack-related-posts":[{"id":118493,"url":"https:\/\/www.24baires.com\/?p=118493","url_meta":{"origin":118783,"position":0},"title":"La actividad econ\u00f3mica registr\u00f3 un aumento del 10,3% en once meses","author":"AF","date":"25\/01\/2022","format":false,"excerpt":"Seg\u00fan inform\u00f3 el Indec, el Estimador Mensual de la Actividad Econ\u00f3mica (EMAE) registr\u00f3 en noviembre un alza del 1,7% frente a octubre pasado y de esta forma acumul\u00f3 una suba del 10,3 % en los primeros once meses del a\u00f1o pasado. La actividad econ\u00f3mica creci\u00f3 en noviembre 9,3% en relaci\u00f3n\u2026","rel":"","context":"En \u00abEconom\u00eda\u00bb","block_context":{"text":"Econom\u00eda","link":"https:\/\/www.24baires.com\/?cat=45"},"img":{"alt_text":"","src":"https:\/\/i0.wp.com\/www.24baires.com\/wp-content\/uploads\/2021\/12\/industria.jpg?resize=350%2C200","width":350,"height":200,"srcset":"https:\/\/i0.wp.com\/www.24baires.com\/wp-content\/uploads\/2021\/12\/industria.jpg?resize=350%2C200 1x, https:\/\/i0.wp.com\/www.24baires.com\/wp-content\/uploads\/2021\/12\/industria.jpg?resize=525%2C300 1.5x"},"classes":[]},{"id":117377,"url":"https:\/\/www.24baires.com\/?p=117377","url_meta":{"origin":118783,"position":1},"title":"La actividad econ\u00f3mica creci\u00f3 1,9%","author":"AF","date":"30\/03\/2021","format":false,"excerpt":"Se trata de la novena mejora consecutiva, seg\u00fan inform\u00f3 este martes el Indec. El nivel de actividad econ\u00f3mica registr\u00f3 en enero una mejora del 1,9 por ciento con relaci\u00f3n a diciembre pasado pero tambi\u00e9n un retroceso de 2 por ciento en la comparaci\u00f3n interanual, inform\u00f3 este martes el Instituto Nacional\u2026","rel":"","context":"En \u00abSociedad\u00bb","block_context":{"text":"Sociedad","link":"https:\/\/www.24baires.com\/?cat=1"},"img":{"alt_text":"","src":"https:\/\/i0.wp.com\/www.24baires.com\/wp-content\/uploads\/2018\/05\/industriales.jpg?resize=350%2C200","width":350,"height":200,"srcset":"https:\/\/i0.wp.com\/www.24baires.com\/wp-content\/uploads\/2018\/05\/industriales.jpg?resize=350%2C200 1x, https:\/\/i0.wp.com\/www.24baires.com\/wp-content\/uploads\/2018\/05\/industriales.jpg?resize=525%2C300 1.5x"},"classes":[]},{"id":118378,"url":"https:\/\/www.24baires.com\/?p=118378","url_meta":{"origin":118783,"position":2},"title":"La actividad econ\u00f3mica creci\u00f3 en octubre 6,7% y acumula un 10,4% en 2021","author":"AF","date":"23\/12\/2021","format":false,"excerpt":"Entre enero y octubre el aumento del Producto Interno Bruto fue de 10,4% con relaci\u00f3n a igual per\u00edodo del a\u00f1o pasado, se\u00f1ala el informe del Instituto Nacional de Estad\u00edsticas y Censos. El Estimador Mensual de Actividad (EMAE) registr\u00f3 en octubre un crecimiento en t\u00e9rminos interanuales de 6,7%, inform\u00f3 este jueves\u2026","rel":"","context":"En \u00abEconom\u00eda\u00bb","block_context":{"text":"Econom\u00eda","link":"https:\/\/www.24baires.com\/?cat=45"},"img":{"alt_text":"","src":"https:\/\/i0.wp.com\/www.24baires.com\/wp-content\/uploads\/2021\/12\/industria.jpg?resize=350%2C200","width":350,"height":200,"srcset":"https:\/\/i0.wp.com\/www.24baires.com\/wp-content\/uploads\/2021\/12\/industria.jpg?resize=350%2C200 1x, https:\/\/i0.wp.com\/www.24baires.com\/wp-content\/uploads\/2021\/12\/industria.jpg?resize=525%2C300 1.5x"},"classes":[]},{"id":33756,"url":"https:\/\/www.24baires.com\/?p=33756","url_meta":{"origin":118783,"position":3},"title":"La actividad econ\u00f3mica de agosto creci\u00f3 un 4% seg\u00fan el INDEC","author":"GB","date":"18\/10\/2013","format":false,"excerpt":"Al dar a conocer la evoluci\u00f3n del Estimador Mensual de la Actividad Econ\u00f3mica, el INDEC precis\u00f3 que respecto a julio, agosto marc\u00f3 una mejora de 0,4 por ciento. En los ocho primeros meses del a\u00f1o marca un acumulado positivo de 5,5 por ciento. Julio hab\u00eda marcado una merma de 1,2\u2026","rel":"","context":"En \u00abEconom\u00eda\u00bb","block_context":{"text":"Econom\u00eda","link":"https:\/\/www.24baires.com\/?cat=45"},"img":{"alt_text":"","src":"","width":0,"height":0},"classes":[]},{"id":121368,"url":"https:\/\/www.24baires.com\/?p=121368","url_meta":{"origin":118783,"position":4},"title":"La actividad econ\u00f3mica cay\u00f3 8,4% en marzo","author":"GB","date":"22\/05\/2024","format":false,"excerpt":"El INDEC lanz\u00f3 un informe que indica que la actividad econ\u00f3mica registr\u00f3 una ca\u00edda de 8,4% en marzo. Es el quinto mes consecutivo que sigue esta tendencia. El Instituto Nacional de Estad\u00edstica y Censos de la Rep\u00fablica Argentina (INDEC) anunci\u00f3 este mi\u00e9rcoles que la actividad econ\u00f3mica volvi\u00f3 a caer en\u2026","rel":"","context":"En \u00abEconom\u00eda\u00bb","block_context":{"text":"Econom\u00eda","link":"https:\/\/www.24baires.com\/?cat=45"},"img":{"alt_text":"","src":"https:\/\/i0.wp.com\/www.24baires.com\/wp-content\/uploads\/2019\/01\/construcci%C3%B3n.png?resize=350%2C200","width":350,"height":200,"srcset":"https:\/\/i0.wp.com\/www.24baires.com\/wp-content\/uploads\/2019\/01\/construcci%C3%B3n.png?resize=350%2C200 1x, https:\/\/i0.wp.com\/www.24baires.com\/wp-content\/uploads\/2019\/01\/construcci%C3%B3n.png?resize=525%2C300 1.5x, https:\/\/i0.wp.com\/www.24baires.com\/wp-content\/uploads\/2019\/01\/construcci%C3%B3n.png?resize=700%2C400 2x"},"classes":[]},{"id":103515,"url":"https:\/\/www.24baires.com\/?p=103515","url_meta":{"origin":118783,"position":5},"title":"El derrumbe de la actividad econ\u00f3mica registr\u00f3 un r\u00e9cord del 5,8%","author":"AF","date":"24\/07\/2018","format":false,"excerpt":"Las tasas por las nubes, la alta inflaci\u00f3n y la fuerte devaluaci\u00f3n golpearon con dureza la actividad econ\u00f3mica y se profundiza la recesi\u00f3n. La actividad econ\u00f3mica se derrumb\u00f3 en mayo pasado un 5,8% respecto a igual mes de 2017, lo que representa la mayor contracci\u00f3n en la gesti\u00f3n del presidente\u2026","rel":"","context":"En \u00abEconom\u00eda\u00bb","block_context":{"text":"Econom\u00eda","link":"https:\/\/www.24baires.com\/?cat=45"},"img":{"alt_text":"","src":"https:\/\/i0.wp.com\/www.24baires.com\/wp-content\/uploads\/2018\/05\/industriales.jpg?resize=350%2C200","width":350,"height":200,"srcset":"https:\/\/i0.wp.com\/www.24baires.com\/wp-content\/uploads\/2018\/05\/industriales.jpg?resize=350%2C200 1x, https:\/\/i0.wp.com\/www.24baires.com\/wp-content\/uploads\/2018\/05\/industriales.jpg?resize=525%2C300 1.5x"},"classes":[]}],"jetpack_sharing_enabled":true,"jetpack_likes_enabled":true,"_links":{"self":[{"href":"https:\/\/www.24baires.com\/index.php?rest_route=\/wp\/v2\/posts\/118783","targetHints":{"allow":["GET"]}}],"collection":[{"href":"https:\/\/www.24baires.com\/index.php?rest_route=\/wp\/v2\/posts"}],"about":[{"href":"https:\/\/www.24baires.com\/index.php?rest_route=\/wp\/v2\/types\/post"}],"author":[{"embeddable":true,"href":"https:\/\/www.24baires.com\/index.php?rest_route=\/wp\/v2\/users\/4"}],"replies":[{"embeddable":true,"href":"https:\/\/www.24baires.com\/index.php?rest_route=%2Fwp%2Fv2%2Fcomments&post=118783"}],"version-history":[{"count":1,"href":"https:\/\/www.24baires.com\/index.php?rest_route=\/wp\/v2\/posts\/118783\/revisions"}],"predecessor-version":[{"id":118785,"href":"https:\/\/www.24baires.com\/index.php?rest_route=\/wp\/v2\/posts\/118783\/revisions\/118785"}],"wp:attachment":[{"href":"https:\/\/www.24baires.com\/index.php?rest_route=%2Fwp%2Fv2%2Fmedia&parent=118783"}],"wp:term":[{"taxonomy":"category","embeddable":true,"href":"https:\/\/www.24baires.com\/index.php?rest_route=%2Fwp%2Fv2%2Fcategories&post=118783"},{"taxonomy":"post_tag","embeddable":true,"href":"https:\/\/www.24baires.com\/index.php?rest_route=%2Fwp%2Fv2%2Ftags&post=118783"}],"curies":[{"name":"wp","href":"https:\/\/api.w.org\/{rel}","templated":true}]}}