{"id":118778,"date":"2022-04-21T11:45:55","date_gmt":"2022-04-21T14:45:55","guid":{"rendered":"http:\/\/www.24baires.com\/?p=118778"},"modified":"2022-04-21T13:05:39","modified_gmt":"2022-04-21T16:05:39","slug":"la-industria-bonaerense-crecio-casi-un-15","status":"publish","type":"post","link":"https:\/\/www.24baires.com\/?p=118778","title":{"rendered":"La industria bonaerense creci\u00f3 casi un 15%"},"content":{"rendered":"<p><img data-recalc-dims=\"1\" loading=\"lazy\" decoding=\"async\" class=\"alignleft  wp-image-118379\" src=\"https:\/\/i0.wp.com\/www.24baires.com\/wp-content\/uploads\/2021\/12\/industria.jpg?resize=472%2C239\" alt=\"\" width=\"472\" height=\"239\" srcset=\"https:\/\/i0.wp.com\/www.24baires.com\/wp-content\/uploads\/2021\/12\/industria.jpg?resize=300%2C152&amp;ssl=1 300w, https:\/\/i0.wp.com\/www.24baires.com\/wp-content\/uploads\/2021\/12\/industria.jpg?w=560&amp;ssl=1 560w\" sizes=\"auto, (max-width: 472px) 100vw, 472px\" \/>La Uni\u00f3n de la industria bonaerense (UIPBA) registr\u00f3 una expansi\u00f3n en 9 de 11 sectores: minerales no met\u00e1licos, automotriz, refinaci\u00f3n del petr\u00f3leo y qu\u00edmicos.<!--more--><\/p>\n<p>La industria de la Provincia de Buenos Aires (PBA) es uno de los sectores m\u00e1s pujantes no solo de la econom\u00eda regional junto con los agronegocios, sino tambi\u00e9n en el plano nacional. Esto qued\u00f3 demostrado luego de que la actividad arrojara un aumento del 14,9% en 2021, seg\u00fan datos provistos desde la Uni\u00f3n Industrial de la Provincia de Buenos Aires (UIPBA).<\/p>\n<p>Este crecimiento se tradujo en generaci\u00f3n de empleo, ya que se registr\u00f3 un incremento del 2,6% de asalariados privados en el tercer trimestre de 2021. Incluso, a modo comparativo, a nivel nacional el acumulado entre marzo 2020 y diciembre 2021, la industria marc\u00f3 un aumento del 3,7% de asalariados privados.<\/p>\n<p>El desempleo en los partidos de Gran Buenos Aires (GBA) se ubic\u00f3 en el cuarto trimestre de 2021 en 8,2%, y marc\u00f3 una ca\u00edda interanual de 5,9 puntos porcentuales. En la misma l\u00ednea, la tasa de empleo se encontr\u00f3 en 42,5% para el mismo trimestre y registr\u00f3 un incremento interanual de +5,2 puntos porcentuales.<\/p>\n<p>Sin embargo, se prev\u00e9 un escenario complejo por el contexto internacional, signado por menores perspectivas de crecimiento para los principales socios comerciales, aceleraci\u00f3n de la inflaci\u00f3n mundial y suba de tasas de inter\u00e9s. Como si fuera poco, el reciente conflicto b\u00e9lico entre Rusia y Ucrania hace peligrar la provisi\u00f3n de combustible, lo que complicar\u00eda el suministro de energ\u00eda.<\/p>\n","protected":false},"excerpt":{"rendered":"<p>La Uni\u00f3n de la industria bonaerense (UIPBA) registr\u00f3 una expansi\u00f3n en 9 de 11 sectores: minerales no met\u00e1licos, automotriz, refinaci\u00f3n del petr\u00f3leo y qu\u00edmicos.<\/p>\n","protected":false},"author":8,"featured_media":0,"comment_status":"open","ping_status":"closed","sticky":false,"template":"","format":"standard","meta":{"_jetpack_newsletter_access":"","_jetpack_dont_email_post_to_subs":false,"_jetpack_newsletter_tier_id":0,"_jetpack_memberships_contains_paywalled_content":false,"_jetpack_memberships_contains_paid_content":false,"footnotes":""},"categories":[45],"tags":[],"class_list":["post-118778","post","type-post","status-publish","format-standard","hentry","category-economia"],"jetpack_featured_media_url":"","jetpack_shortlink":"https:\/\/wp.me\/p2JWE0-uTM","jetpack-related-posts":[{"id":32503,"url":"https:\/\/www.24baires.com\/?p=32503","url_meta":{"origin":118778,"position":0},"title":"Scioli encabezar\u00e1 la celebraci\u00f3n del D\u00eda de la Industria en Tres de Febrero","author":"AF","date":"26\/09\/2013","format":false,"excerpt":"El gobernador Daniel Scioli encabezar\u00e1 esta noche la celebraci\u00f3n del D\u00eda de la Industria junto a un millar de empresarios de la Uni\u00f3n Industrial de la Provincia de Buenos Aires (UIPBA), en el Centro Deportivo Municipal de la localidad de Caseros, partido de Tres de Febrero. La UIPBA realizar\u00e1 el\u2026","rel":"","context":"En \u00abPol\u00edtica\u00bb","block_context":{"text":"Pol\u00edtica","link":"https:\/\/www.24baires.com\/?cat=51"},"img":{"alt_text":"","src":"","width":0,"height":0},"classes":[]},{"id":120732,"url":"https:\/\/www.24baires.com\/?p=120732","url_meta":{"origin":118778,"position":1},"title":"Provincia cumpli\u00f3 30 meses consecutivos de crecimiento del empleo en el sector privado","author":"GB","date":"07\/12\/2023","format":false,"excerpt":"Seg\u00fan cifras oficiales, hasta septiembre se hab\u00edan incorporado m\u00e1s de 60 mil personas al mercado laboral. Los indicadores de empleo de la provincia de Buenos Aires siguen d\u00e1ndole buenas noticias a la gesti\u00f3n de Axel Kicillof. Los datos actualizados hasta septiembre muestran que el noveno mes del a\u00f1o fue trig\u00e9simo\u2026","rel":"","context":"En \u00abProvincia\u00bb","block_context":{"text":"Provincia","link":"https:\/\/www.24baires.com\/?cat=40"},"img":{"alt_text":"","src":"https:\/\/i0.wp.com\/www.24baires.com\/wp-content\/uploads\/2021\/11\/busqueda-laboral-empleo-trabajojpg.jpg?resize=350%2C200","width":350,"height":200,"srcset":"https:\/\/i0.wp.com\/www.24baires.com\/wp-content\/uploads\/2021\/11\/busqueda-laboral-empleo-trabajojpg.jpg?resize=350%2C200 1x, https:\/\/i0.wp.com\/www.24baires.com\/wp-content\/uploads\/2021\/11\/busqueda-laboral-empleo-trabajojpg.jpg?resize=525%2C300 1.5x, https:\/\/i0.wp.com\/www.24baires.com\/wp-content\/uploads\/2021\/11\/busqueda-laboral-empleo-trabajojpg.jpg?resize=700%2C400 2x"},"classes":[]},{"id":120448,"url":"https:\/\/www.24baires.com\/?p=120448","url_meta":{"origin":118778,"position":2},"title":"La Provincia lleva 27 meses consecutivos de crecimiento en el empleo privado","author":"GB","date":"08\/09\/2023","format":false,"excerpt":"El ministro de Hacienda y Finanzas, Pablo L\u00f3pez, inform\u00f3 que desde el inicio de la gesti\u00f3n de Axel Kicillof se sumaron 132.000 trabajadores al sector. El ministro de Hacienda y Finanzas bonaerense, Pablo L\u00f3pez, inform\u00f3 que la Provincia lleva 27 meses consecutivos de crecimiento en el empleo asalariado registrado privado.\u2026","rel":"","context":"En \u00abProvincia\u00bb","block_context":{"text":"Provincia","link":"https:\/\/www.24baires.com\/?cat=40"},"img":{"alt_text":"","src":"https:\/\/i0.wp.com\/www.24baires.com\/wp-content\/uploads\/2021\/11\/busqueda-laboral-empleo-trabajojpg.jpg?resize=350%2C200","width":350,"height":200,"srcset":"https:\/\/i0.wp.com\/www.24baires.com\/wp-content\/uploads\/2021\/11\/busqueda-laboral-empleo-trabajojpg.jpg?resize=350%2C200 1x, https:\/\/i0.wp.com\/www.24baires.com\/wp-content\/uploads\/2021\/11\/busqueda-laboral-empleo-trabajojpg.jpg?resize=525%2C300 1.5x, https:\/\/i0.wp.com\/www.24baires.com\/wp-content\/uploads\/2021\/11\/busqueda-laboral-empleo-trabajojpg.jpg?resize=700%2C400 2x"},"classes":[]},{"id":120537,"url":"https:\/\/www.24baires.com\/?p=120537","url_meta":{"origin":118778,"position":3},"title":"El empleo formal en la Provincia acumula meses de crecimiento","author":"GB","date":"06\/10\/2023","format":false,"excerpt":"El ministro de Hacienda y Finanzas de la Provincia, Pablo L\u00f3pez, destac\u00f3 el crecimiento del empleo formal en territorio bonaerense. Conoc\u00e9 las cifras oficiales. El Ministerio de Hacienda y Finanzas de la provincia de Buenos Aires, dio a conocer las cifras del empleo registrado el cual viene creciendo ininterrumpidamente desde\u2026","rel":"","context":"En \u00abProvincia\u00bb","block_context":{"text":"Provincia","link":"https:\/\/www.24baires.com\/?cat=40"},"img":{"alt_text":"","src":"https:\/\/i0.wp.com\/www.24baires.com\/wp-content\/uploads\/2016\/05\/pymes.jpg?resize=350%2C200","width":350,"height":200,"srcset":"https:\/\/i0.wp.com\/www.24baires.com\/wp-content\/uploads\/2016\/05\/pymes.jpg?resize=350%2C200 1x, https:\/\/i0.wp.com\/www.24baires.com\/wp-content\/uploads\/2016\/05\/pymes.jpg?resize=525%2C300 1.5x, https:\/\/i0.wp.com\/www.24baires.com\/wp-content\/uploads\/2016\/05\/pymes.jpg?resize=700%2C400 2x"},"classes":[]},{"id":119192,"url":"https:\/\/www.24baires.com\/?p=119192","url_meta":{"origin":118778,"position":4},"title":"La econom\u00eda sigui\u00f3 creando puestos de trabajo formales en el sector privado","author":"AF","date":"05\/08\/2022","format":false,"excerpt":"Desde enero 2021 hasta mayo de 2022, 300.000 personas accedieron a un puesto de trabajo formal en empresas privadas, de acuerdo a la Encuesta de Indicadores Laborales. El empleo asalariado registrado privado creci\u00f3 en mayo 0,4% mensual, seg\u00fan el Sistema Integrado Previsional Argentino (SIPA), porcentaje que se replica en junio,\u2026","rel":"","context":"En \u00abEconom\u00eda\u00bb","block_context":{"text":"Econom\u00eda","link":"https:\/\/www.24baires.com\/?cat=45"},"img":{"alt_text":"","src":"https:\/\/i0.wp.com\/www.24baires.com\/wp-content\/uploads\/2022\/08\/62ed1fd37c0a8_900.jpg?resize=350%2C200","width":350,"height":200,"srcset":"https:\/\/i0.wp.com\/www.24baires.com\/wp-content\/uploads\/2022\/08\/62ed1fd37c0a8_900.jpg?resize=350%2C200 1x, https:\/\/i0.wp.com\/www.24baires.com\/wp-content\/uploads\/2022\/08\/62ed1fd37c0a8_900.jpg?resize=525%2C300 1.5x, https:\/\/i0.wp.com\/www.24baires.com\/wp-content\/uploads\/2022\/08\/62ed1fd37c0a8_900.jpg?resize=700%2C400 2x"},"classes":[]},{"id":103056,"url":"https:\/\/www.24baires.com\/?p=103056","url_meta":{"origin":118778,"position":5},"title":"El sector fabril destruy\u00f3 3700 puestos en abril","author":"AF","date":"28\/06\/2018","format":false,"excerpt":"El Ministerio de Trabajo inform\u00f3 que la industria achic\u00f3 su dotaci\u00f3n de personal. Sobre 29 meses de gobierno de Macri, el empleo en las f\u00e1bricas cay\u00f3 en 27. Monotributistas y contrataciones en el sector p\u00fablico lo compensaron. La industria manufacturera profundiz\u00f3 en abril la p\u00e9rdida de empleos. Seg\u00fan datos presentados\u2026","rel":"","context":"En \u00abEconom\u00eda\u00bb","block_context":{"text":"Econom\u00eda","link":"https:\/\/www.24baires.com\/?cat=45"},"img":{"alt_text":"","src":"https:\/\/i0.wp.com\/www.24baires.com\/wp-content\/uploads\/2018\/05\/industriales.jpg?resize=350%2C200","width":350,"height":200,"srcset":"https:\/\/i0.wp.com\/www.24baires.com\/wp-content\/uploads\/2018\/05\/industriales.jpg?resize=350%2C200 1x, https:\/\/i0.wp.com\/www.24baires.com\/wp-content\/uploads\/2018\/05\/industriales.jpg?resize=525%2C300 1.5x"},"classes":[]}],"jetpack_sharing_enabled":true,"jetpack_likes_enabled":true,"_links":{"self":[{"href":"https:\/\/www.24baires.com\/index.php?rest_route=\/wp\/v2\/posts\/118778","targetHints":{"allow":["GET"]}}],"collection":[{"href":"https:\/\/www.24baires.com\/index.php?rest_route=\/wp\/v2\/posts"}],"about":[{"href":"https:\/\/www.24baires.com\/index.php?rest_route=\/wp\/v2\/types\/post"}],"author":[{"embeddable":true,"href":"https:\/\/www.24baires.com\/index.php?rest_route=\/wp\/v2\/users\/8"}],"replies":[{"embeddable":true,"href":"https:\/\/www.24baires.com\/index.php?rest_route=%2Fwp%2Fv2%2Fcomments&post=118778"}],"version-history":[{"count":2,"href":"https:\/\/www.24baires.com\/index.php?rest_route=\/wp\/v2\/posts\/118778\/revisions"}],"predecessor-version":[{"id":118781,"href":"https:\/\/www.24baires.com\/index.php?rest_route=\/wp\/v2\/posts\/118778\/revisions\/118781"}],"wp:attachment":[{"href":"https:\/\/www.24baires.com\/index.php?rest_route=%2Fwp%2Fv2%2Fmedia&parent=118778"}],"wp:term":[{"taxonomy":"category","embeddable":true,"href":"https:\/\/www.24baires.com\/index.php?rest_route=%2Fwp%2Fv2%2Fcategories&post=118778"},{"taxonomy":"post_tag","embeddable":true,"href":"https:\/\/www.24baires.com\/index.php?rest_route=%2Fwp%2Fv2%2Ftags&post=118778"}],"curies":[{"name":"wp","href":"https:\/\/api.w.org\/{rel}","templated":true}]}}