{"id":118749,"date":"2022-04-19T11:25:01","date_gmt":"2022-04-19T14:25:01","guid":{"rendered":"http:\/\/www.24baires.com\/?p=118749"},"modified":"2022-04-19T11:25:01","modified_gmt":"2022-04-19T14:25:01","slug":"las-exportaciones-bonaerenses-alcanzaron-un-record","status":"publish","type":"post","link":"https:\/\/www.24baires.com\/?p=118749","title":{"rendered":"Las exportaciones bonaerenses alcanzaron un r\u00e9cord"},"content":{"rendered":"<p><img data-recalc-dims=\"1\" loading=\"lazy\" decoding=\"async\" src=\"https:\/\/i0.wp.com\/www.24baires.com\/wp-content\/uploads\/2022\/04\/Exportaciones-bonaerenses1-1024x576-1.jpg?resize=300%2C169\" alt=\"\" width=\"300\" height=\"169\" class=\"alignleft size-medium wp-image-118750\" srcset=\"https:\/\/i0.wp.com\/www.24baires.com\/wp-content\/uploads\/2022\/04\/Exportaciones-bonaerenses1-1024x576-1.jpg?resize=300%2C169&amp;ssl=1 300w, https:\/\/i0.wp.com\/www.24baires.com\/wp-content\/uploads\/2022\/04\/Exportaciones-bonaerenses1-1024x576-1.jpg?resize=768%2C432&amp;ssl=1 768w, https:\/\/i0.wp.com\/www.24baires.com\/wp-content\/uploads\/2022\/04\/Exportaciones-bonaerenses1-1024x576-1.jpg?w=1024&amp;ssl=1 1024w\" sizes=\"auto, (max-width: 300px) 100vw, 300px\" \/>Es el valor m\u00e1s alto para un mes de febrero de los \u00faltimos 13 a\u00f1os. En la misma l\u00ednea, tuvieron un crecimiento interanual del 50,3% con respecto a febrero de 2021.<!--more--><\/p>\n<p>El ministerio de Hacienda y Finanzas de la provincia de Buenos Aires inform\u00f3 que las exportaciones de la provincia de Buenos Aires alcanzaron los 2.500 millones de d\u00f3lares, constituyendo el valor m\u00e1s alto para un mes de febrero desde el comienzo de la serie, en 2010.<\/p>\n<p>En la misma l\u00ednea, tuvieron un crecimiento interanual del 50,3% con respecto a febrero de 2021. Adem\u00e1s, la Provincia aport\u00f3, durante el segundo mes del a\u00f1o, el 38,8% del valor de las ventas externas del pa\u00eds.<\/p>\n<p>El ministro de Hacienda y Finanzas, Pablo L\u00f3pez, destac\u00f3 que: \u201cLas ventas externas de la Provincia contin\u00faan batiendo r\u00e9cords, esta vez con el valor m\u00e1s alto para un mes de febrero y el mejor primer bimestre de los que se tenga registro\u201d.<\/p>\n<p>\u201cComo venimos se\u00f1alando, no se trata s\u00f3lo de precios favorables sino de cantidades vendidas: febrero tambi\u00e9n fue r\u00e9cord en t\u00e9rminos de vol\u00famenes exportados en cuanto a las manufacturas, que superaron el mill\u00f3n de toneladas exportadas, y los productos primarios, que superaron los 3 millones; ambos resultados fueron tambi\u00e9n los m\u00e1ximos registrados para el mes\u201d, sostuvo el ministro.<\/p>\n","protected":false},"excerpt":{"rendered":"<p>Es el valor m\u00e1s alto para un mes de febrero de los \u00faltimos 13 a\u00f1os. En la misma l\u00ednea, tuvieron un crecimiento interanual del 50,3% con respecto a febrero de 2021.<\/p>\n","protected":false},"author":8,"featured_media":0,"comment_status":"closed","ping_status":"closed","sticky":false,"template":"","format":"standard","meta":{"_jetpack_newsletter_access":"","_jetpack_dont_email_post_to_subs":false,"_jetpack_newsletter_tier_id":0,"_jetpack_memberships_contains_paywalled_content":false,"_jetpack_memberships_contains_paid_content":false,"footnotes":""},"categories":[45],"tags":[],"class_list":["post-118749","post","type-post","status-publish","format-standard","hentry","category-economia"],"jetpack_featured_media_url":"","jetpack_shortlink":"https:\/\/wp.me\/p2JWE0-uTj","jetpack-related-posts":[{"id":117916,"url":"https:\/\/www.24baires.com\/?p=117916","url_meta":{"origin":118749,"position":0},"title":"Las exportaciones provinciales registraron un crecimiento interanual del 50% durante mayo","author":"GB","date":"27\/07\/2021","format":false,"excerpt":"Adem\u00e1s, en los primeros cinco meses del a\u00f1o la Provincia acumula ventas al exterior por 9.831 millones de d\u00f3lares. El Ministerio de Hacienda y Finanzas de la provincia de Buenos Aires inform\u00f3 que las exportaciones provinciales registraron ventas por 2.390 millones de d\u00f3lares en el mes de mayo, con un\u2026","rel":"","context":"En \u00abLocales\u00bb","block_context":{"text":"Locales","link":"https:\/\/www.24baires.com\/?cat=38"},"img":{"alt_text":"","src":"https:\/\/i0.wp.com\/www.24baires.com\/wp-content\/uploads\/2021\/07\/20210726191308_pba.jpg?resize=350%2C200","width":350,"height":200,"srcset":"https:\/\/i0.wp.com\/www.24baires.com\/wp-content\/uploads\/2021\/07\/20210726191308_pba.jpg?resize=350%2C200 1x, https:\/\/i0.wp.com\/www.24baires.com\/wp-content\/uploads\/2021\/07\/20210726191308_pba.jpg?resize=525%2C300 1.5x"},"classes":[]},{"id":118918,"url":"https:\/\/www.24baires.com\/?p=118918","url_meta":{"origin":118749,"position":1},"title":"La industria manufacturera bonaerense creci\u00f3 un 7,4% en febrero","author":"GB","date":"31\/05\/2022","format":false,"excerpt":"Por primera vez desde que se lleva registro en la serie, se alcanzaron doce meses de crecimiento consecutivos dentro de la industria manufacturera Elministerio de Hacienda y Finanzas de la provincia de Buenos Aires inform\u00f3 que la industria manufacturera bonaerense tuvo un crecimiento en febrero del 7,4% respecto del mismo\u2026","rel":"","context":"En \u00abProvincia\u00bb","block_context":{"text":"Provincia","link":"https:\/\/www.24baires.com\/?cat=40"},"img":{"alt_text":"","src":"https:\/\/i0.wp.com\/www.24baires.com\/wp-content\/uploads\/2021\/08\/industria-pandemia.jpg?resize=350%2C200","width":350,"height":200,"srcset":"https:\/\/i0.wp.com\/www.24baires.com\/wp-content\/uploads\/2021\/08\/industria-pandemia.jpg?resize=350%2C200 1x, https:\/\/i0.wp.com\/www.24baires.com\/wp-content\/uploads\/2021\/08\/industria-pandemia.jpg?resize=525%2C300 1.5x, https:\/\/i0.wp.com\/www.24baires.com\/wp-content\/uploads\/2021\/08\/industria-pandemia.jpg?resize=700%2C400 2x"},"classes":[]},{"id":23886,"url":"https:\/\/www.24baires.com\/?p=23886","url_meta":{"origin":118749,"position":2},"title":"Tuvo un alza en el primer cuatrimestre la venta de veh\u00edculos nacionales y patentamientos","author":"Grupo Sierra","date":"19\/05\/2013","format":false,"excerpt":"La participaci\u00f3n de venta de veh\u00edculos hechos en Argentina aument\u00f3 entre enero y abril, respecto del mismo per\u00edodo de 2012, al pasar de 38% a 40%, seg\u00fan datos del Centro de Estudios para la Producci\u00f3n (CEP), que depende del Ministerio de Industria. Tambi\u00e9n se registraron aumentos en patentamientos y ventas\u2026","rel":"","context":"En \u00abEconom\u00eda\u00bb","block_context":{"text":"Econom\u00eda","link":"https:\/\/www.24baires.com\/?cat=45"},"img":{"alt_text":"","src":"","width":0,"height":0},"classes":[]},{"id":118402,"url":"https:\/\/www.24baires.com\/?p=118402","url_meta":{"origin":118749,"position":3},"title":"La actividad econ\u00f3mica en la provincia creci\u00f3 9,5% en el tercer trimestre","author":"GB","date":"30\/12\/2021","format":false,"excerpt":"Se registraron subas interanuales tanto en la producci\u00f3n de servicios como en la producci\u00f3n de bienes en todo el territorio bonaerense. El ministerio de Hacienda y Finanzas inform\u00f3 que la actividad econ\u00f3mica de la Provincia registr\u00f3 en el tercer trimestre de 2021 un aumento del 9,5% respecto al mismo per\u00edodo\u2026","rel":"","context":"En \u00abProvincia\u00bb","block_context":{"text":"Provincia","link":"https:\/\/www.24baires.com\/?cat=40"},"img":{"alt_text":"","src":"https:\/\/i0.wp.com\/www.24baires.com\/wp-content\/uploads\/2020\/04\/supermercado.jpg?resize=350%2C200","width":350,"height":200,"srcset":"https:\/\/i0.wp.com\/www.24baires.com\/wp-content\/uploads\/2020\/04\/supermercado.jpg?resize=350%2C200 1x, https:\/\/i0.wp.com\/www.24baires.com\/wp-content\/uploads\/2020\/04\/supermercado.jpg?resize=525%2C300 1.5x"},"classes":[]},{"id":120138,"url":"https:\/\/www.24baires.com\/?p=120138","url_meta":{"origin":118749,"position":4},"title":"En Provincia la industria manufacturera sigue en crecimiento","author":"GB","date":"31\/05\/2023","format":false,"excerpt":"A trav\u00e9s del Indicador Sint\u00e9tico Industria Manufacturera, el ministerio de Hacienda y Finanzas de la Provincia, dio a conocer que la industria manufacturera sigue en alza. El Ministerio de Hacienda y Finanzas de la provincia de Buenos Aires public\u00f3 el Indicador Sint\u00e9tico de la Industria Manufacturera (ISIM). En l\u00edneas generales,\u2026","rel":"","context":"En \u00abProvincia\u00bb","block_context":{"text":"Provincia","link":"https:\/\/www.24baires.com\/?cat=40"},"img":{"alt_text":"","src":"https:\/\/i0.wp.com\/www.24baires.com\/wp-content\/uploads\/2021\/11\/61714316e6f3e_900.jpg?resize=350%2C200","width":350,"height":200,"srcset":"https:\/\/i0.wp.com\/www.24baires.com\/wp-content\/uploads\/2021\/11\/61714316e6f3e_900.jpg?resize=350%2C200 1x, https:\/\/i0.wp.com\/www.24baires.com\/wp-content\/uploads\/2021\/11\/61714316e6f3e_900.jpg?resize=525%2C300 1.5x, https:\/\/i0.wp.com\/www.24baires.com\/wp-content\/uploads\/2021\/11\/61714316e6f3e_900.jpg?resize=700%2C400 2x"},"classes":[]},{"id":114379,"url":"https:\/\/www.24baires.com\/?p=114379","url_meta":{"origin":118749,"position":5},"title":"La inflaci\u00f3n de febrero fue del 2%, la m\u00e1s baja en dos a\u00f1os","author":"AF","date":"12\/03\/2020","format":false,"excerpt":"El INDEC inform\u00f3 adem\u00e1s que la inflaci\u00f3n en los \u00faltimos 12 meses trep\u00f3 al 50,3% y acumula un avance del 4,3% en lo que va del a\u00f1o. La inflaci\u00f3n en febrero 2%, el menor nivel en los \u00faltimos dos a\u00f1os y acumularon un alza del 50,3% en su medici\u00f3n interanual,\u2026","rel":"","context":"En \u00abEconom\u00eda\u00bb","block_context":{"text":"Econom\u00eda","link":"https:\/\/www.24baires.com\/?cat=45"},"img":{"alt_text":"","src":"https:\/\/i0.wp.com\/www.24baires.com\/wp-content\/uploads\/2016\/12\/supermercado.jpg?resize=350%2C200","width":350,"height":200,"srcset":"https:\/\/i0.wp.com\/www.24baires.com\/wp-content\/uploads\/2016\/12\/supermercado.jpg?resize=350%2C200 1x, https:\/\/i0.wp.com\/www.24baires.com\/wp-content\/uploads\/2016\/12\/supermercado.jpg?resize=525%2C300 1.5x"},"classes":[]}],"jetpack_sharing_enabled":true,"jetpack_likes_enabled":true,"_links":{"self":[{"href":"https:\/\/www.24baires.com\/index.php?rest_route=\/wp\/v2\/posts\/118749","targetHints":{"allow":["GET"]}}],"collection":[{"href":"https:\/\/www.24baires.com\/index.php?rest_route=\/wp\/v2\/posts"}],"about":[{"href":"https:\/\/www.24baires.com\/index.php?rest_route=\/wp\/v2\/types\/post"}],"author":[{"embeddable":true,"href":"https:\/\/www.24baires.com\/index.php?rest_route=\/wp\/v2\/users\/8"}],"replies":[{"embeddable":true,"href":"https:\/\/www.24baires.com\/index.php?rest_route=%2Fwp%2Fv2%2Fcomments&post=118749"}],"version-history":[{"count":1,"href":"https:\/\/www.24baires.com\/index.php?rest_route=\/wp\/v2\/posts\/118749\/revisions"}],"predecessor-version":[{"id":118751,"href":"https:\/\/www.24baires.com\/index.php?rest_route=\/wp\/v2\/posts\/118749\/revisions\/118751"}],"wp:attachment":[{"href":"https:\/\/www.24baires.com\/index.php?rest_route=%2Fwp%2Fv2%2Fmedia&parent=118749"}],"wp:term":[{"taxonomy":"category","embeddable":true,"href":"https:\/\/www.24baires.com\/index.php?rest_route=%2Fwp%2Fv2%2Fcategories&post=118749"},{"taxonomy":"post_tag","embeddable":true,"href":"https:\/\/www.24baires.com\/index.php?rest_route=%2Fwp%2Fv2%2Ftags&post=118749"}],"curies":[{"name":"wp","href":"https:\/\/api.w.org\/{rel}","templated":true}]}}