{"id":118744,"date":"2022-04-13T12:05:49","date_gmt":"2022-04-13T15:05:49","guid":{"rendered":"http:\/\/www.24baires.com\/?p=118744"},"modified":"2022-04-20T13:37:52","modified_gmt":"2022-04-20T16:37:52","slug":"guzman-admitio-que-la-inflacion-de-marzo-estara-por-encima-del-6","status":"publish","type":"post","link":"https:\/\/www.24baires.com\/?p=118744","title":{"rendered":"Guzm\u00e1n admiti\u00f3 que la inflaci\u00f3n de marzo estar\u00e1 por encima del 6%"},"content":{"rendered":"<p><img data-recalc-dims=\"1\" loading=\"lazy\" decoding=\"async\" class=\"aligncenter wp-image-118255\" src=\"https:\/\/i0.wp.com\/www.24baires.com\/wp-content\/uploads\/2021\/11\/guzman.jpg?resize=732%2C549\" alt=\"\" width=\"732\" height=\"549\" srcset=\"https:\/\/i0.wp.com\/www.24baires.com\/wp-content\/uploads\/2021\/11\/guzman.jpg?w=560&amp;ssl=1 560w, https:\/\/i0.wp.com\/www.24baires.com\/wp-content\/uploads\/2021\/11\/guzman.jpg?resize=300%2C225&amp;ssl=1 300w\" sizes=\"auto, (max-width: 732px) 100vw, 732px\" \/>El ministro alert\u00f3 por fen\u00f3menos internos pero tambi\u00e9n por procesos externos que impulsan la suba de precios. Aseguro que \u201cel mundo\u201d vive una crisis de inflaci\u00f3n in\u00e9dita<!--more--><\/p>\n<p>El ministro de Econom\u00eda Mart\u00edn Guzm\u00e1n reconoci\u00f3 que la inflaci\u00f3n del mes de marzo, que se conocer\u00e1 en las pr\u00f3ximas horas, ser\u00e1 la mas alta del a\u00f1o, con un porcentual que probablemente est\u00e9 por encima de los 6 puntos en relaci\u00f3n al mes anterior.<\/p>\n<p>El funcionario asegur\u00f3 que todos los esfuerzos del gobierno nacional est\u00e1n puestos en revertir la tendencia y sorpresivamente coincidi\u00f3 con el secretario de Comercio Interior, Roberto Feletti y remarc\u00f3 que las medidas \u201cmicro\u201d como la creaci\u00f3n de canastas y el control de precios no son suficientes sin las medidas de macroeconom\u00eda que requieren de un fuerte apoyo pol\u00edtico.<\/p>\n","protected":false},"excerpt":{"rendered":"<p>El ministro alert\u00f3 por fen\u00f3menos internos pero tambi\u00e9n por procesos externos que impulsan la suba de precios. Aseguro que \u201cel mundo\u201d vive una crisis de inflaci\u00f3n in\u00e9dita<\/p>\n","protected":false},"author":8,"featured_media":0,"comment_status":"closed","ping_status":"closed","sticky":false,"template":"","format":"standard","meta":{"_jetpack_newsletter_access":"","_jetpack_dont_email_post_to_subs":false,"_jetpack_newsletter_tier_id":0,"_jetpack_memberships_contains_paywalled_content":false,"_jetpack_memberships_contains_paid_content":false,"footnotes":""},"categories":[45],"tags":[],"class_list":["post-118744","post","type-post","status-publish","format-standard","hentry","category-economia"],"jetpack_featured_media_url":"","jetpack_shortlink":"https:\/\/wp.me\/p2JWE0-uTe","jetpack-related-posts":[{"id":107715,"url":"https:\/\/www.24baires.com\/?p=107715","url_meta":{"origin":118744,"position":0},"title":"\u00abLa inflaci\u00f3n de abril ser\u00e1 m\u00e1s alta que la de los meses anteriores\u00bb, dijo Dujovne","author":"GB","date":"17\/04\/2019","format":false,"excerpt":"El ministro de Hacienda asegur\u00f3 que el \u00edndice de precios del mes en curso estar\u00e1 dentro del \"pico\" del que habl\u00f3 Macri d\u00edas atr\u00e1s. \"Marzo y abril tienen una inflaci\u00f3n anormalmente alta\", consider\u00f3. El ministro de Hacienda, Nicol\u00e1s Dujovne, asegur\u00f3 este mi\u00e9rcoles en conferencia de prensa que la inflaci\u00f3n de\u2026","rel":"","context":"En \u00abEconom\u00eda\u00bb","block_context":{"text":"Econom\u00eda","link":"https:\/\/www.24baires.com\/?cat=45"},"img":{"alt_text":"","src":"https:\/\/i0.wp.com\/www.24baires.com\/wp-content\/uploads\/2018\/10\/dujovne.png?resize=350%2C200","width":350,"height":200,"srcset":"https:\/\/i0.wp.com\/www.24baires.com\/wp-content\/uploads\/2018\/10\/dujovne.png?resize=350%2C200 1x, https:\/\/i0.wp.com\/www.24baires.com\/wp-content\/uploads\/2018\/10\/dujovne.png?resize=525%2C300 1.5x"},"classes":[]},{"id":117454,"url":"https:\/\/www.24baires.com\/?p=117454","url_meta":{"origin":118744,"position":1},"title":"Naci\u00f3n lanz\u00f3 medidas contra la suba de precios","author":"GB","date":"16\/04\/2021","format":false,"excerpt":"El Gobierno nacional lanz\u00f3 medidas para contener la suba de precios en alimentos y as\u00ed combatir la inflaci\u00f3n. El Gobierno Nacional resolvi\u00f3 avanzar con un conjunto de medidas para contener la suba de precios en el sector de la alimentaci\u00f3n y garantizar el abastecimiento de alimentos, insumos y bienes industriales.\u2026","rel":"","context":"En \u00abEconom\u00eda\u00bb","block_context":{"text":"Econom\u00eda","link":"https:\/\/www.24baires.com\/?cat=45"},"img":{"alt_text":"","src":"https:\/\/i0.wp.com\/www.24baires.com\/wp-content\/uploads\/2020\/04\/supermercado.jpg?resize=350%2C200","width":350,"height":200,"srcset":"https:\/\/i0.wp.com\/www.24baires.com\/wp-content\/uploads\/2020\/04\/supermercado.jpg?resize=350%2C200 1x, https:\/\/i0.wp.com\/www.24baires.com\/wp-content\/uploads\/2020\/04\/supermercado.jpg?resize=525%2C300 1.5x"},"classes":[]},{"id":116484,"url":"https:\/\/www.24baires.com\/?p=116484","url_meta":{"origin":118744,"position":2},"title":"Guzm\u00e1n ratific\u00f3 que la inflaci\u00f3n cerrar\u00e1 con una sustancial baja respecto a 2019","author":"AF","date":"16\/10\/2020","format":false,"excerpt":"El ministro de Econom\u00eda particip\u00f3 del 56\u00b0 coloquio del Instituto para el Desarrollo Empresarial de la Argentina (IDEA), donde afirm\u00f3 que la inflaci\u00f3n anual \u201cser\u00e1 inferior a 40%, en un nivel de 20 puntos menos que la del a\u00f1o anterior\". El ministro de Econom\u00eda, Mart\u00edn Guzm\u00e1n, ratific\u00f3 que el corriente\u2026","rel":"","context":"En \u00abEconom\u00eda\u00bb","block_context":{"text":"Econom\u00eda","link":"https:\/\/www.24baires.com\/?cat=45"},"img":{"alt_text":"","src":"https:\/\/i0.wp.com\/www.24baires.com\/wp-content\/uploads\/2020\/05\/guzman-1.jpg?resize=350%2C200","width":350,"height":200,"srcset":"https:\/\/i0.wp.com\/www.24baires.com\/wp-content\/uploads\/2020\/05\/guzman-1.jpg?resize=350%2C200 1x, https:\/\/i0.wp.com\/www.24baires.com\/wp-content\/uploads\/2020\/05\/guzman-1.jpg?resize=525%2C300 1.5x"},"classes":[]},{"id":117229,"url":"https:\/\/www.24baires.com\/?p=117229","url_meta":{"origin":118744,"position":3},"title":"Guzm\u00e1n: \u00abNo hay que pasarse de largo con la emisi\u00f3n monetaria\u00bb","author":"GB","date":"24\/02\/2021","format":false,"excerpt":"El ministro de Econom\u00eda, Mart\u00edn Guzm\u00e1n, habl\u00f3 sobre la situaci\u00f3n del pa\u00eds en torno a la pol\u00edtica fiscal y emisi\u00f3n monetaria. El ministro de Econom\u00eda, Mart\u00edn Guzm\u00e1n, habl\u00f3 en el marco de la gira que realiza junto con el presidente, Alberto Fern\u00e1ndez, por M\u00e9xico frente a un grupo de empresarios.\u2026","rel":"","context":"En \u00abEconom\u00eda\u00bb","block_context":{"text":"Econom\u00eda","link":"https:\/\/www.24baires.com\/?cat=45"},"img":{"alt_text":"","src":"https:\/\/i0.wp.com\/www.24baires.com\/wp-content\/uploads\/2021\/02\/guzman-hablo-la-emision-monetaria-y-las-tareas-bajar-los-precios-300x200.jpg?resize=350%2C200","width":350,"height":200},"classes":[]},{"id":117179,"url":"https:\/\/www.24baires.com\/?p=117179","url_meta":{"origin":118744,"position":4},"title":"El \u00cdndice de Precios al Consumidor subi\u00f3 4% en enero","author":"AF","date":"11\/02\/2021","format":false,"excerpt":"El Instituto Nacional de Estad\u00edstica y Censos (Indec) inform\u00f3 que el rubro Alimentos y Bebidas subi\u00f3 4,8%, Comunicaci\u00f3n 15% y Restaurantes y Hoteles 5,4%. El \u00cdndice de Precios al Consumidor (IPC-Costo de Vida) aument\u00f3 4% durante enero, debido a las subas del 15,1% en el sector de comunicaciones, del 5,4%\u2026","rel":"","context":"En \u00abEconom\u00eda\u00bb","block_context":{"text":"Econom\u00eda","link":"https:\/\/www.24baires.com\/?cat=45"},"img":{"alt_text":"","src":"https:\/\/i0.wp.com\/www.24baires.com\/wp-content\/uploads\/2018\/08\/supermercado.jpg?resize=350%2C200","width":350,"height":200,"srcset":"https:\/\/i0.wp.com\/www.24baires.com\/wp-content\/uploads\/2018\/08\/supermercado.jpg?resize=350%2C200 1x, https:\/\/i0.wp.com\/www.24baires.com\/wp-content\/uploads\/2018\/08\/supermercado.jpg?resize=525%2C300 1.5x"},"classes":[]},{"id":119496,"url":"https:\/\/www.24baires.com\/?p=119496","url_meta":{"origin":118744,"position":5},"title":"Sugieren \u00abno comprar aquellas marcas que remarcan por encima de la inflaci\u00f3n\u00bb","author":"AF","date":"01\/11\/2022","format":false,"excerpt":"Desde la Provincia pidieron \"frenar el abuso de las empresas formadoras de precios que aplican aumentos injustificados\". Miembros del gabinete del gobierno de la provincia de Buenos Aires que encabeza Axel Kicillof pidieron \"parar con los aumentos injustificados de precios\" y solicitaron a los consumidores \"no comprar aquellas marcas que\u2026","rel":"","context":"En \u00abEconom\u00eda\u00bb","block_context":{"text":"Econom\u00eda","link":"https:\/\/www.24baires.com\/?cat=45"},"img":{"alt_text":"larroque","src":"https:\/\/i0.wp.com\/www.24baires.com\/wp-content\/uploads\/2022\/11\/Screenshot-2022-11-01-23.21.12.png?resize=350%2C200","width":350,"height":200,"srcset":"https:\/\/i0.wp.com\/www.24baires.com\/wp-content\/uploads\/2022\/11\/Screenshot-2022-11-01-23.21.12.png?resize=350%2C200 1x, https:\/\/i0.wp.com\/www.24baires.com\/wp-content\/uploads\/2022\/11\/Screenshot-2022-11-01-23.21.12.png?resize=525%2C300 1.5x, https:\/\/i0.wp.com\/www.24baires.com\/wp-content\/uploads\/2022\/11\/Screenshot-2022-11-01-23.21.12.png?resize=700%2C400 2x"},"classes":[]}],"jetpack_sharing_enabled":true,"jetpack_likes_enabled":true,"_links":{"self":[{"href":"https:\/\/www.24baires.com\/index.php?rest_route=\/wp\/v2\/posts\/118744","targetHints":{"allow":["GET"]}}],"collection":[{"href":"https:\/\/www.24baires.com\/index.php?rest_route=\/wp\/v2\/posts"}],"about":[{"href":"https:\/\/www.24baires.com\/index.php?rest_route=\/wp\/v2\/types\/post"}],"author":[{"embeddable":true,"href":"https:\/\/www.24baires.com\/index.php?rest_route=\/wp\/v2\/users\/8"}],"replies":[{"embeddable":true,"href":"https:\/\/www.24baires.com\/index.php?rest_route=%2Fwp%2Fv2%2Fcomments&post=118744"}],"version-history":[{"count":3,"href":"https:\/\/www.24baires.com\/index.php?rest_route=\/wp\/v2\/posts\/118744\/revisions"}],"predecessor-version":[{"id":118775,"href":"https:\/\/www.24baires.com\/index.php?rest_route=\/wp\/v2\/posts\/118744\/revisions\/118775"}],"wp:attachment":[{"href":"https:\/\/www.24baires.com\/index.php?rest_route=%2Fwp%2Fv2%2Fmedia&parent=118744"}],"wp:term":[{"taxonomy":"category","embeddable":true,"href":"https:\/\/www.24baires.com\/index.php?rest_route=%2Fwp%2Fv2%2Fcategories&post=118744"},{"taxonomy":"post_tag","embeddable":true,"href":"https:\/\/www.24baires.com\/index.php?rest_route=%2Fwp%2Fv2%2Ftags&post=118744"}],"curies":[{"name":"wp","href":"https:\/\/api.w.org\/{rel}","templated":true}]}}