{"id":118727,"date":"2022-04-09T15:53:48","date_gmt":"2022-04-09T18:53:48","guid":{"rendered":"http:\/\/www.24baires.com\/?p=118727"},"modified":"2022-04-09T15:53:48","modified_gmt":"2022-04-09T18:53:48","slug":"buscan-garantizar-el-acceso-a-productos-basicos-con-nuevas-canastas","status":"publish","type":"post","link":"https:\/\/www.24baires.com\/?p=118727","title":{"rendered":"Buscan garantizar el acceso a productos b\u00e1sicos con nuevas canastas"},"content":{"rendered":"<p><img data-recalc-dims=\"1\" loading=\"lazy\" decoding=\"async\" class=\"aligncenter wp-image-118728\" src=\"https:\/\/i0.wp.com\/www.24baires.com\/wp-content\/uploads\/2022\/04\/61b8c911edf0c_900.jpg?resize=560%2C315\" alt=\"\" width=\"560\" height=\"315\" srcset=\"https:\/\/i0.wp.com\/www.24baires.com\/wp-content\/uploads\/2022\/04\/61b8c911edf0c_900.jpg?w=900&amp;ssl=1 900w, https:\/\/i0.wp.com\/www.24baires.com\/wp-content\/uploads\/2022\/04\/61b8c911edf0c_900.jpg?resize=300%2C169&amp;ssl=1 300w, https:\/\/i0.wp.com\/www.24baires.com\/wp-content\/uploads\/2022\/04\/61b8c911edf0c_900.jpg?resize=768%2C432&amp;ssl=1 768w\" sizes=\"auto, (max-width: 560px) 100vw, 560px\" \/>Adem\u00e1s, con el objetivo de garantizar el acceso a productos esenciales, la Secretar\u00eda de Comercio Interior renov\u00f3 los principales programas +Precios Cuidados y Cortes Cuidados, una nueva etapa vigente hasta el 7 de julio.<!--more--><\/p>\n<p>La Secretar\u00eda de Comercio Interior lanz\u00f3 esta semana una nueva canasta de productos para comercios de proximidad, y otra de frutas y hortalizas a valores de referencia en supermercados, que estar\u00e1n disponibles a partir de este lunes 11 de abril.<\/p>\n<p>La dependencia oficial que conduce el secretario Roberto Feletti lanz\u00f3 el \u00faltimo jueves canastas que incluyen productos de almac\u00e9n, carnes y verduras.<\/p>\n<p>Adem\u00e1s, con el objetivo de garantizar el acceso a productos esenciales, se renovaron los principales programas +Precios Cuidados y Cortes Cuidados.<\/p>\n<p>+Precios Cuidados<br \/>\nComenz\u00f3 a regir la nueva etapa de +Precios Cuidados, el acuerdo anual con m\u00e1s de 150 empresas que contempla una canasta con 1.763 productos representativos del consumo promedio en diversos rubros y categor\u00edas.<\/p>\n<p>A los 1.359 productos de +Precios Cuidados, se sumaron otros 404 productos que se incorporan a partir de la entrada en vigencia del fideicomiso privado para harina 000 y fideos secos que participen de +Precios Cuidados, lo que arroja el total de 1.763 productos para esta nueva fase del programa.<\/p>\n<p>En este per\u00edodo, que se extiende hasta el pr\u00f3ximo 7 de julio, se acordaron nuevas pautas de revisi\u00f3n que ser\u00e1n del 6,37% promedio para todo el trimestre y que se implementar\u00e1n con una correcci\u00f3n mensual promedio del 2,3% hasta el 7 de mayo, 2,23% hasta el 7 de junio y 1,71% en el \u00faltimo mes.<\/p>\n","protected":false},"excerpt":{"rendered":"<p>Adem\u00e1s, con el objetivo de garantizar el acceso a productos esenciales, la Secretar\u00eda de Comercio Interior renov\u00f3 los principales programas +Precios Cuidados y Cortes Cuidados, una nueva etapa vigente hasta el 7 de julio.<\/p>\n","protected":false},"author":4,"featured_media":0,"comment_status":"closed","ping_status":"closed","sticky":false,"template":"","format":"standard","meta":{"_jetpack_newsletter_access":"","_jetpack_dont_email_post_to_subs":false,"_jetpack_newsletter_tier_id":0,"_jetpack_memberships_contains_paywalled_content":false,"_jetpack_memberships_contains_paid_content":false,"footnotes":""},"categories":[45],"tags":[],"class_list":["post-118727","post","type-post","status-publish","format-standard","hentry","category-economia"],"jetpack_featured_media_url":"","jetpack_shortlink":"https:\/\/wp.me\/p2JWE0-uSX","jetpack-related-posts":[{"id":118734,"url":"https:\/\/www.24baires.com\/?p=118734","url_meta":{"origin":118727,"position":0},"title":"Desde hoy rigen las nuevas canastas de productos frescos y esenciales","author":"GB","date":"11\/04\/2022","format":false,"excerpt":"Dentro de +Precios Cuidados, el Gobierno nacional dispuso una canasta complementaria de 60 productos para comercios de proximidad. El Gobierno nacional sumar\u00e1 desde este lunes dentro de +Precios Cuidados una canasta complementaria de 60 productos esenciales para comercios de proximidad y, a la vez, una oferta de precios acordados de\u2026","rel":"","context":"En \u00abConsumidores\u00bb","block_context":{"text":"Consumidores","link":"https:\/\/www.24baires.com\/?cat=78"},"img":{"alt_text":"","src":"https:\/\/i0.wp.com\/www.24baires.com\/wp-content\/uploads\/2018\/09\/precios-cuidados.jpg?resize=350%2C200","width":350,"height":200,"srcset":"https:\/\/i0.wp.com\/www.24baires.com\/wp-content\/uploads\/2018\/09\/precios-cuidados.jpg?resize=350%2C200 1x, https:\/\/i0.wp.com\/www.24baires.com\/wp-content\/uploads\/2018\/09\/precios-cuidados.jpg?resize=525%2C300 1.5x"},"classes":[]},{"id":117642,"url":"https:\/\/www.24baires.com\/?p=117642","url_meta":{"origin":118727,"position":1},"title":"Lanzan una canasta de 120 productos a precios congelados para parar la inflaci\u00f3n","author":"GB","date":"30\/05\/2021","format":false,"excerpt":"El gobierno buscar\u00e1 ampliar la producci\u00f3n y la oferta de Pymes y Cooperativas del interior. El precio estar\u00eda \"impreso\" en el envase para garantizar el cumplimiento del programa. El gobierno nacional, a trav\u00e9s de la Secretaria de Comercio Interior, trabaja en nuevos acuerdos con empresarios nacionales del sectores de alimento\u2026","rel":"","context":"En \u00abLocales\u00bb","block_context":{"text":"Locales","link":"https:\/\/www.24baires.com\/?cat=38"},"img":{"alt_text":"","src":"https:\/\/i0.wp.com\/www.24baires.com\/wp-content\/uploads\/2020\/04\/supermercado.jpg?resize=350%2C200","width":350,"height":200,"srcset":"https:\/\/i0.wp.com\/www.24baires.com\/wp-content\/uploads\/2020\/04\/supermercado.jpg?resize=350%2C200 1x, https:\/\/i0.wp.com\/www.24baires.com\/wp-content\/uploads\/2020\/04\/supermercado.jpg?resize=525%2C300 1.5x"},"classes":[]},{"id":118670,"url":"https:\/\/www.24baires.com\/?p=118670","url_meta":{"origin":118727,"position":2},"title":"Comercios de proximidad contar\u00e1n con una canasta de 60 productos regulados","author":"AF","date":"23\/03\/2022","format":false,"excerpt":"Con el objetivo de contener la suba de los precios de los principales productos de consumo masivo, se buscar\u00e1 armar una canasta de productos frescos en frutas y verduras que complemente la de cortes cuidados, que se sumar\u00e1n a la renovaci\u00f3n del programa Precios Cuidados en abril. Adem\u00e1s, el Secretario\u2026","rel":"","context":"En \u00abEconom\u00eda\u00bb","block_context":{"text":"Econom\u00eda","link":"https:\/\/www.24baires.com\/?cat=45"},"img":{"alt_text":"","src":"https:\/\/i0.wp.com\/www.24baires.com\/wp-content\/uploads\/2016\/05\/verduleria-cuotas.jpg?resize=350%2C200","width":350,"height":200,"srcset":"https:\/\/i0.wp.com\/www.24baires.com\/wp-content\/uploads\/2016\/05\/verduleria-cuotas.jpg?resize=350%2C200 1x, https:\/\/i0.wp.com\/www.24baires.com\/wp-content\/uploads\/2016\/05\/verduleria-cuotas.jpg?resize=525%2C300 1.5x"},"classes":[]},{"id":117819,"url":"https:\/\/www.24baires.com\/?p=117819","url_meta":{"origin":118727,"position":3},"title":"Se renueva el programa Precios Cuidados","author":"GB","date":"07\/07\/2021","format":false,"excerpt":"Tendr\u00e1 actualizaciones en los precios de los productos de entre un 4 y un 8%, seg\u00fan datos extraoficiales. Este mi\u00e9rcoles se renueva el programa Precios Cuidados, con actualizaciones en los precios de los productos incluidos que ser\u00e1n del orden de un d\u00edgito y se mantendr\u00e1n por un per\u00edodo de tres\u2026","rel":"","context":"En \u00abEconom\u00eda\u00bb","block_context":{"text":"Econom\u00eda","link":"https:\/\/www.24baires.com\/?cat=45"},"img":{"alt_text":"","src":"https:\/\/i0.wp.com\/www.24baires.com\/wp-content\/uploads\/2020\/04\/supermercado.jpg?resize=350%2C200","width":350,"height":200,"srcset":"https:\/\/i0.wp.com\/www.24baires.com\/wp-content\/uploads\/2020\/04\/supermercado.jpg?resize=350%2C200 1x, https:\/\/i0.wp.com\/www.24baires.com\/wp-content\/uploads\/2020\/04\/supermercado.jpg?resize=525%2C300 1.5x"},"classes":[]},{"id":118307,"url":"https:\/\/www.24baires.com\/?p=118307","url_meta":{"origin":118727,"position":4},"title":"El programa +Precios Cuidados continuar\u00e1 en 2022 con novedades","author":"AF","date":"07\/12\/2021","format":false,"excerpt":"Desde el Consejo Federal de Comercio Interior se estudia c\u00f3mo continuar con el programa el a\u00f1o pr\u00f3ximo, con el objetivo de impulsar las econom\u00edas locales a partir de la incorporaci\u00f3n de productos regionales. El Consejo Federal de Comercio Interior (Cofeci), presidido por el secretario del \u00e1rea Roberto Feletti, evalu\u00f3 la\u2026","rel":"","context":"En \u00abEconom\u00eda\u00bb","block_context":{"text":"Econom\u00eda","link":"https:\/\/www.24baires.com\/?cat=45"},"img":{"alt_text":"","src":"https:\/\/i0.wp.com\/www.24baires.com\/wp-content\/uploads\/2020\/05\/supermercado.jpg?resize=350%2C200","width":350,"height":200,"srcset":"https:\/\/i0.wp.com\/www.24baires.com\/wp-content\/uploads\/2020\/05\/supermercado.jpg?resize=350%2C200 1x, https:\/\/i0.wp.com\/www.24baires.com\/wp-content\/uploads\/2020\/05\/supermercado.jpg?resize=525%2C300 1.5x"},"classes":[]},{"id":113769,"url":"https:\/\/www.24baires.com\/?p=113769","url_meta":{"origin":118727,"position":5},"title":"El Gobierno se re\u00fane con supermercadistas chinos para armar otra canasta de Precios Cuidados","author":"AF","date":"12\/01\/2020","format":false,"excerpt":"El objetivo es ofrecer productos de presencia regional y se lo lanzar\u00eda en las pr\u00f3ximas semanas. Tambi\u00e9n participar\u00e1n almacenes y mayoristas. Los equipos t\u00e9cnicos de la Secretar\u00eda de Comercio Interior, encabezada por Paula Espa\u00f1ol, se reunir\u00e1n este lunes con referentes de supermercados chinos, almacenes, autoservicios y proveedores mayoristas, cuando buscar\u00e1n\u2026","rel":"","context":"En \u00abSociedad\u00bb","block_context":{"text":"Sociedad","link":"https:\/\/www.24baires.com\/?cat=1"},"img":{"alt_text":"","src":"https:\/\/i0.wp.com\/www.24baires.com\/wp-content\/uploads\/2019\/04\/precios-escenciales.jpg?resize=350%2C200","width":350,"height":200,"srcset":"https:\/\/i0.wp.com\/www.24baires.com\/wp-content\/uploads\/2019\/04\/precios-escenciales.jpg?resize=350%2C200 1x, https:\/\/i0.wp.com\/www.24baires.com\/wp-content\/uploads\/2019\/04\/precios-escenciales.jpg?resize=525%2C300 1.5x"},"classes":[]}],"jetpack_sharing_enabled":true,"jetpack_likes_enabled":true,"_links":{"self":[{"href":"https:\/\/www.24baires.com\/index.php?rest_route=\/wp\/v2\/posts\/118727","targetHints":{"allow":["GET"]}}],"collection":[{"href":"https:\/\/www.24baires.com\/index.php?rest_route=\/wp\/v2\/posts"}],"about":[{"href":"https:\/\/www.24baires.com\/index.php?rest_route=\/wp\/v2\/types\/post"}],"author":[{"embeddable":true,"href":"https:\/\/www.24baires.com\/index.php?rest_route=\/wp\/v2\/users\/4"}],"replies":[{"embeddable":true,"href":"https:\/\/www.24baires.com\/index.php?rest_route=%2Fwp%2Fv2%2Fcomments&post=118727"}],"version-history":[{"count":1,"href":"https:\/\/www.24baires.com\/index.php?rest_route=\/wp\/v2\/posts\/118727\/revisions"}],"predecessor-version":[{"id":118729,"href":"https:\/\/www.24baires.com\/index.php?rest_route=\/wp\/v2\/posts\/118727\/revisions\/118729"}],"wp:attachment":[{"href":"https:\/\/www.24baires.com\/index.php?rest_route=%2Fwp%2Fv2%2Fmedia&parent=118727"}],"wp:term":[{"taxonomy":"category","embeddable":true,"href":"https:\/\/www.24baires.com\/index.php?rest_route=%2Fwp%2Fv2%2Fcategories&post=118727"},{"taxonomy":"post_tag","embeddable":true,"href":"https:\/\/www.24baires.com\/index.php?rest_route=%2Fwp%2Fv2%2Ftags&post=118727"}],"curies":[{"name":"wp","href":"https:\/\/api.w.org\/{rel}","templated":true}]}}