{"id":118717,"date":"2022-04-05T08:46:47","date_gmt":"2022-04-05T11:46:47","guid":{"rendered":"http:\/\/www.24baires.com\/?p=118717"},"modified":"2022-04-05T08:46:47","modified_gmt":"2022-04-05T11:46:47","slug":"gobierno-cgt-y-uia-se-reencuentran-para-tratar-la-inflacion","status":"publish","type":"post","link":"https:\/\/www.24baires.com\/?p=118717","title":{"rendered":"Gobierno, CGT y UIA se reencuentran para tratar la inflaci\u00f3n"},"content":{"rendered":"<p><img data-recalc-dims=\"1\" loading=\"lazy\" decoding=\"async\" src=\"https:\/\/i0.wp.com\/www.24baires.com\/wp-content\/uploads\/2022\/04\/mg_acuerdo_tripartito-1jpeg.jpeg?resize=375%2C250\" alt=\"\" width=\"375\" height=\"250\" class=\"alignleft size-full wp-image-118718\" srcset=\"https:\/\/i0.wp.com\/www.24baires.com\/wp-content\/uploads\/2022\/04\/mg_acuerdo_tripartito-1jpeg.jpeg?w=375&amp;ssl=1 375w, https:\/\/i0.wp.com\/www.24baires.com\/wp-content\/uploads\/2022\/04\/mg_acuerdo_tripartito-1jpeg.jpeg?resize=300%2C200&amp;ssl=1 300w\" sizes=\"auto, (max-width: 375px) 100vw, 375px\" \/>Autoridades del Gobierno, la CGT y la UIA se re\u00fanen tras acordar \u00abenfrentar de manera m\u00e1s efectiva el problema de la inflaci\u00f3n\u00bb.<!--more--><\/p>\n<p>El \u00faltimo d\u00eda del mes pasado, tanto desde el Gobierno, como la Confederaci\u00f3n General del Trabajo (CGT) y la Uni\u00f3n Industrial Argentina (UIA) acordaron institucionalizar una mesa tripartita de trabajo para tratar la inflaci\u00f3n. Hoy por la tarde se reencuentran para profundizar el di\u00e1logo.<\/p>\n<p>Con el fin de tomar \u00abmedidas y coordinar acciones que permitan enfrentar de manera m\u00e1s efectiva el problema de la inflaci\u00f3n, en particular en lo atinente al acceso a los bienes y servicios b\u00e1sicos\u00bb, se le dar\u00e1 continuidad a la reuni\u00f3n del jueves pasado.<\/p>\n<p>Una vez m\u00e1s se espera la participaci\u00f3n de las autoridades del Gobierno encabezado por los ministros de Econom\u00eda, Trabajo y Desarrollo Productivo, Mart\u00edn Guzm\u00e1n, Claudio Moroni y Mat\u00edas Kulfas.<\/p>\n<p>Al igual que la semana pasada, se presentar\u00e1n el presidente de la UIA, Daniel Funes de Rioja; el secretario de la Entidad, Miguel \u00c1ngel Rodr\u00edguez; y el director ejecutivo, Diego Coatz; mientras que en representaci\u00f3n del sector sindical asistieron los secretarios generales de la CGT, H\u00e9ctor Daer y Carlos Acu\u00f1a, y el secretario general adjunto, Andr\u00e9s Rodr\u00edguez.<\/p>\n","protected":false},"excerpt":{"rendered":"<p>Autoridades del Gobierno, la CGT y la UIA se re\u00fanen tras acordar \u00abenfrentar de manera m\u00e1s efectiva el problema de la inflaci\u00f3n\u00bb.<\/p>\n","protected":false},"author":8,"featured_media":0,"comment_status":"closed","ping_status":"closed","sticky":false,"template":"","format":"standard","meta":{"_jetpack_newsletter_access":"","_jetpack_dont_email_post_to_subs":false,"_jetpack_newsletter_tier_id":0,"_jetpack_memberships_contains_paywalled_content":false,"_jetpack_memberships_contains_paid_content":false,"footnotes":""},"categories":[45],"tags":[],"class_list":["post-118717","post","type-post","status-publish","format-standard","hentry","category-economia"],"jetpack_featured_media_url":"","jetpack_shortlink":"https:\/\/wp.me\/p2JWE0-uSN","jetpack-related-posts":[{"id":105337,"url":"https:\/\/www.24baires.com\/?p=105337","url_meta":{"origin":118717,"position":0},"title":"Para la UIA, 6 de cada 10 empresas no podr\u00e1n pagar el bono de fin de a\u00f1o","author":"GB","date":"08\/11\/2018","format":false,"excerpt":"El vicepresidente de la entidad, Daniel Funes de Rioja, advirti\u00f3 que habr\u00eda que buscar formas de financiamiento para poder pagar el monto acordado con la CGT. Tras el acuerdo entre la CGT, el Gobierno y los empresarios para el pago de un bono de hasta $ 5.000 en dos cuotas\u2026","rel":"","context":"En \u00abPol\u00edtica\u00bb","block_context":{"text":"Pol\u00edtica","link":"https:\/\/www.24baires.com\/?cat=51"},"img":{"alt_text":"","src":"","width":0,"height":0},"classes":[]},{"id":105305,"url":"https:\/\/www.24baires.com\/?p=105305","url_meta":{"origin":118717,"position":1},"title":"El Gobierno aclar\u00f3 que el bono de fin de a\u00f1o ser\u00e1 de \u00abhasta $5.000\u00bb y no obligatorio","author":"AF","date":"06\/11\/2018","format":false,"excerpt":"El ministro de Producci\u00f3n y Trabajo dio precisiones sobre el acuerdo con la CGT y los empresarios que el Gobierno deber\u00e1 plasmar en un decreto. Los sindicalistas reclaman que los empleadores sean obligados a pagar el adicional. El ministro de Producci\u00f3n y Trabajo, Dante Sica, detall\u00f3 que el acuerdo alcanzado\u2026","rel":"","context":"En \u00abSociedad\u00bb","block_context":{"text":"Sociedad","link":"https:\/\/www.24baires.com\/?cat=1"},"img":{"alt_text":"","src":"https:\/\/i0.wp.com\/www.24baires.com\/wp-content\/uploads\/2018\/11\/macri-sica.jpg?resize=350%2C200","width":350,"height":200,"srcset":"https:\/\/i0.wp.com\/www.24baires.com\/wp-content\/uploads\/2018\/11\/macri-sica.jpg?resize=350%2C200 1x, https:\/\/i0.wp.com\/www.24baires.com\/wp-content\/uploads\/2018\/11\/macri-sica.jpg?resize=525%2C300 1.5x"},"classes":[]},{"id":112051,"url":"https:\/\/www.24baires.com\/?p=112051","url_meta":{"origin":118717,"position":2},"title":"Alberto Fern\u00e1ndez se reuni\u00f3 con la UIA y la CGT","author":"GB","date":"12\/09\/2019","format":false,"excerpt":"El candidato presidencial del Frente de Todos se junt\u00f3 con Miguel Acevedo, de la Uni\u00f3n Industrial Argentina; H\u00e9ctor Daer y el candidato a diputado nacional Sergio Massa. El m\u00e1s votado en las PASO apuesta a un acuerdo para recomponer el salario en lo que ser\u00eda el primer semestre de su\u2026","rel":"","context":"En \u00abPol\u00edtica\u00bb","block_context":{"text":"Pol\u00edtica","link":"https:\/\/www.24baires.com\/?cat=51"},"img":{"alt_text":"","src":"https:\/\/i0.wp.com\/www.24baires.com\/wp-content\/uploads\/2019\/09\/alberto-cgt.jpg?resize=350%2C200","width":350,"height":200,"srcset":"https:\/\/i0.wp.com\/www.24baires.com\/wp-content\/uploads\/2019\/09\/alberto-cgt.jpg?resize=350%2C200 1x, https:\/\/i0.wp.com\/www.24baires.com\/wp-content\/uploads\/2019\/09\/alberto-cgt.jpg?resize=525%2C300 1.5x"},"classes":[]},{"id":104808,"url":"https:\/\/www.24baires.com\/?p=104808","url_meta":{"origin":118717,"position":3},"title":"Advierten que los trabajadores perder\u00e1n 18% de su salario por la inflaci\u00f3n de este a\u00f1o","author":"GB","date":"06\/10\/2018","format":false,"excerpt":"Construcci\u00f3n, Administraci\u00f3n Nacional e Industria Alimentaria son los tres sectores que registran mayor ca\u00edda. Adem\u00e1s se observa un crecimiento del trabajo no registrado. Estimaci\u00f3n privadas aseguran que en el sector industrial se podr\u00edan perder 40 mil puestos de trabajo en 2018. Las expectativas por la inflaci\u00f3n anual no son buenas.\u2026","rel":"","context":"En \u00abSociedad\u00bb","block_context":{"text":"Sociedad","link":"https:\/\/www.24baires.com\/?cat=1"},"img":{"alt_text":"","src":"https:\/\/i0.wp.com\/www.24baires.com\/wp-content\/uploads\/2018\/10\/trabajadores.jpg?resize=350%2C200","width":350,"height":200,"srcset":"https:\/\/i0.wp.com\/www.24baires.com\/wp-content\/uploads\/2018\/10\/trabajadores.jpg?resize=350%2C200 1x, https:\/\/i0.wp.com\/www.24baires.com\/wp-content\/uploads\/2018\/10\/trabajadores.jpg?resize=525%2C300 1.5x"},"classes":[]},{"id":112196,"url":"https:\/\/www.24baires.com\/?p=112196","url_meta":{"origin":118717,"position":4},"title":"Los trabajadores del sector privado recibir\u00e1n un bono de $ 5000","author":"AF","date":"23\/09\/2019","format":false,"excerpt":"Tras varias idas y vueltas, el Gobierno, empresarios y la GCT acordaron dar un bono de emergencia \u201cobligatorio\u201d de 5000 pesos para los trabajadores del sector privado, que ser\u00e1 no remunerativo y solo en car\u00e1cter de adelanto de las futuras revisiones paritarias. Ma\u00f1ana habr\u00e1 un nuevo encuentro para terminar de\u2026","rel":"","context":"En \u00abSociedad\u00bb","block_context":{"text":"Sociedad","link":"https:\/\/www.24baires.com\/?cat=1"},"img":{"alt_text":"","src":"https:\/\/i0.wp.com\/www.24baires.com\/wp-content\/uploads\/2019\/02\/trabajador.jpg?resize=350%2C200","width":350,"height":200,"srcset":"https:\/\/i0.wp.com\/www.24baires.com\/wp-content\/uploads\/2019\/02\/trabajador.jpg?resize=350%2C200 1x, https:\/\/i0.wp.com\/www.24baires.com\/wp-content\/uploads\/2019\/02\/trabajador.jpg?resize=525%2C300 1.5x"},"classes":[]},{"id":113601,"url":"https:\/\/www.24baires.com\/?p=113601","url_meta":{"origin":118717,"position":5},"title":"Alberto recibir\u00e1 a empresarios y sindicalistas","author":"GB","date":"27\/12\/2019","format":false,"excerpt":"El encuentro ser\u00e1 este viernes en Casa Rosada. Participar\u00e1n la la CGT, la UIA, las C\u00e1maras de Comercio y Construcci\u00f3n, la Bolsa, las entidades del campo y pymes. El presidente Alberto Fern\u00e1ndez recibir\u00e1 este viernes en Casa Rosada desde las 16 a representantes de las c\u00e1maras empresariales y de los\u2026","rel":"","context":"En \u00abPol\u00edtica\u00bb","block_context":{"text":"Pol\u00edtica","link":"https:\/\/www.24baires.com\/?cat=51"},"img":{"alt_text":"","src":"https:\/\/i0.wp.com\/www.24baires.com\/wp-content\/uploads\/2019\/12\/alberto-sindicalistas.jpg?resize=350%2C200","width":350,"height":200,"srcset":"https:\/\/i0.wp.com\/www.24baires.com\/wp-content\/uploads\/2019\/12\/alberto-sindicalistas.jpg?resize=350%2C200 1x, https:\/\/i0.wp.com\/www.24baires.com\/wp-content\/uploads\/2019\/12\/alberto-sindicalistas.jpg?resize=525%2C300 1.5x"},"classes":[]}],"jetpack_sharing_enabled":true,"jetpack_likes_enabled":true,"_links":{"self":[{"href":"https:\/\/www.24baires.com\/index.php?rest_route=\/wp\/v2\/posts\/118717","targetHints":{"allow":["GET"]}}],"collection":[{"href":"https:\/\/www.24baires.com\/index.php?rest_route=\/wp\/v2\/posts"}],"about":[{"href":"https:\/\/www.24baires.com\/index.php?rest_route=\/wp\/v2\/types\/post"}],"author":[{"embeddable":true,"href":"https:\/\/www.24baires.com\/index.php?rest_route=\/wp\/v2\/users\/8"}],"replies":[{"embeddable":true,"href":"https:\/\/www.24baires.com\/index.php?rest_route=%2Fwp%2Fv2%2Fcomments&post=118717"}],"version-history":[{"count":1,"href":"https:\/\/www.24baires.com\/index.php?rest_route=\/wp\/v2\/posts\/118717\/revisions"}],"predecessor-version":[{"id":118719,"href":"https:\/\/www.24baires.com\/index.php?rest_route=\/wp\/v2\/posts\/118717\/revisions\/118719"}],"wp:attachment":[{"href":"https:\/\/www.24baires.com\/index.php?rest_route=%2Fwp%2Fv2%2Fmedia&parent=118717"}],"wp:term":[{"taxonomy":"category","embeddable":true,"href":"https:\/\/www.24baires.com\/index.php?rest_route=%2Fwp%2Fv2%2Fcategories&post=118717"},{"taxonomy":"post_tag","embeddable":true,"href":"https:\/\/www.24baires.com\/index.php?rest_route=%2Fwp%2Fv2%2Ftags&post=118717"}],"curies":[{"name":"wp","href":"https:\/\/api.w.org\/{rel}","templated":true}]}}