{"id":118688,"date":"2022-03-29T19:10:28","date_gmt":"2022-03-29T22:10:28","guid":{"rendered":"http:\/\/www.24baires.com\/?p=118688"},"modified":"2022-03-29T19:10:28","modified_gmt":"2022-03-29T22:10:28","slug":"piden-aplicar-las-leyes-de-abastecimiento-y-de-gondolas-ante-el-incremento-de-precios","status":"publish","type":"post","link":"https:\/\/www.24baires.com\/?p=118688","title":{"rendered":"Piden aplicar las leyes de abastecimiento y de g\u00f3ndolas ante el incremento de precios"},"content":{"rendered":"<p><img data-recalc-dims=\"1\" loading=\"lazy\" decoding=\"async\" class=\"aligncenter wp-image-118689\" src=\"https:\/\/i0.wp.com\/www.24baires.com\/wp-content\/uploads\/2022\/03\/6126145f1321d_900.jpg?resize=560%2C315\" alt=\"\" width=\"560\" height=\"315\" srcset=\"https:\/\/i0.wp.com\/www.24baires.com\/wp-content\/uploads\/2022\/03\/6126145f1321d_900.jpg?w=900&amp;ssl=1 900w, https:\/\/i0.wp.com\/www.24baires.com\/wp-content\/uploads\/2022\/03\/6126145f1321d_900.jpg?resize=300%2C169&amp;ssl=1 300w, https:\/\/i0.wp.com\/www.24baires.com\/wp-content\/uploads\/2022\/03\/6126145f1321d_900.jpg?resize=768%2C432&amp;ssl=1 768w\" sizes=\"auto, (max-width: 560px) 100vw, 560px\" \/>Los legisladores firmaron la declaraci\u00f3n \u00abDefendamos la mesa de los argentinos\u00bb, donde se pronunciaron a favor de aplicar las leyes ante el aumento de los precios en los productos de la canasta familiar.<!--more--><\/p>\n<p>Diputados del Frente de Todos (FdT) firmaron hoy una declaraci\u00f3n en la cual piden al Gobierno nacional que aplique las leyes de Abastecimiento y de G\u00f3ndolas para proteger a los sectores populares m\u00e1s afectados por el incremento de los precios y sostuvieron que \u00abes urgente unir esfuerzos\u00bb para que no falte comida en la mesa de los argentinos.<\/p>\n<p>Los legisladores del FdT Victoria Tolosa Paz, Natalia Souto, Nancy Sand, Leonardo Grosso, Daniel Arroyo y Eduardo Tonioli se juntaron hoy en el Anexo del cuerpo legislativo para firmar la declaraci\u00f3n \u00abDefendamos la mesa de los argentinos\u00bb, donde se pronunciaron a favor de aplicar las leyes ante el aumento de los precios en los productos de la canasta familiar.<\/p>\n<p>Souto -una de las principales impulsora del documento- afirm\u00f3 que \u00aben estos momentos donde hay una fuerte aceleraci\u00f3n de precios, en particular de los alimentos, somos absolutamente conscientes de que quienes m\u00e1s sufren la inflaci\u00f3n son los sectores populares. Por eso, es urgente unir esfuerzos para que no falte un plato de comida en la mesa de ning\u00fan argentino o argentina\u00bb.<\/p>\n<p>\u00abLos aumentos que se producen en las g\u00f3ndolas no tienen demasiada justificaci\u00f3n m\u00e1s que la especulaci\u00f3n de quienes se siguen enriqueciendo a costa del sufrimiento de nuestro pueblo\u00bb, subray\u00f3.<\/p>\n","protected":false},"excerpt":{"rendered":"<p>Los legisladores firmaron la declaraci\u00f3n \u00abDefendamos la mesa de los argentinos\u00bb, donde se pronunciaron a favor de aplicar las leyes ante el aumento de los precios en los productos de la canasta familiar.<\/p>\n","protected":false},"author":4,"featured_media":0,"comment_status":"closed","ping_status":"closed","sticky":false,"template":"","format":"standard","meta":{"_jetpack_newsletter_access":"","_jetpack_dont_email_post_to_subs":false,"_jetpack_newsletter_tier_id":0,"_jetpack_memberships_contains_paywalled_content":false,"_jetpack_memberships_contains_paid_content":false,"footnotes":""},"categories":[45,51],"tags":[],"class_list":["post-118688","post","type-post","status-publish","format-standard","hentry","category-economia","category-politica"],"jetpack_featured_media_url":"","jetpack_shortlink":"https:\/\/wp.me\/p2JWE0-uSk","jetpack-related-posts":[{"id":113913,"url":"https:\/\/www.24baires.com\/?p=113913","url_meta":{"origin":118688,"position":0},"title":"Denuncian que en Mar del Plata falta un 40% de los productos de Precios Cuidados","author":"GB","date":"24\/01\/2020","format":false,"excerpt":"As\u00ed lo advirtieron desde la Asociaci\u00f3n de Consumidores Argentinos. \"Hay g\u00f3ndolas en las que est\u00e1 se\u00f1alizado pero el producto no est\u00e1\", explicaron. El titular de la Asociaci\u00f3n de Consumidores Argentinos, Sergio Procelli, denunci\u00f3 que en Mar del Plata falta un 40% de los productos de Precios Cuidados. El resultado surgi\u00f3\u2026","rel":"","context":"En \u00abMunicipios\u00bb","block_context":{"text":"Municipios","link":"https:\/\/www.24baires.com\/?cat=44"},"img":{"alt_text":"","src":"https:\/\/i0.wp.com\/www.24baires.com\/wp-content\/uploads\/2015\/01\/precios-cuidados.jpg?resize=350%2C200","width":350,"height":200,"srcset":"https:\/\/i0.wp.com\/www.24baires.com\/wp-content\/uploads\/2015\/01\/precios-cuidados.jpg?resize=350%2C200 1x, https:\/\/i0.wp.com\/www.24baires.com\/wp-content\/uploads\/2015\/01\/precios-cuidados.jpg?resize=525%2C300 1.5x"},"classes":[]},{"id":27646,"url":"https:\/\/www.24baires.com\/?p=27646","url_meta":{"origin":118688,"position":1},"title":"Cr\u00edticas a Moreno y apa\u00f1o a firmas multimillonarias","author":"AF","date":"05\/07\/2013","format":false,"excerpt":"mCada vez que Guillermo Moreno es noticia, es decir, cada vez que desde la Secretaria de Comercio exterior se realiza alguna acci\u00f3n, este funcionario nacional es objeto de la m\u00e1s variada gama de repudios, indignaciones e insultos por parte del arco opositor. Encendidas acusaciones de cruzan en contra de Moreno\u2026","rel":"","context":"En \u00abOpini\u00f3n\u00bb","block_context":{"text":"Opini\u00f3n","link":"https:\/\/www.24baires.com\/?cat=64"},"img":{"alt_text":"moreno guillermo","src":"https:\/\/i0.wp.com\/www.24baires.com\/wp-content\/uploads\/2013\/05\/moreno-guillermo.jpg?resize=350%2C200","width":350,"height":200,"srcset":"https:\/\/i0.wp.com\/www.24baires.com\/wp-content\/uploads\/2013\/05\/moreno-guillermo.jpg?resize=350%2C200 1x, https:\/\/i0.wp.com\/www.24baires.com\/wp-content\/uploads\/2013\/05\/moreno-guillermo.jpg?resize=525%2C300 1.5x"},"classes":[]},{"id":114130,"url":"https:\/\/www.24baires.com\/?p=114130","url_meta":{"origin":118688,"position":2},"title":"El sector PyMe pide la celeridad de la \u201cLey de G\u00f3ndolas\u201d","author":"GB","date":"14\/02\/2020","format":false,"excerpt":"El presidente de la Asociaci\u00f3n de Empresarios Nacionales (ENAC), Leo Bilansky analiz\u00f3 la situaci\u00f3n del sector y el impacto de las medidas que adopt\u00f3 en Gobierno nacional. \u201cLas medidas que aplic\u00f3 la administraci\u00f3n de Alberto Fern\u00e1ndez apuntan a orientar la negociaci\u00f3n con el Fondo Monetario Internacional (FMI) y con los\u2026","rel":"","context":"En \u00abPol\u00edtica\u00bb","block_context":{"text":"Pol\u00edtica","link":"https:\/\/www.24baires.com\/?cat=51"},"img":{"alt_text":"","src":"https:\/\/i0.wp.com\/www.24baires.com\/wp-content\/uploads\/2016\/05\/pymes.jpg?resize=350%2C200","width":350,"height":200,"srcset":"https:\/\/i0.wp.com\/www.24baires.com\/wp-content\/uploads\/2016\/05\/pymes.jpg?resize=350%2C200 1x, https:\/\/i0.wp.com\/www.24baires.com\/wp-content\/uploads\/2016\/05\/pymes.jpg?resize=525%2C300 1.5x"},"classes":[]},{"id":118641,"url":"https:\/\/www.24baires.com\/?p=118641","url_meta":{"origin":118688,"position":3},"title":"Intimaron a exportadores de carne a cumplir con la provisi\u00f3n del plan Cortes Cuidados","author":"AF","date":"15\/03\/2022","format":false,"excerpt":"La medida se tom\u00f3 luego de que el Consorcio de Exportadores de Carnes Argentina (ABC) anunciara a diversas cadenas de supermercado un \"inminente cese\" en la provisi\u00f3n de los cortes que integran el programa. La Secretar\u00eda de Comercio Interior intim\u00f3 a las empresas integrantes del Consorcio de Exportadores de Carnes\u2026","rel":"","context":"En \u00abEconom\u00eda\u00bb","block_context":{"text":"Econom\u00eda","link":"https:\/\/www.24baires.com\/?cat=45"},"img":{"alt_text":"","src":"https:\/\/i0.wp.com\/www.24baires.com\/wp-content\/uploads\/2022\/03\/6200ea5c361bd_900.jpg?resize=350%2C200","width":350,"height":200,"srcset":"https:\/\/i0.wp.com\/www.24baires.com\/wp-content\/uploads\/2022\/03\/6200ea5c361bd_900.jpg?resize=350%2C200 1x, https:\/\/i0.wp.com\/www.24baires.com\/wp-content\/uploads\/2022\/03\/6200ea5c361bd_900.jpg?resize=525%2C300 1.5x"},"classes":[]},{"id":62468,"url":"https:\/\/www.24baires.com\/?p=62468","url_meta":{"origin":118688,"position":4},"title":"\u00abCrecimiento industrial\u00bb, el eje de los proyectos enviados por Cristina","author":"Grupo Sierra","date":"01\/03\/2015","format":false,"excerpt":"Es un paquete de proyectos de ley para sostener y aumentar el \u201ccrecimiento industrial\u201d. \u201cNo creen fantasmas,este Gobierno no va a tomar ninguna medida contra las empresas\u201d, dijo ante la Asamblea. Seg\u00fan precis\u00f3 la mandataria, uno de los proyectos apuntar\u00e1 a \u201cdarle mayor protecci\u00f3n al modelo y dise\u00f1o industrial, para\u2026","rel":"","context":"En \u00abLegislativo\u00bb","block_context":{"text":"Legislativo","link":"https:\/\/www.24baires.com\/?cat=75"},"img":{"alt_text":"parque industrial","src":"https:\/\/i0.wp.com\/www.24baires.com\/wp-content\/uploads\/2013\/01\/parque-industrial.jpg?resize=350%2C200","width":350,"height":200},"classes":[]},{"id":116312,"url":"https:\/\/www.24baires.com\/?p=116312","url_meta":{"origin":118688,"position":5},"title":"El Gobierno extiende el decreto que congela alquileres y proh\u00edbe desalojos","author":"AF","date":"24\/09\/2020","format":false,"excerpt":"\"Los dos decretos ya est\u00e1n escritos\", adelant\u00f3 la vicejefa de Gabinete, y afirm\u00f3 que el Ejecutivo va a seguir acompa\u00f1ando a la gente que alquila porque \"no han podido recuperar todo el ingreso que han perdido producto de la pandemia\". La vicejefa de Gabinete, Cecilia Todesca Bocco, anticip\u00f3 que se\u2026","rel":"","context":"En \u00abSociedad\u00bb","block_context":{"text":"Sociedad","link":"https:\/\/www.24baires.com\/?cat=1"},"img":{"alt_text":"","src":"https:\/\/i0.wp.com\/www.24baires.com\/wp-content\/uploads\/2014\/04\/alquiler.jpg?resize=350%2C200","width":350,"height":200,"srcset":"https:\/\/i0.wp.com\/www.24baires.com\/wp-content\/uploads\/2014\/04\/alquiler.jpg?resize=350%2C200 1x, https:\/\/i0.wp.com\/www.24baires.com\/wp-content\/uploads\/2014\/04\/alquiler.jpg?resize=525%2C300 1.5x"},"classes":[]}],"jetpack_sharing_enabled":true,"jetpack_likes_enabled":true,"_links":{"self":[{"href":"https:\/\/www.24baires.com\/index.php?rest_route=\/wp\/v2\/posts\/118688","targetHints":{"allow":["GET"]}}],"collection":[{"href":"https:\/\/www.24baires.com\/index.php?rest_route=\/wp\/v2\/posts"}],"about":[{"href":"https:\/\/www.24baires.com\/index.php?rest_route=\/wp\/v2\/types\/post"}],"author":[{"embeddable":true,"href":"https:\/\/www.24baires.com\/index.php?rest_route=\/wp\/v2\/users\/4"}],"replies":[{"embeddable":true,"href":"https:\/\/www.24baires.com\/index.php?rest_route=%2Fwp%2Fv2%2Fcomments&post=118688"}],"version-history":[{"count":1,"href":"https:\/\/www.24baires.com\/index.php?rest_route=\/wp\/v2\/posts\/118688\/revisions"}],"predecessor-version":[{"id":118690,"href":"https:\/\/www.24baires.com\/index.php?rest_route=\/wp\/v2\/posts\/118688\/revisions\/118690"}],"wp:attachment":[{"href":"https:\/\/www.24baires.com\/index.php?rest_route=%2Fwp%2Fv2%2Fmedia&parent=118688"}],"wp:term":[{"taxonomy":"category","embeddable":true,"href":"https:\/\/www.24baires.com\/index.php?rest_route=%2Fwp%2Fv2%2Fcategories&post=118688"},{"taxonomy":"post_tag","embeddable":true,"href":"https:\/\/www.24baires.com\/index.php?rest_route=%2Fwp%2Fv2%2Ftags&post=118688"}],"curies":[{"name":"wp","href":"https:\/\/api.w.org\/{rel}","templated":true}]}}