{"id":11868,"date":"2013-01-11T17:03:55","date_gmt":"2013-01-11T20:03:55","guid":{"rendered":"http:\/\/www.24baires.com\/?p=11868"},"modified":"2013-01-11T17:04:12","modified_gmt":"2013-01-11T20:04:12","slug":"rechazan-el-pedido-de-arresto-domiciliario-para-funcionaria-condenada-por-cromanon","status":"publish","type":"post","link":"https:\/\/www.24baires.com\/?p=11868","title":{"rendered":"Rechazan el pedido de arresto domiciliario para funcionaria condenada por Croma\u00f1\u00f3n"},"content":{"rendered":"<p>La C\u00e1mara Federal de Casaci\u00f3n rechaz\u00f3 conceder el arresto domiciliario a Ana Mar\u00eda Fern\u00e1ndez, quien fue condenada a tres a\u00f1os y medio de prisi\u00f3n en la causa por la tragedia de Croma\u00f1\u00f3n, y est\u00e1 presa en la c\u00e1rcel bonaerense de Ezeiza.<!--more--><br \/>\nFuentes judiciales informaron que la decisi\u00f3n fue adoptada por dos votos contra uno por la sala de feria del m\u00e1ximo tribunal penal del pa\u00eds que, as\u00ed, ratific\u00f3 lo dispuesto en diciembre pasado por el Tribunal Oral en lo Criminal (TOC) 24, a cargo de la causa por la tragedia que provoc\u00f3 194 muertos.<\/p>\n<p>Seg\u00fan el voto de los camaristas Liliana Catucci y Eduardo Riggi, el beb\u00e9 \u00abno se encuentra en situaci\u00f3n de desamparo ni de inseguridad material o moral\u00bb.<\/p>\n<p>Mientras que en minor\u00eda, la camarista Angela Ledesma advirti\u00f3 que seg\u00fan un informe de la Procuraci\u00f3n Penitenciaria en la unidad 31, donde se alojan madres con chicos hasta 4 a\u00f1os hay \u00abcucarachas\u00bb, casi no entra luz del sol y no hay guardia pedi\u00e1trica.<\/p>\n<p>Riggi y Catucci ratificaron lo resuelto por el TOC 24 y afirmaron que la decisi\u00f3n \u00abno se advierte re\u00f1ida con las normas nacionales o internacionales que protegen sus derechos\u00bb.<\/p>\n<p>\u00abLa decisi\u00f3n de mantener al beb\u00e9 consigo es del resorte decisivo de su progenitora, habida cuenta que su pareja no se encuentra impedida de hacerse cargo en la medida de sus posibilidades. Alternativas que no inciden en detrimento de la integralidad de los derechos del ni\u00f1o\u00bb, agregaron los camaristas, quienes hicieron referencia a la pareja de Fern\u00e1ndez, Gabriela Aguad.<\/p>\n<p>Los camaristas recordaron que la pareja de Fern\u00e1ndez trabaja por la tarde en el PAMI y es sost\u00e9n del hogar.<\/p>\n<p>Por su parte, en el voto minoritario Ledesma afirm\u00f3 que deber\u00eda concederse el arresto domiciliario porque Fern\u00e1ndez \u00abes la madre biol\u00f3gica que amamanta a su hijo, circunstancia vital para el crecimiento del menor\u00bb.<\/p>\n<p>Adem\u00e1s, aludi\u00f3 a la decisi\u00f3n del TOC 24 que en sus fundamentos para rechazar el pedido, aludi\u00f3 a la condici\u00f3n de la pareja y a la existencia de \u00abdos madres\u00bb.<\/p>\n<p>\u00abLlama poderosamente la atenci\u00f3n que el Tribunal valore que Fern\u00e1ndez se haya casado con otra mujer, lo que garantizar\u00eda la presencia de dos madre en el hogar\u00bb, dijo en su voto la camarista Ledesma.<\/p>\n<p>\u00abLa visi\u00f3n expuesta en la decisi\u00f3n impugnada, parece traslucir que la relaci\u00f3n y v\u00ednculo de la madre (o padre) con los hijos puede llegar a variar si los progenitores son del mismo g\u00e9nero. En este caso, dos mujeres\u00bb, concluy\u00f3.<\/p>\n<p>Fern\u00e1ndez seguir\u00e1 en el penal mientras que su abogado Oscar Vignale presentar\u00e1 un recurso extraordinario para intentar llegar a la Corte Suprema de Justicia de la Naci\u00f3n.<\/p>\n<p>Fern\u00e1ndez, ex directora general adjunta de la Direcci\u00f3n General de Fiscalizaci\u00f3n y Control de la ciudad de Buenos Aires, fue condenada a tres a\u00f1os y seis meses de prisi\u00f3n.<\/p>\n<p>Al igual que el resto de los condenados por la tragedia del 30 de diciembre del 2004, Fern\u00e1ndez fue a la c\u00e1rcel el 21 de diciembre \u00faltimo, luego de que la sala III de la C\u00e1mara de Casaci\u00f3n Penal dispuso el inmediato cumplimiento en prisi\u00f3n de las penas impuestas a todos los acusados.<\/p>\n<p>Adem\u00e1s de Fern\u00e1ndez, fueron a la c\u00e1rcel el ex gerenciador del boliche incendiado, Omar Chab\u00e1n, y su mano derecha, Ra\u00fal Villarreal.<\/p>\n<p>Tambi\u00e9n, los integrantes del grupo Callejeros: Maximiliano Djerfy, Elio Toledo, Juan Carbone, Cristian Torrej\u00f3n y Daniel Cardell y el m\u00e1nager Diego Arga\u00f1ar\u00e1z.<\/p>\n<p>El cantante Patricio Santos Fontanet permanece internado en una cl\u00ednica psiqui\u00e1trica de la ciudad de C\u00f3rdoba bajo custodia policial, mientras que el baterista Eduardo V\u00e1squez ya estaba detenido por el crimen de su esposa Wanda Taddei.<\/p>\n<p>Los otros que fueron a la c\u00e1rcel fueron el ex subcomisario Carlos D\u00edaz y los ex funcionarios porte\u00f1os Fabiana Fiszbin y Gustavo Torres.<\/p>\n<p>&nbsp;<\/p>\n<p>&nbsp;<\/p>\n<p>&nbsp;<\/p>\n<p>&nbsp;<\/p>\n<p>&nbsp;<\/p>\n<p>&nbsp;<\/p>\n<p>&nbsp;<\/p>\n<p>&nbsp;<\/p>\n<p>&nbsp;<\/p>\n<p>&nbsp;<\/p>\n<p>&nbsp;<\/p>\n<p>&nbsp;<\/p>\n<p>&nbsp;<\/p>\n<p>&nbsp;<\/p>\n<p>&nbsp;<\/p>\n<p>&nbsp;<\/p>\n<p>&nbsp;<\/p>\n<p>&nbsp;<\/p>\n<p>&nbsp;<\/p>\n","protected":false},"excerpt":{"rendered":"<p>La C\u00e1mara Federal de Casaci\u00f3n rechaz\u00f3 conceder el arresto domiciliario a Ana Mar\u00eda Fern\u00e1ndez, quien fue condenada a tres a\u00f1os y medio de prisi\u00f3n en la causa por la tragedia de Croma\u00f1\u00f3n, y est\u00e1 presa en la c\u00e1rcel bonaerense de Ezeiza.<\/p>\n","protected":false},"author":4,"featured_media":0,"comment_status":"open","ping_status":"open","sticky":false,"template":"","format":"standard","meta":{"_jetpack_newsletter_access":"","_jetpack_dont_email_post_to_subs":false,"_jetpack_newsletter_tier_id":0,"_jetpack_memberships_contains_paywalled_content":false,"_jetpack_memberships_contains_paid_content":false,"footnotes":""},"categories":[1],"tags":[],"class_list":["post-11868","post","type-post","status-publish","format-standard","hentry","category-sociedad"],"jetpack_featured_media_url":"","jetpack_shortlink":"https:\/\/wp.me\/p2JWE0-35q","jetpack-related-posts":[{"id":59279,"url":"https:\/\/www.24baires.com\/?p=59279","url_meta":{"origin":11868,"position":0},"title":"En marzo realizar\u00e1n una audiencia para revisar las condenas por Croma\u00f1\u00f3n","author":"GB","date":"29\/12\/2014","format":false,"excerpt":"La C\u00e1mara Federal de Casaci\u00f3n Penal convoc\u00f3 a una audiencia oral y p\u00fablica para el pr\u00f3ximo 13 de marzo, tras lo cual decidir\u00e1 si confirma o no las penas impuestas a los acusados por la tragedia de Croma\u00f1\u00f3n, en la que murieron 194 personas en 2004. El presidente de la\u2026","rel":"","context":"En \u00abJUDICIALES\u00bb","block_context":{"text":"JUDICIALES","link":"https:\/\/www.24baires.com\/?cat=68"},"img":{"alt_text":"croma\u00f1on","src":"https:\/\/i0.wp.com\/www.24baires.com\/wp-content\/uploads\/2012\/12\/croma%C3%B1on.jpg?resize=350%2C200","width":350,"height":200,"srcset":"https:\/\/i0.wp.com\/www.24baires.com\/wp-content\/uploads\/2012\/12\/croma%C3%B1on.jpg?resize=350%2C200 1x, https:\/\/i0.wp.com\/www.24baires.com\/wp-content\/uploads\/2012\/12\/croma%C3%B1on.jpg?resize=525%2C300 1.5x"},"classes":[]},{"id":67572,"url":"https:\/\/www.24baires.com\/?p=67572","url_meta":{"origin":11868,"position":1},"title":"El martes se realizar\u00e1 una audiencia para revisar condenas por Croma\u00f1\u00f3n","author":"GB","date":"15\/06\/2015","format":false,"excerpt":"La C\u00e1mara Federal de Casaci\u00f3n Penal realizar\u00e1 ma\u00f1ana una audiencia \"clave\" para decidir si confirma o no las penas impuestas a los condenados por la tragedia de Croma\u00f1\u00f3n, en la que murieron 194 personas en diciembre de 2004. Fuentes judiciales confirmaron que el tr\u00e1mite procesal estar\u00e1 a cargo de la\u2026","rel":"","context":"En \u00abJUDICIALES\u00bb","block_context":{"text":"JUDICIALES","link":"https:\/\/www.24baires.com\/?cat=68"},"img":{"alt_text":"","src":"","width":0,"height":0},"classes":[]},{"id":75167,"url":"https:\/\/www.24baires.com\/?p=75167","url_meta":{"origin":11868,"position":2},"title":"Rechazan recursos de ex Callejeros contra condenas","author":"GB","date":"17\/11\/2015","format":false,"excerpt":"La C\u00e1mara desestim\u00f3 los recursos presentados por los ex m\u00fasicos contra las condenas que se les impusieron por la tragedia de Croma\u00f1\u00f3n del 2004, que los podr\u00eda llevar nuevamente a prisi\u00f3n. Ante esta decisi\u00f3n del m\u00e1ximo tribunal penal del pa\u00eds, todos los condenados podr\u00edan ir en queja a la Corte,\u2026","rel":"","context":"En \u00abSociedad\u00bb","block_context":{"text":"Sociedad","link":"https:\/\/www.24baires.com\/?cat=1"},"img":{"alt_text":"cromagnon","src":"https:\/\/i0.wp.com\/www.24baires.com\/wp-content\/uploads\/2015\/05\/cromagnon.jpg?resize=350%2C200","width":350,"height":200,"srcset":"https:\/\/i0.wp.com\/www.24baires.com\/wp-content\/uploads\/2015\/05\/cromagnon.jpg?resize=350%2C200 1x, https:\/\/i0.wp.com\/www.24baires.com\/wp-content\/uploads\/2015\/05\/cromagnon.jpg?resize=525%2C300 1.5x"},"classes":[]},{"id":30680,"url":"https:\/\/www.24baires.com\/?p=30680","url_meta":{"origin":11868,"position":3},"title":"Croma\u00f1\u00f3n: pedir\u00e1n el arresto domiciliario para Chab\u00e1n por su grave estado de salud","author":"GB","date":"23\/08\/2013","format":false,"excerpt":"La defensa de Omar Chab\u00e1n, condenado por el incendio del boliche Croma\u00f1\u00f3n donde murieron 194 personas, podr\u00eda pedir el \"arresto domiciliario\" ya que el empresario se encuentra internado en el Hospital Santojanni por un linfoma de Hodgkin en un grado avanzado y tiene \"un 40% de esperanza de vida\". \"Chab\u00e1n\u2026","rel":"","context":"En \u00abSociedad\u00bb","block_context":{"text":"Sociedad","link":"https:\/\/www.24baires.com\/?cat=1"},"img":{"alt_text":"Chaban","src":"https:\/\/i0.wp.com\/www.24baires.com\/wp-content\/uploads\/2013\/08\/Chaban.jpg?resize=350%2C200","width":350,"height":200,"srcset":"https:\/\/i0.wp.com\/www.24baires.com\/wp-content\/uploads\/2013\/08\/Chaban.jpg?resize=350%2C200 1x, https:\/\/i0.wp.com\/www.24baires.com\/wp-content\/uploads\/2013\/08\/Chaban.jpg?resize=525%2C300 1.5x"},"classes":[]},{"id":9877,"url":"https:\/\/www.24baires.com\/?p=9877","url_meta":{"origin":11868,"position":4},"title":"Ordenan la detenci\u00f3n inmediata de todos los condenados por Croma\u00f1\u00f3n","author":"AF","date":"20\/12\/2012","format":false,"excerpt":"La C\u00e1mara Federal de Casaci\u00f3n Penal rechaz\u00f3 los recursos extraordinarios presentados por las partes y orden\u00f3 el \"inmediato cumplimiento\" de las penas para todos los condenados por la tragedia de Croma\u00f1\u00f3n. \u00a0La decisi\u00f3n fue adoptada por la sala III del m\u00e1ximo tribunal penal del pa\u00eds y abarca al ex gerenciador\u2026","rel":"","context":"En \u00abSociedad\u00bb","block_context":{"text":"Sociedad","link":"https:\/\/www.24baires.com\/?cat=1"},"img":{"alt_text":"","src":"","width":0,"height":0},"classes":[]},{"id":89880,"url":"https:\/\/www.24baires.com\/?p=89880","url_meta":{"origin":11868,"position":5},"title":"Casaci\u00f3n anul\u00f3 la prisi\u00f3n domiciliaria concedida al represor Etchecolatz","author":"AF","date":"16\/11\/2016","format":false,"excerpt":"El m\u00e1ximo tribunal penal del pa\u00eds orden\u00f3 dictar un nuevo fallo tomando en cuenta informes m\u00e9dicos de peritos oficiales y la posici\u00f3n contraria de la fiscal\u00eda a su beneficio. El represor a\u00fan se encuentra detenido por otra causa. La C\u00e1mara Federal de Casaci\u00f3n, m\u00e1ximo tribunal penal del pa\u00eds, anul\u00f3 la\u2026","rel":"","context":"En \u00abJUDICIALES\u00bb","block_context":{"text":"JUDICIALES","link":"https:\/\/www.24baires.com\/?cat=68"},"img":{"alt_text":"etchecolaz","src":"https:\/\/i0.wp.com\/www.24baires.com\/wp-content\/uploads\/2016\/08\/etchecolaz.jpg?resize=350%2C200","width":350,"height":200,"srcset":"https:\/\/i0.wp.com\/www.24baires.com\/wp-content\/uploads\/2016\/08\/etchecolaz.jpg?resize=350%2C200 1x, https:\/\/i0.wp.com\/www.24baires.com\/wp-content\/uploads\/2016\/08\/etchecolaz.jpg?resize=525%2C300 1.5x"},"classes":[]}],"jetpack_sharing_enabled":true,"jetpack_likes_enabled":true,"_links":{"self":[{"href":"https:\/\/www.24baires.com\/index.php?rest_route=\/wp\/v2\/posts\/11868","targetHints":{"allow":["GET"]}}],"collection":[{"href":"https:\/\/www.24baires.com\/index.php?rest_route=\/wp\/v2\/posts"}],"about":[{"href":"https:\/\/www.24baires.com\/index.php?rest_route=\/wp\/v2\/types\/post"}],"author":[{"embeddable":true,"href":"https:\/\/www.24baires.com\/index.php?rest_route=\/wp\/v2\/users\/4"}],"replies":[{"embeddable":true,"href":"https:\/\/www.24baires.com\/index.php?rest_route=%2Fwp%2Fv2%2Fcomments&post=11868"}],"version-history":[{"count":3,"href":"https:\/\/www.24baires.com\/index.php?rest_route=\/wp\/v2\/posts\/11868\/revisions"}],"predecessor-version":[{"id":11878,"href":"https:\/\/www.24baires.com\/index.php?rest_route=\/wp\/v2\/posts\/11868\/revisions\/11878"}],"wp:attachment":[{"href":"https:\/\/www.24baires.com\/index.php?rest_route=%2Fwp%2Fv2%2Fmedia&parent=11868"}],"wp:term":[{"taxonomy":"category","embeddable":true,"href":"https:\/\/www.24baires.com\/index.php?rest_route=%2Fwp%2Fv2%2Fcategories&post=11868"},{"taxonomy":"post_tag","embeddable":true,"href":"https:\/\/www.24baires.com\/index.php?rest_route=%2Fwp%2Fv2%2Ftags&post=11868"}],"curies":[{"name":"wp","href":"https:\/\/api.w.org\/{rel}","templated":true}]}}