{"id":118670,"date":"2022-03-23T20:23:13","date_gmt":"2022-03-23T23:23:13","guid":{"rendered":"http:\/\/www.24baires.com\/?p=118670"},"modified":"2022-03-23T20:23:13","modified_gmt":"2022-03-23T23:23:13","slug":"comercios-de-proximidad-contaran-con-una-canasta-de-60-productos-regulados","status":"publish","type":"post","link":"https:\/\/www.24baires.com\/?p=118670","title":{"rendered":"Comercios de proximidad contar\u00e1n con una canasta de 60 productos regulados"},"content":{"rendered":"<p><img data-recalc-dims=\"1\" loading=\"lazy\" decoding=\"async\" src=\"https:\/\/i0.wp.com\/www.24baires.com\/wp-content\/uploads\/2016\/05\/verduleria-cuotas.jpg?resize=560%2C315\" alt=\"\" width=\"560\" height=\"315\" class=\"aligncenter size-full wp-image-82582\" srcset=\"https:\/\/i0.wp.com\/www.24baires.com\/wp-content\/uploads\/2016\/05\/verduleria-cuotas.jpg?w=560&amp;ssl=1 560w, https:\/\/i0.wp.com\/www.24baires.com\/wp-content\/uploads\/2016\/05\/verduleria-cuotas.jpg?resize=300%2C169&amp;ssl=1 300w\" sizes=\"auto, (max-width: 560px) 100vw, 560px\" \/>Con el objetivo de contener la suba de los precios de los principales productos de consumo masivo, se buscar\u00e1 armar una canasta de productos frescos en frutas y verduras que complemente la de cortes cuidados, que se sumar\u00e1n a la renovaci\u00f3n del programa Precios Cuidados en abril. Adem\u00e1s, el Secretario anunci\u00f3 que los precios de la harina se retrotraer\u00e1n a enero, previo inicio de la guerra.<!--more--><\/p>\n<p>El secretario de Comercio Interior, Roberto Feletti, asegur\u00f3 este mi\u00e9rcoles que los aumentos de precios registrados en los \u00faltimos d\u00edas fueron \u00abataques especulativos infundados, no tolerables porque son contra los argentinos\u00bb y anunci\u00f3 una canasta de 60 productos a precios cuidados en comercios de proximidad, entre otras medidas.<\/p>\n<p>En una conferencia de prensa brindada este mi\u00e9rcoles poe la tarde en la sede de la cartera de Desarrollo Productivo, Feletti atribuy\u00f3 los ataques especulativos a quienes \u00abquieren comprarse m\u00e1s departamentos en Miami, m\u00e1s 4&#215;4 y salen a las rutas a exhibir el lujo que tienen porque quieren convalidar una suba de 50% en d\u00f3lares en sus stocks por solo efecto riqueza\u00bb.<\/p>\n<p>Tras detallar algunos casos de importantes aumentos de precios en los \u00faltimos d\u00edas, el funcionario afirm\u00f3 que el \u00abescenario requiere un aporte de todos\u00bb y dijo que \u201cnadie le pide a las grandes empresas que pierdan plata, pedimos el cumplimiento de Precios Cuidados y que no haya por fuera de eso ataques especulativos\u201d.<\/p>\n<p>Fuente: T\u00e9lam <\/p>\n","protected":false},"excerpt":{"rendered":"<p>Con el objetivo de contener la suba de los precios de los principales productos de consumo masivo, se buscar\u00e1 armar una canasta de productos frescos en frutas y verduras que complemente la de cortes cuidados, que se sumar\u00e1n a la renovaci\u00f3n del programa Precios Cuidados en abril. Adem\u00e1s, el Secretario anunci\u00f3 que los precios de la harina se retrotraer\u00e1n a [&#8230;]<\/p>\n","protected":false},"author":4,"featured_media":0,"comment_status":"closed","ping_status":"closed","sticky":false,"template":"","format":"standard","meta":{"_jetpack_newsletter_access":"","_jetpack_dont_email_post_to_subs":false,"_jetpack_newsletter_tier_id":0,"_jetpack_memberships_contains_paywalled_content":false,"_jetpack_memberships_contains_paid_content":false,"footnotes":""},"categories":[45],"tags":[],"class_list":["post-118670","post","type-post","status-publish","format-standard","hentry","category-economia"],"jetpack_featured_media_url":"","jetpack_shortlink":"https:\/\/wp.me\/p2JWE0-uS2","jetpack-related-posts":[{"id":118734,"url":"https:\/\/www.24baires.com\/?p=118734","url_meta":{"origin":118670,"position":0},"title":"Desde hoy rigen las nuevas canastas de productos frescos y esenciales","author":"GB","date":"11\/04\/2022","format":false,"excerpt":"Dentro de +Precios Cuidados, el Gobierno nacional dispuso una canasta complementaria de 60 productos para comercios de proximidad. El Gobierno nacional sumar\u00e1 desde este lunes dentro de +Precios Cuidados una canasta complementaria de 60 productos esenciales para comercios de proximidad y, a la vez, una oferta de precios acordados de\u2026","rel":"","context":"En \u00abConsumidores\u00bb","block_context":{"text":"Consumidores","link":"https:\/\/www.24baires.com\/?cat=78"},"img":{"alt_text":"","src":"https:\/\/i0.wp.com\/www.24baires.com\/wp-content\/uploads\/2018\/09\/precios-cuidados.jpg?resize=350%2C200","width":350,"height":200,"srcset":"https:\/\/i0.wp.com\/www.24baires.com\/wp-content\/uploads\/2018\/09\/precios-cuidados.jpg?resize=350%2C200 1x, https:\/\/i0.wp.com\/www.24baires.com\/wp-content\/uploads\/2018\/09\/precios-cuidados.jpg?resize=525%2C300 1.5x"},"classes":[]},{"id":118727,"url":"https:\/\/www.24baires.com\/?p=118727","url_meta":{"origin":118670,"position":1},"title":"Buscan garantizar el acceso a productos b\u00e1sicos con nuevas canastas","author":"AF","date":"09\/04\/2022","format":false,"excerpt":"Adem\u00e1s, con el objetivo de garantizar el acceso a productos esenciales, la Secretar\u00eda de Comercio Interior renov\u00f3 los principales programas +Precios Cuidados y Cortes Cuidados, una nueva etapa vigente hasta el 7 de julio. La Secretar\u00eda de Comercio Interior lanz\u00f3 esta semana una nueva canasta de productos para comercios de\u2026","rel":"","context":"En \u00abEconom\u00eda\u00bb","block_context":{"text":"Econom\u00eda","link":"https:\/\/www.24baires.com\/?cat=45"},"img":{"alt_text":"","src":"https:\/\/i0.wp.com\/www.24baires.com\/wp-content\/uploads\/2022\/04\/61b8c911edf0c_900.jpg?resize=350%2C200","width":350,"height":200,"srcset":"https:\/\/i0.wp.com\/www.24baires.com\/wp-content\/uploads\/2022\/04\/61b8c911edf0c_900.jpg?resize=350%2C200 1x, https:\/\/i0.wp.com\/www.24baires.com\/wp-content\/uploads\/2022\/04\/61b8c911edf0c_900.jpg?resize=525%2C300 1.5x"},"classes":[]},{"id":117146,"url":"https:\/\/www.24baires.com\/?p=117146","url_meta":{"origin":118670,"position":2},"title":"La canasta escolar de Precios Cuidados llega con una suba del 21%","author":"GB","date":"08\/02\/2021","format":false,"excerpt":"Todos los productos incluidos en el acuerdo estar\u00e1n disponibles hasta el 31 de marzo pr\u00f3ximo en m\u00e1s de 500 bocas de expendio. A trav\u00e9s de la Secretar\u00eda de Comercio Interior, el Gobierno difundi\u00f3 los nuevos precios de referencia para la canasta escolar, con un aumento interanual del 21% y la\u2026","rel":"","context":"En \u00abConsumidores\u00bb","block_context":{"text":"Consumidores","link":"https:\/\/www.24baires.com\/?cat=78"},"img":{"alt_text":"","src":"https:\/\/i0.wp.com\/www.24baires.com\/wp-content\/uploads\/2021\/02\/%C3%BAtiles-escolares.jpg?resize=350%2C200","width":350,"height":200,"srcset":"https:\/\/i0.wp.com\/www.24baires.com\/wp-content\/uploads\/2021\/02\/%C3%BAtiles-escolares.jpg?resize=350%2C200 1x, https:\/\/i0.wp.com\/www.24baires.com\/wp-content\/uploads\/2021\/02\/%C3%BAtiles-escolares.jpg?resize=525%2C300 1.5x"},"classes":[]},{"id":113769,"url":"https:\/\/www.24baires.com\/?p=113769","url_meta":{"origin":118670,"position":3},"title":"El Gobierno se re\u00fane con supermercadistas chinos para armar otra canasta de Precios Cuidados","author":"AF","date":"12\/01\/2020","format":false,"excerpt":"El objetivo es ofrecer productos de presencia regional y se lo lanzar\u00eda en las pr\u00f3ximas semanas. Tambi\u00e9n participar\u00e1n almacenes y mayoristas. Los equipos t\u00e9cnicos de la Secretar\u00eda de Comercio Interior, encabezada por Paula Espa\u00f1ol, se reunir\u00e1n este lunes con referentes de supermercados chinos, almacenes, autoservicios y proveedores mayoristas, cuando buscar\u00e1n\u2026","rel":"","context":"En \u00abSociedad\u00bb","block_context":{"text":"Sociedad","link":"https:\/\/www.24baires.com\/?cat=1"},"img":{"alt_text":"","src":"https:\/\/i0.wp.com\/www.24baires.com\/wp-content\/uploads\/2019\/04\/precios-escenciales.jpg?resize=350%2C200","width":350,"height":200,"srcset":"https:\/\/i0.wp.com\/www.24baires.com\/wp-content\/uploads\/2019\/04\/precios-escenciales.jpg?resize=350%2C200 1x, https:\/\/i0.wp.com\/www.24baires.com\/wp-content\/uploads\/2019\/04\/precios-escenciales.jpg?resize=525%2C300 1.5x"},"classes":[]},{"id":117642,"url":"https:\/\/www.24baires.com\/?p=117642","url_meta":{"origin":118670,"position":4},"title":"Lanzan una canasta de 120 productos a precios congelados para parar la inflaci\u00f3n","author":"GB","date":"30\/05\/2021","format":false,"excerpt":"El gobierno buscar\u00e1 ampliar la producci\u00f3n y la oferta de Pymes y Cooperativas del interior. El precio estar\u00eda \"impreso\" en el envase para garantizar el cumplimiento del programa. El gobierno nacional, a trav\u00e9s de la Secretaria de Comercio Interior, trabaja en nuevos acuerdos con empresarios nacionales del sectores de alimento\u2026","rel":"","context":"En \u00abLocales\u00bb","block_context":{"text":"Locales","link":"https:\/\/www.24baires.com\/?cat=38"},"img":{"alt_text":"","src":"https:\/\/i0.wp.com\/www.24baires.com\/wp-content\/uploads\/2020\/04\/supermercado.jpg?resize=350%2C200","width":350,"height":200,"srcset":"https:\/\/i0.wp.com\/www.24baires.com\/wp-content\/uploads\/2020\/04\/supermercado.jpg?resize=350%2C200 1x, https:\/\/i0.wp.com\/www.24baires.com\/wp-content\/uploads\/2020\/04\/supermercado.jpg?resize=525%2C300 1.5x"},"classes":[]},{"id":117819,"url":"https:\/\/www.24baires.com\/?p=117819","url_meta":{"origin":118670,"position":5},"title":"Se renueva el programa Precios Cuidados","author":"GB","date":"07\/07\/2021","format":false,"excerpt":"Tendr\u00e1 actualizaciones en los precios de los productos de entre un 4 y un 8%, seg\u00fan datos extraoficiales. Este mi\u00e9rcoles se renueva el programa Precios Cuidados, con actualizaciones en los precios de los productos incluidos que ser\u00e1n del orden de un d\u00edgito y se mantendr\u00e1n por un per\u00edodo de tres\u2026","rel":"","context":"En \u00abEconom\u00eda\u00bb","block_context":{"text":"Econom\u00eda","link":"https:\/\/www.24baires.com\/?cat=45"},"img":{"alt_text":"","src":"https:\/\/i0.wp.com\/www.24baires.com\/wp-content\/uploads\/2020\/04\/supermercado.jpg?resize=350%2C200","width":350,"height":200,"srcset":"https:\/\/i0.wp.com\/www.24baires.com\/wp-content\/uploads\/2020\/04\/supermercado.jpg?resize=350%2C200 1x, https:\/\/i0.wp.com\/www.24baires.com\/wp-content\/uploads\/2020\/04\/supermercado.jpg?resize=525%2C300 1.5x"},"classes":[]}],"jetpack_sharing_enabled":true,"jetpack_likes_enabled":true,"_links":{"self":[{"href":"https:\/\/www.24baires.com\/index.php?rest_route=\/wp\/v2\/posts\/118670","targetHints":{"allow":["GET"]}}],"collection":[{"href":"https:\/\/www.24baires.com\/index.php?rest_route=\/wp\/v2\/posts"}],"about":[{"href":"https:\/\/www.24baires.com\/index.php?rest_route=\/wp\/v2\/types\/post"}],"author":[{"embeddable":true,"href":"https:\/\/www.24baires.com\/index.php?rest_route=\/wp\/v2\/users\/4"}],"replies":[{"embeddable":true,"href":"https:\/\/www.24baires.com\/index.php?rest_route=%2Fwp%2Fv2%2Fcomments&post=118670"}],"version-history":[{"count":1,"href":"https:\/\/www.24baires.com\/index.php?rest_route=\/wp\/v2\/posts\/118670\/revisions"}],"predecessor-version":[{"id":118671,"href":"https:\/\/www.24baires.com\/index.php?rest_route=\/wp\/v2\/posts\/118670\/revisions\/118671"}],"wp:attachment":[{"href":"https:\/\/www.24baires.com\/index.php?rest_route=%2Fwp%2Fv2%2Fmedia&parent=118670"}],"wp:term":[{"taxonomy":"category","embeddable":true,"href":"https:\/\/www.24baires.com\/index.php?rest_route=%2Fwp%2Fv2%2Fcategories&post=118670"},{"taxonomy":"post_tag","embeddable":true,"href":"https:\/\/www.24baires.com\/index.php?rest_route=%2Fwp%2Fv2%2Ftags&post=118670"}],"curies":[{"name":"wp","href":"https:\/\/api.w.org\/{rel}","templated":true}]}}