{"id":118665,"date":"2022-03-22T20:05:53","date_gmt":"2022-03-22T23:05:53","guid":{"rendered":"http:\/\/www.24baires.com\/?p=118665"},"modified":"2022-03-22T20:05:53","modified_gmt":"2022-03-22T23:05:53","slug":"acuerdan-con-empresas-y-supermercados-retrotraer-los-precios-al-10-de-marzo","status":"publish","type":"post","link":"https:\/\/www.24baires.com\/?p=118665","title":{"rendered":"Acuerdan con empresas y supermercados retrotraer los precios al 10 de marzo"},"content":{"rendered":"<p><img data-recalc-dims=\"1\" loading=\"lazy\" decoding=\"async\" src=\"https:\/\/i0.wp.com\/www.24baires.com\/wp-content\/uploads\/2020\/05\/supermercado.jpg?resize=560%2C313\" alt=\"\" width=\"560\" height=\"313\" class=\"aligncenter size-full wp-image-115054\" srcset=\"https:\/\/i0.wp.com\/www.24baires.com\/wp-content\/uploads\/2020\/05\/supermercado.jpg?w=560&amp;ssl=1 560w, https:\/\/i0.wp.com\/www.24baires.com\/wp-content\/uploads\/2020\/05\/supermercado.jpg?resize=300%2C168&amp;ssl=1 300w\" sizes=\"auto, (max-width: 560px) 100vw, 560px\" \/>Ser\u00e1 en aquellos productos cuyos precios registraron incrementos excesivos en las \u00faltimas semanas. Grandes cadenas de supermercados de todo el pa\u00eds asumieron el compromiso ante la Secretar\u00eda de Comercio Interior. La medida rige desde este mi\u00e9rcoles.<!--more--><\/p>\n<p>Los precios de 580 productos que registraron incrementos excesivos en las \u00faltimas semanas se retrotraer\u00e1n a partir de este mi\u00e9rcoles a los valores vigentes al 10 de marzo pasado, de acuerdo con un compromiso asumido por las grandes cadenas de supermercados de todo el pa\u00eds, inform\u00f3 hoy la Secretar\u00eda de Comercio Interior.<\/p>\n<p>Esto es resultado de las conversaciones mantenidas martes y mi\u00e9rcoles por la dependencia oficial con la Asociaci\u00f3n Supermercados Unidos (ASU) y con las principales empresas productoras de bienes de consumo masivo.<\/p>\n<p>Los productos que retrotraer\u00e1n sus precios corresponden a los rubros alimentos, limpieza e higiene personal, entre otros.<\/p>\n<p>A trav\u00e9s de un comunicado, la dependencia oficial afirm\u00f3 que \u00ablas grandes cadenas de supermercados de todo el pa\u00eds se comprometieron a retrotraer a partir de este mi\u00e9rcoles los precios que Comercio Interior hab\u00eda detectado con incrementos excesivos a partir de los relevamientos que la Secretar\u00eda hace a diario, tanto de forma presencial como en base al Sistema Electr\u00f3nico de Publicidad de Precios Argentino (SEPA)\u00bb.<\/p>\n<p>Fuente: T\u00e9lam <\/p>\n","protected":false},"excerpt":{"rendered":"<p>Ser\u00e1 en aquellos productos cuyos precios registraron incrementos excesivos en las \u00faltimas semanas. Grandes cadenas de supermercados de todo el pa\u00eds asumieron el compromiso ante la Secretar\u00eda de Comercio Interior. La medida rige desde este mi\u00e9rcoles.<\/p>\n","protected":false},"author":4,"featured_media":0,"comment_status":"closed","ping_status":"closed","sticky":false,"template":"","format":"standard","meta":{"_jetpack_newsletter_access":"","_jetpack_dont_email_post_to_subs":false,"_jetpack_newsletter_tier_id":0,"_jetpack_memberships_contains_paywalled_content":false,"_jetpack_memberships_contains_paid_content":false,"footnotes":""},"categories":[45],"tags":[],"class_list":["post-118665","post","type-post","status-publish","format-standard","hentry","category-economia"],"jetpack_featured_media_url":"","jetpack_shortlink":"https:\/\/wp.me\/p2JWE0-uRX","jetpack-related-posts":[{"id":117819,"url":"https:\/\/www.24baires.com\/?p=117819","url_meta":{"origin":118665,"position":0},"title":"Se renueva el programa Precios Cuidados","author":"GB","date":"07\/07\/2021","format":false,"excerpt":"Tendr\u00e1 actualizaciones en los precios de los productos de entre un 4 y un 8%, seg\u00fan datos extraoficiales. Este mi\u00e9rcoles se renueva el programa Precios Cuidados, con actualizaciones en los precios de los productos incluidos que ser\u00e1n del orden de un d\u00edgito y se mantendr\u00e1n por un per\u00edodo de tres\u2026","rel":"","context":"En \u00abEconom\u00eda\u00bb","block_context":{"text":"Econom\u00eda","link":"https:\/\/www.24baires.com\/?cat=45"},"img":{"alt_text":"","src":"https:\/\/i0.wp.com\/www.24baires.com\/wp-content\/uploads\/2020\/04\/supermercado.jpg?resize=350%2C200","width":350,"height":200,"srcset":"https:\/\/i0.wp.com\/www.24baires.com\/wp-content\/uploads\/2020\/04\/supermercado.jpg?resize=350%2C200 1x, https:\/\/i0.wp.com\/www.24baires.com\/wp-content\/uploads\/2020\/04\/supermercado.jpg?resize=525%2C300 1.5x"},"classes":[]},{"id":118670,"url":"https:\/\/www.24baires.com\/?p=118670","url_meta":{"origin":118665,"position":1},"title":"Comercios de proximidad contar\u00e1n con una canasta de 60 productos regulados","author":"AF","date":"23\/03\/2022","format":false,"excerpt":"Con el objetivo de contener la suba de los precios de los principales productos de consumo masivo, se buscar\u00e1 armar una canasta de productos frescos en frutas y verduras que complemente la de cortes cuidados, que se sumar\u00e1n a la renovaci\u00f3n del programa Precios Cuidados en abril. Adem\u00e1s, el Secretario\u2026","rel":"","context":"En \u00abEconom\u00eda\u00bb","block_context":{"text":"Econom\u00eda","link":"https:\/\/www.24baires.com\/?cat=45"},"img":{"alt_text":"","src":"https:\/\/i0.wp.com\/www.24baires.com\/wp-content\/uploads\/2016\/05\/verduleria-cuotas.jpg?resize=350%2C200","width":350,"height":200,"srcset":"https:\/\/i0.wp.com\/www.24baires.com\/wp-content\/uploads\/2016\/05\/verduleria-cuotas.jpg?resize=350%2C200 1x, https:\/\/i0.wp.com\/www.24baires.com\/wp-content\/uploads\/2016\/05\/verduleria-cuotas.jpg?resize=525%2C300 1.5x"},"classes":[]},{"id":119213,"url":"https:\/\/www.24baires.com\/?p=119213","url_meta":{"origin":118665,"position":2},"title":"Extienden hasta septiembre el programa \u00abCortes Cuidados\u00bb","author":"AF","date":"12\/08\/2022","format":false,"excerpt":"\"Buscamos recuperar el orden en los precios de la mesa de los argentinos. Gracias al compromiso y al trabajo conjunto del Gobierno nacional, la industria y los supermercados alcanzamos este acuerdo\", resalt\u00f3 el secretario de Comercio, Mat\u00edas Tombolini. La Secretar\u00eda de Comercio y las empresas frigor\u00edficas y supermercados acordaron este\u2026","rel":"","context":"En \u00abSociedad\u00bb","block_context":{"text":"Sociedad","link":"https:\/\/www.24baires.com\/?cat=1"},"img":{"alt_text":"","src":"https:\/\/i0.wp.com\/www.24baires.com\/wp-content\/uploads\/2022\/08\/cortes-cuidados.jpeg?resize=350%2C200","width":350,"height":200,"srcset":"https:\/\/i0.wp.com\/www.24baires.com\/wp-content\/uploads\/2022\/08\/cortes-cuidados.jpeg?resize=350%2C200 1x, https:\/\/i0.wp.com\/www.24baires.com\/wp-content\/uploads\/2022\/08\/cortes-cuidados.jpeg?resize=525%2C300 1.5x, https:\/\/i0.wp.com\/www.24baires.com\/wp-content\/uploads\/2022\/08\/cortes-cuidados.jpeg?resize=700%2C400 2x"},"classes":[]},{"id":117073,"url":"https:\/\/www.24baires.com\/?p=117073","url_meta":{"origin":118665,"position":3},"title":"Anuncian una rebaja de hasta 30% en los precios 10 cortes de carne","author":"GB","date":"26\/01\/2021","format":false,"excerpt":"En los supermercados, las ofertas estar\u00e1n disponible los fines de semana y los mi\u00e9rcoles de las primeras tres semanas de cada mes; mientras que en el Mercado Central, todos los d\u00edas. La rebaja de hasta 30% en los precios comprender\u00e1 a los cortes m\u00e1s representativos de carne vacuna, entre los\u2026","rel":"","context":"En \u00abConsumidores\u00bb","block_context":{"text":"Consumidores","link":"https:\/\/www.24baires.com\/?cat=78"},"img":{"alt_text":"","src":"https:\/\/i0.wp.com\/www.24baires.com\/wp-content\/uploads\/2016\/02\/carnicer%C3%ADa.jpg?resize=350%2C200","width":350,"height":200,"srcset":"https:\/\/i0.wp.com\/www.24baires.com\/wp-content\/uploads\/2016\/02\/carnicer%C3%ADa.jpg?resize=350%2C200 1x, https:\/\/i0.wp.com\/www.24baires.com\/wp-content\/uploads\/2016\/02\/carnicer%C3%ADa.jpg?resize=525%2C300 1.5x"},"classes":[]},{"id":117642,"url":"https:\/\/www.24baires.com\/?p=117642","url_meta":{"origin":118665,"position":4},"title":"Lanzan una canasta de 120 productos a precios congelados para parar la inflaci\u00f3n","author":"GB","date":"30\/05\/2021","format":false,"excerpt":"El gobierno buscar\u00e1 ampliar la producci\u00f3n y la oferta de Pymes y Cooperativas del interior. El precio estar\u00eda \"impreso\" en el envase para garantizar el cumplimiento del programa. El gobierno nacional, a trav\u00e9s de la Secretaria de Comercio Interior, trabaja en nuevos acuerdos con empresarios nacionales del sectores de alimento\u2026","rel":"","context":"En \u00abLocales\u00bb","block_context":{"text":"Locales","link":"https:\/\/www.24baires.com\/?cat=38"},"img":{"alt_text":"","src":"https:\/\/i0.wp.com\/www.24baires.com\/wp-content\/uploads\/2020\/04\/supermercado.jpg?resize=350%2C200","width":350,"height":200,"srcset":"https:\/\/i0.wp.com\/www.24baires.com\/wp-content\/uploads\/2020\/04\/supermercado.jpg?resize=350%2C200 1x, https:\/\/i0.wp.com\/www.24baires.com\/wp-content\/uploads\/2020\/04\/supermercado.jpg?resize=525%2C300 1.5x"},"classes":[]},{"id":119536,"url":"https:\/\/www.24baires.com\/?p=119536","url_meta":{"origin":118665,"position":5},"title":"Comienza el congelamiento de 1500 precios por 120 d\u00edas","author":"AF","date":"10\/11\/2022","format":false,"excerpt":"El Gobierno dio a conocer las principales caracter\u00edsticas del programa Precios Justos, que lanzar\u00e1 ma\u00f1ana y abarcar\u00e1 a 1.500 productos elaborados por un centenar de empresas por un t\u00e9rmino de 120 d\u00edas. El programa abarcar\u00e1 a todo el pa\u00eds y desde el Ministerio de Econom\u00eda aclararon que no se trata\u2026","rel":"","context":"En \u00abSociedad\u00bb","block_context":{"text":"Sociedad","link":"https:\/\/www.24baires.com\/?cat=1"},"img":{"alt_text":"","src":"https:\/\/i0.wp.com\/www.24baires.com\/wp-content\/uploads\/2016\/12\/supermercado.jpg?resize=350%2C200","width":350,"height":200,"srcset":"https:\/\/i0.wp.com\/www.24baires.com\/wp-content\/uploads\/2016\/12\/supermercado.jpg?resize=350%2C200 1x, https:\/\/i0.wp.com\/www.24baires.com\/wp-content\/uploads\/2016\/12\/supermercado.jpg?resize=525%2C300 1.5x, https:\/\/i0.wp.com\/www.24baires.com\/wp-content\/uploads\/2016\/12\/supermercado.jpg?resize=700%2C400 2x"},"classes":[]}],"jetpack_sharing_enabled":true,"jetpack_likes_enabled":true,"_links":{"self":[{"href":"https:\/\/www.24baires.com\/index.php?rest_route=\/wp\/v2\/posts\/118665","targetHints":{"allow":["GET"]}}],"collection":[{"href":"https:\/\/www.24baires.com\/index.php?rest_route=\/wp\/v2\/posts"}],"about":[{"href":"https:\/\/www.24baires.com\/index.php?rest_route=\/wp\/v2\/types\/post"}],"author":[{"embeddable":true,"href":"https:\/\/www.24baires.com\/index.php?rest_route=\/wp\/v2\/users\/4"}],"replies":[{"embeddable":true,"href":"https:\/\/www.24baires.com\/index.php?rest_route=%2Fwp%2Fv2%2Fcomments&post=118665"}],"version-history":[{"count":1,"href":"https:\/\/www.24baires.com\/index.php?rest_route=\/wp\/v2\/posts\/118665\/revisions"}],"predecessor-version":[{"id":118666,"href":"https:\/\/www.24baires.com\/index.php?rest_route=\/wp\/v2\/posts\/118665\/revisions\/118666"}],"wp:attachment":[{"href":"https:\/\/www.24baires.com\/index.php?rest_route=%2Fwp%2Fv2%2Fmedia&parent=118665"}],"wp:term":[{"taxonomy":"category","embeddable":true,"href":"https:\/\/www.24baires.com\/index.php?rest_route=%2Fwp%2Fv2%2Fcategories&post=118665"},{"taxonomy":"post_tag","embeddable":true,"href":"https:\/\/www.24baires.com\/index.php?rest_route=%2Fwp%2Fv2%2Ftags&post=118665"}],"curies":[{"name":"wp","href":"https:\/\/api.w.org\/{rel}","templated":true}]}}