{"id":118660,"date":"2022-03-21T18:39:12","date_gmt":"2022-03-21T21:39:12","guid":{"rendered":"http:\/\/www.24baires.com\/?p=118660"},"modified":"2022-03-21T18:40:06","modified_gmt":"2022-03-21T21:40:06","slug":"retrotraeran-a-febrero-los-precios-de-pan-harina-y-fideos","status":"publish","type":"post","link":"https:\/\/www.24baires.com\/?p=118660","title":{"rendered":"Retrotraer\u00e1n a febrero los precios de pan, harina y fideos"},"content":{"rendered":"<p><img data-recalc-dims=\"1\" loading=\"lazy\" decoding=\"async\" src=\"https:\/\/i0.wp.com\/www.24baires.com\/wp-content\/uploads\/2014\/03\/pan.jpg?resize=560%2C380\" alt=\"\" width=\"560\" height=\"380\" class=\"aligncenter size-full wp-image-42420\" srcset=\"https:\/\/i0.wp.com\/www.24baires.com\/wp-content\/uploads\/2014\/03\/pan.jpg?w=560&amp;ssl=1 560w, https:\/\/i0.wp.com\/www.24baires.com\/wp-content\/uploads\/2014\/03\/pan.jpg?resize=300%2C203&amp;ssl=1 300w\" sizes=\"auto, (max-width: 560px) 100vw, 560px\" \/>Lo precis\u00f3 el ministro de Desarrollo Productivo al anunciar la decisi\u00f3n del Gobierno de  conformar el fideicomiso para sostener el valor del trigo.<!--more--><\/p>\n<p>El ministro de Desarrollo Productivo, Mat\u00edas Kulfas, afirm\u00f3 este lunes que el fideicomiso para subsidiar el precio de la harina de trigo, luego de la suba internacional que tuvo tras el estallido de la guerra entre Rusia y Ucrania, permitir\u00e1 retrotraer a valores de febrero los precios de fideos, pan y harina, y anunci\u00f3 que la Secretaria de Comercio trabaja junto a supermercadistas y productores alimenticios para definir \u00aben 24 horas\u00bb qu\u00e9 productos de una canasta de alimentos vuelvan a los precios que ten\u00edan entre el 8 y 10 de marzo.<\/p>\n<p>Al mismo tiempo, anunci\u00f3 que se lanzar\u00e1 una \u201cl\u00ednea de cr\u00e9ditos por $8.000 millones a tasa subsidiada para la industria molinera\u201d con el objetivo de que los molinos aceleren la compra de trigo para producir harina pero eviten \u201cun traslado masivo de precios a la mesa de los argentinos\u201d.<\/p>\n<p>\u00abLa decisi\u00f3n de conformar el fideicomiso para sostener el precio del trigo se enmarca en escenario internacional de turbulencias\u00bb, se\u00f1al\u00f3 Kulfas en conferencia de prensa en la sede de la cartera, en la que precis\u00f3 que se busca compensar al sector para que harineros dispongan del producto a precios de febrero, ya que \u00abno hacer nada es convalidar que subas en los valores del trigo se trasladen al precio de los productos claves en la mesa de los argentinos\u00bb, al explicar las medidas adoptadas para contener la inflaci\u00f3n.<\/p>\n<p>Fuente: T\u00e9lam<\/p>\n","protected":false},"excerpt":{"rendered":"<p>Lo precis\u00f3 el ministro de Desarrollo Productivo al anunciar la decisi\u00f3n del Gobierno de conformar el fideicomiso para sostener el valor del trigo.<\/p>\n","protected":false},"author":4,"featured_media":0,"comment_status":"closed","ping_status":"closed","sticky":false,"template":"","format":"standard","meta":{"_jetpack_newsletter_access":"","_jetpack_dont_email_post_to_subs":false,"_jetpack_newsletter_tier_id":0,"_jetpack_memberships_contains_paywalled_content":false,"_jetpack_memberships_contains_paid_content":false,"footnotes":""},"categories":[45],"tags":[],"class_list":["post-118660","post","type-post","status-publish","format-standard","hentry","category-economia"],"jetpack_featured_media_url":"","jetpack_shortlink":"https:\/\/wp.me\/p2JWE0-uRS","jetpack-related-posts":[{"id":118647,"url":"https:\/\/www.24baires.com\/?p=118647","url_meta":{"origin":118660,"position":0},"title":"Inflaci\u00f3n sin control: el gobierno prepara medidas","author":"GB","date":"16\/03\/2022","format":false,"excerpt":"Ampliaci\u00f3n de fideicomisos, regulaci\u00f3n de productos frescos y precios fijos ser\u00edan algunas las medidas que tomar\u00e1 el Gobierno. Luego de que el Indec informara este martes que la inflaci\u00f3n de febrero fue de 4,7% con fuerte impacto en los precios de los alimentos, el Gobierno analiza una bater\u00eda de medidas\u2026","rel":"","context":"En \u00abPol\u00edtica\u00bb","block_context":{"text":"Pol\u00edtica","link":"https:\/\/www.24baires.com\/?cat=51"},"img":{"alt_text":"","src":"https:\/\/i0.wp.com\/www.24baires.com\/wp-content\/uploads\/2020\/04\/supermercado.jpg?resize=350%2C200","width":350,"height":200,"srcset":"https:\/\/i0.wp.com\/www.24baires.com\/wp-content\/uploads\/2020\/04\/supermercado.jpg?resize=350%2C200 1x, https:\/\/i0.wp.com\/www.24baires.com\/wp-content\/uploads\/2020\/04\/supermercado.jpg?resize=525%2C300 1.5x"},"classes":[]},{"id":100208,"url":"https:\/\/www.24baires.com\/?p=100208","url_meta":{"origin":118660,"position":1},"title":"En lo que va del a\u00f1o, los productos de la canasta familiar aumentaron un 10%","author":"GB","date":"28\/01\/2018","format":false,"excerpt":"Es a ra\u00edz de los incrementos en naftas y escalada en el precio del dolar de las \u00faltimas semanas. En lo poco que va del a\u00f1o, los productos de la canasta familiar aumentaron un 10%, a ra\u00edz de los aumentos en nafta y el proceso devaluatorio que enfrenta el pa\u00eds\u2026","rel":"","context":"En \u00abConsumidores\u00bb","block_context":{"text":"Consumidores","link":"https:\/\/www.24baires.com\/?cat=78"},"img":{"alt_text":"","src":"https:\/\/i0.wp.com\/www.24baires.com\/wp-content\/uploads\/2017\/07\/fila-supermercado.jpg?resize=350%2C200","width":350,"height":200,"srcset":"https:\/\/i0.wp.com\/www.24baires.com\/wp-content\/uploads\/2017\/07\/fila-supermercado.jpg?resize=350%2C200 1x, https:\/\/i0.wp.com\/www.24baires.com\/wp-content\/uploads\/2017\/07\/fila-supermercado.jpg?resize=525%2C300 1.5x"},"classes":[]},{"id":105037,"url":"https:\/\/www.24baires.com\/?p=105037","url_meta":{"origin":118660,"position":2},"title":"El poder adquisitivo de los sueldos caer\u00e1 casi un 20% este a\u00f1o","author":"AF","date":"21\/10\/2018","format":false,"excerpt":"La inflaci\u00f3n acumulada en lo que del a\u00f1o lleg\u00f3 al 32,4% pero en los alimentos crece al 35,8%. Y en el desagregado producto por producto, los alimentos b\u00e1sicos sufrieron aumentos muy por encima de ese nivel. Las consultoras privadas coinciden en advertir que la inflaci\u00f3n este a\u00f1o se ubicar\u00e1 en\u2026","rel":"","context":"En \u00abSociedad\u00bb","block_context":{"text":"Sociedad","link":"https:\/\/www.24baires.com\/?cat=1"},"img":{"alt_text":"","src":"https:\/\/i0.wp.com\/www.24baires.com\/wp-content\/uploads\/2016\/12\/supermercado.jpg?resize=350%2C200","width":350,"height":200,"srcset":"https:\/\/i0.wp.com\/www.24baires.com\/wp-content\/uploads\/2016\/12\/supermercado.jpg?resize=350%2C200 1x, https:\/\/i0.wp.com\/www.24baires.com\/wp-content\/uploads\/2016\/12\/supermercado.jpg?resize=525%2C300 1.5x"},"classes":[]},{"id":118727,"url":"https:\/\/www.24baires.com\/?p=118727","url_meta":{"origin":118660,"position":3},"title":"Buscan garantizar el acceso a productos b\u00e1sicos con nuevas canastas","author":"AF","date":"09\/04\/2022","format":false,"excerpt":"Adem\u00e1s, con el objetivo de garantizar el acceso a productos esenciales, la Secretar\u00eda de Comercio Interior renov\u00f3 los principales programas +Precios Cuidados y Cortes Cuidados, una nueva etapa vigente hasta el 7 de julio. La Secretar\u00eda de Comercio Interior lanz\u00f3 esta semana una nueva canasta de productos para comercios de\u2026","rel":"","context":"En \u00abEconom\u00eda\u00bb","block_context":{"text":"Econom\u00eda","link":"https:\/\/www.24baires.com\/?cat=45"},"img":{"alt_text":"","src":"https:\/\/i0.wp.com\/www.24baires.com\/wp-content\/uploads\/2022\/04\/61b8c911edf0c_900.jpg?resize=350%2C200","width":350,"height":200,"srcset":"https:\/\/i0.wp.com\/www.24baires.com\/wp-content\/uploads\/2022\/04\/61b8c911edf0c_900.jpg?resize=350%2C200 1x, https:\/\/i0.wp.com\/www.24baires.com\/wp-content\/uploads\/2022\/04\/61b8c911edf0c_900.jpg?resize=525%2C300 1.5x"},"classes":[]},{"id":102407,"url":"https:\/\/www.24baires.com\/?p=102407","url_meta":{"origin":118660,"position":4},"title":"Industriales panaderos reclaman acceder a \u00abharina subsidiada\u00bb ante los aumentos","author":"GB","date":"29\/05\/2018","format":false,"excerpt":"La Federaci\u00f3n Industrial Panaderil de la provincia de Buenos Aires responsabiliz\u00f3 nuevamente al precio de la harina por el aumento del pan y pidi\u00f3 acceder a subsidios. As\u00ed lo indic\u00f3 Emilio Majori, vicepresidente de la entidad, quien asegur\u00f3 que el sector atraviesa un momento de \"incertidumbre generalizada debido a que\u2026","rel":"","context":"En \u00abEconom\u00eda\u00bb","block_context":{"text":"Econom\u00eda","link":"https:\/\/www.24baires.com\/?cat=45"},"img":{"alt_text":"","src":"https:\/\/i0.wp.com\/www.24baires.com\/wp-content\/uploads\/2017\/02\/panaderia.jpg?resize=350%2C200","width":350,"height":200,"srcset":"https:\/\/i0.wp.com\/www.24baires.com\/wp-content\/uploads\/2017\/02\/panaderia.jpg?resize=350%2C200 1x, https:\/\/i0.wp.com\/www.24baires.com\/wp-content\/uploads\/2017\/02\/panaderia.jpg?resize=525%2C300 1.5x"},"classes":[]},{"id":103702,"url":"https:\/\/www.24baires.com\/?p=103702","url_meta":{"origin":118660,"position":5},"title":"Seg\u00fan un estudio, los alimentos aumentaron hasta un 87,7% en el primer semestre de 2018","author":"AF","date":"06\/08\/2018","format":false,"excerpt":"Los precios de los alimentos subieron hasta casi un 88% durante el primer semestre, cuando la inflaci\u00f3n fue del 16% (seg\u00fan el \u00cdndice de Precios al Consumidor, de INDEC) en ese per\u00edodo, de acuerdo a un informe de la Universidad Nacional de Avellaneda. La harina de trigo lidera el r\u00e1nking,\u2026","rel":"","context":"En \u00abSociedad\u00bb","block_context":{"text":"Sociedad","link":"https:\/\/www.24baires.com\/?cat=1"},"img":{"alt_text":"","src":"https:\/\/i0.wp.com\/www.24baires.com\/wp-content\/uploads\/2016\/12\/supermercado.jpg?resize=350%2C200","width":350,"height":200,"srcset":"https:\/\/i0.wp.com\/www.24baires.com\/wp-content\/uploads\/2016\/12\/supermercado.jpg?resize=350%2C200 1x, https:\/\/i0.wp.com\/www.24baires.com\/wp-content\/uploads\/2016\/12\/supermercado.jpg?resize=525%2C300 1.5x"},"classes":[]}],"jetpack_sharing_enabled":true,"jetpack_likes_enabled":true,"_links":{"self":[{"href":"https:\/\/www.24baires.com\/index.php?rest_route=\/wp\/v2\/posts\/118660","targetHints":{"allow":["GET"]}}],"collection":[{"href":"https:\/\/www.24baires.com\/index.php?rest_route=\/wp\/v2\/posts"}],"about":[{"href":"https:\/\/www.24baires.com\/index.php?rest_route=\/wp\/v2\/types\/post"}],"author":[{"embeddable":true,"href":"https:\/\/www.24baires.com\/index.php?rest_route=\/wp\/v2\/users\/4"}],"replies":[{"embeddable":true,"href":"https:\/\/www.24baires.com\/index.php?rest_route=%2Fwp%2Fv2%2Fcomments&post=118660"}],"version-history":[{"count":2,"href":"https:\/\/www.24baires.com\/index.php?rest_route=\/wp\/v2\/posts\/118660\/revisions"}],"predecessor-version":[{"id":118662,"href":"https:\/\/www.24baires.com\/index.php?rest_route=\/wp\/v2\/posts\/118660\/revisions\/118662"}],"wp:attachment":[{"href":"https:\/\/www.24baires.com\/index.php?rest_route=%2Fwp%2Fv2%2Fmedia&parent=118660"}],"wp:term":[{"taxonomy":"category","embeddable":true,"href":"https:\/\/www.24baires.com\/index.php?rest_route=%2Fwp%2Fv2%2Fcategories&post=118660"},{"taxonomy":"post_tag","embeddable":true,"href":"https:\/\/www.24baires.com\/index.php?rest_route=%2Fwp%2Fv2%2Ftags&post=118660"}],"curies":[{"name":"wp","href":"https:\/\/api.w.org\/{rel}","templated":true}]}}