{"id":118641,"date":"2022-03-15T20:31:59","date_gmt":"2022-03-15T23:31:59","guid":{"rendered":"http:\/\/www.24baires.com\/?p=118641"},"modified":"2022-03-15T20:31:59","modified_gmt":"2022-03-15T23:31:59","slug":"intimaron-a-exportadores-de-carne-a-cumplir-con-la-provision-del-plan-cortes-cuidados","status":"publish","type":"post","link":"https:\/\/www.24baires.com\/?p=118641","title":{"rendered":"Intimaron a exportadores de carne a cumplir con la provisi\u00f3n del plan Cortes Cuidados"},"content":{"rendered":"<p><img data-recalc-dims=\"1\" loading=\"lazy\" decoding=\"async\" class=\"aligncenter wp-image-118642\" src=\"https:\/\/i0.wp.com\/www.24baires.com\/wp-content\/uploads\/2022\/03\/6200ea5c361bd_900.jpg?resize=560%2C315\" alt=\"\" width=\"560\" height=\"315\" srcset=\"https:\/\/i0.wp.com\/www.24baires.com\/wp-content\/uploads\/2022\/03\/6200ea5c361bd_900.jpg?w=900&amp;ssl=1 900w, https:\/\/i0.wp.com\/www.24baires.com\/wp-content\/uploads\/2022\/03\/6200ea5c361bd_900.jpg?resize=300%2C169&amp;ssl=1 300w, https:\/\/i0.wp.com\/www.24baires.com\/wp-content\/uploads\/2022\/03\/6200ea5c361bd_900.jpg?resize=768%2C432&amp;ssl=1 768w\" sizes=\"auto, (max-width: 560px) 100vw, 560px\" \/>La medida se tom\u00f3 luego de que el Consorcio de Exportadores de Carnes Argentina (ABC) anunciara a diversas cadenas de supermercado un \u00abinminente cese\u00bb en la provisi\u00f3n de los cortes que integran el programa.<!--more--><\/p>\n<p>La Secretar\u00eda de Comercio Interior intim\u00f3 a las empresas integrantes del Consorcio de Exportadores de Carnes Argentina (ABC) a mantener el \u00abadecuado cumplimiento del abastecimiento\u00bb del plan Cortes Cuidados.<\/p>\n<p>La intimaci\u00f3n se produjo luego de que la entidad empresaria anunciara a diversas cadenas de supermercado un \u00abinminente cese\u00bb en la provisi\u00f3n de los cortes que integran el programa.<\/p>\n<p>En una nota firmada por el secretario de Comercio, Roberto Feletti, dirigida al presidente de ABC, Mario Ravettino, la dependencia oficial calific\u00f3 a la decisi\u00f3n de \u00abunilateral, intempestiva e irrazonable\u00bb y que \u00abimplica incurrir en las conductas previstas en el art\u00edculo 4 de Ley de Abastecimiento acarreando un impacto grave sobre el normal abastecimiento de los cortes de carne referidos en las bocas de expendio de consumo masivo minoritario\u00bb.<\/p>\n<p>Es por esto que se las intim\u00f3 a \u00abmantener el adecuado cumplimiento del abastecimiento de los cortes de carnes referidos a los precios oportunamente establecidos bajo apercibimiento de aplicar las medidas pertinentes contempladas en dicho cuerpo normativo\u00bb.<\/p>\n<p>En la nota, Comercio Interior fij\u00f3 tambi\u00e9n un plazo de 48 horas para que los frigor\u00edficos eleven un informe sobre \u00ablas ventas de los cortes del programa Cortes Cuidados realizadas por sus asociados a todos los miembros involucrados en el programa durante el mes de febrero\u00bb.<\/p>\n","protected":false},"excerpt":{"rendered":"<p>La medida se tom\u00f3 luego de que el Consorcio de Exportadores de Carnes Argentina (ABC) anunciara a diversas cadenas de supermercado un \u00abinminente cese\u00bb en la provisi\u00f3n de los cortes que integran el programa.<\/p>\n","protected":false},"author":4,"featured_media":0,"comment_status":"closed","ping_status":"closed","sticky":false,"template":"","format":"standard","meta":{"_jetpack_newsletter_access":"","_jetpack_dont_email_post_to_subs":false,"_jetpack_newsletter_tier_id":0,"_jetpack_memberships_contains_paywalled_content":false,"_jetpack_memberships_contains_paid_content":false,"footnotes":""},"categories":[45],"tags":[],"class_list":["post-118641","post","type-post","status-publish","format-standard","hentry","category-economia"],"jetpack_featured_media_url":"","jetpack_shortlink":"https:\/\/wp.me\/p2JWE0-uRz","jetpack-related-posts":[{"id":119213,"url":"https:\/\/www.24baires.com\/?p=119213","url_meta":{"origin":118641,"position":0},"title":"Extienden hasta septiembre el programa \u00abCortes Cuidados\u00bb","author":"AF","date":"12\/08\/2022","format":false,"excerpt":"\"Buscamos recuperar el orden en los precios de la mesa de los argentinos. Gracias al compromiso y al trabajo conjunto del Gobierno nacional, la industria y los supermercados alcanzamos este acuerdo\", resalt\u00f3 el secretario de Comercio, Mat\u00edas Tombolini. La Secretar\u00eda de Comercio y las empresas frigor\u00edficas y supermercados acordaron este\u2026","rel":"","context":"En \u00abSociedad\u00bb","block_context":{"text":"Sociedad","link":"https:\/\/www.24baires.com\/?cat=1"},"img":{"alt_text":"","src":"https:\/\/i0.wp.com\/www.24baires.com\/wp-content\/uploads\/2022\/08\/cortes-cuidados.jpeg?resize=350%2C200","width":350,"height":200,"srcset":"https:\/\/i0.wp.com\/www.24baires.com\/wp-content\/uploads\/2022\/08\/cortes-cuidados.jpeg?resize=350%2C200 1x, https:\/\/i0.wp.com\/www.24baires.com\/wp-content\/uploads\/2022\/08\/cortes-cuidados.jpeg?resize=525%2C300 1.5x, https:\/\/i0.wp.com\/www.24baires.com\/wp-content\/uploads\/2022\/08\/cortes-cuidados.jpeg?resize=700%2C400 2x"},"classes":[]},{"id":116898,"url":"https:\/\/www.24baires.com\/?p=116898","url_meta":{"origin":118641,"position":1},"title":"Desde este s\u00e1bado se vender\u00e1n cortes parrilleros de carne a bajo precio","author":"AF","date":"16\/12\/2020","format":false,"excerpt":"La secretaria de Comercio Interior, Paula Espa\u00f1ol, confirm\u00f3 que este s\u00e1bado saldr\u00e1n a la venta los tres cortes de carne que forman parte del acuerdo del Gobierno. La secretaria de Comercio Interior, Paula Espa\u00f1ol, anunci\u00f3 este mi\u00e9rcoles que a partir de este s\u00e1bado se vender\u00e1n los cortes de carne parrilleros\u2026","rel":"","context":"En \u00abSociedad\u00bb","block_context":{"text":"Sociedad","link":"https:\/\/www.24baires.com\/?cat=1"},"img":{"alt_text":"","src":"https:\/\/i0.wp.com\/www.24baires.com\/wp-content\/uploads\/2016\/07\/carne.jpg?resize=350%2C200","width":350,"height":200,"srcset":"https:\/\/i0.wp.com\/www.24baires.com\/wp-content\/uploads\/2016\/07\/carne.jpg?resize=350%2C200 1x, https:\/\/i0.wp.com\/www.24baires.com\/wp-content\/uploads\/2016\/07\/carne.jpg?resize=525%2C300 1.5x"},"classes":[]},{"id":116845,"url":"https:\/\/www.24baires.com\/?p=116845","url_meta":{"origin":118641,"position":2},"title":"El gobierno cerr\u00f3 acuerdos con los frigor\u00edficos para bajar el precio de algunos cortes de carne","author":"GB","date":"09\/12\/2020","format":false,"excerpt":"La medida ser\u00e1 anunciada este mi\u00e9rcoles, y busca mitigar el fuerte aumento que sufri\u00f3 la carne en el \u00faltimo a\u00f1o. Todav\u00eda no hubo precisiones sobre los precios a los que se ofrecer\u00e1n el asado, el vac\u00edo y el matambre. Este mi\u00e9rcoles el gobierno nacional anunciar\u00e1 un acuerdo con el Consorcio\u2026","rel":"","context":"En \u00abConsumidores\u00bb","block_context":{"text":"Consumidores","link":"https:\/\/www.24baires.com\/?cat=78"},"img":{"alt_text":"","src":"https:\/\/i0.wp.com\/www.24baires.com\/wp-content\/uploads\/2016\/07\/carne.jpg?resize=350%2C200","width":350,"height":200,"srcset":"https:\/\/i0.wp.com\/www.24baires.com\/wp-content\/uploads\/2016\/07\/carne.jpg?resize=350%2C200 1x, https:\/\/i0.wp.com\/www.24baires.com\/wp-content\/uploads\/2016\/07\/carne.jpg?resize=525%2C300 1.5x"},"classes":[]},{"id":117073,"url":"https:\/\/www.24baires.com\/?p=117073","url_meta":{"origin":118641,"position":3},"title":"Anuncian una rebaja de hasta 30% en los precios 10 cortes de carne","author":"GB","date":"26\/01\/2021","format":false,"excerpt":"En los supermercados, las ofertas estar\u00e1n disponible los fines de semana y los mi\u00e9rcoles de las primeras tres semanas de cada mes; mientras que en el Mercado Central, todos los d\u00edas. La rebaja de hasta 30% en los precios comprender\u00e1 a los cortes m\u00e1s representativos de carne vacuna, entre los\u2026","rel":"","context":"En \u00abConsumidores\u00bb","block_context":{"text":"Consumidores","link":"https:\/\/www.24baires.com\/?cat=78"},"img":{"alt_text":"","src":"https:\/\/i0.wp.com\/www.24baires.com\/wp-content\/uploads\/2016\/02\/carnicer%C3%ADa.jpg?resize=350%2C200","width":350,"height":200,"srcset":"https:\/\/i0.wp.com\/www.24baires.com\/wp-content\/uploads\/2016\/02\/carnicer%C3%ADa.jpg?resize=350%2C200 1x, https:\/\/i0.wp.com\/www.24baires.com\/wp-content\/uploads\/2016\/02\/carnicer%C3%ADa.jpg?resize=525%2C300 1.5x"},"classes":[]},{"id":120421,"url":"https:\/\/www.24baires.com\/?p=120421","url_meta":{"origin":118641,"position":4},"title":"Con aumentos del 30%, renovaron el Precios Justos Carne","author":"GB","date":"30\/08\/2023","format":false,"excerpt":"La Secretar\u00eda de Comercio lleg\u00f3 a un acuerdo con supermercados, carnicer\u00edas y empresas exportadoras para renovar el programa Precios Justos Carne. Secretar\u00eda de Comercio de la Naci\u00f3n cerr\u00f3 un acuerdo sectorial para actualizar el programa Precios Justos de la carne. Los siete cortes incluidos en el esquema lanzado por primera\u2026","rel":"","context":"En \u00abConsumidores\u00bb","block_context":{"text":"Consumidores","link":"https:\/\/www.24baires.com\/?cat=78"},"img":{"alt_text":"","src":"https:\/\/i0.wp.com\/www.24baires.com\/wp-content\/uploads\/2016\/02\/carnicer%C3%ADa.jpg?resize=350%2C200","width":350,"height":200,"srcset":"https:\/\/i0.wp.com\/www.24baires.com\/wp-content\/uploads\/2016\/02\/carnicer%C3%ADa.jpg?resize=350%2C200 1x, https:\/\/i0.wp.com\/www.24baires.com\/wp-content\/uploads\/2016\/02\/carnicer%C3%ADa.jpg?resize=525%2C300 1.5x, https:\/\/i0.wp.com\/www.24baires.com\/wp-content\/uploads\/2016\/02\/carnicer%C3%ADa.jpg?resize=700%2C400 2x"},"classes":[]},{"id":117589,"url":"https:\/\/www.24baires.com\/?p=117589","url_meta":{"origin":118641,"position":5},"title":"Ante la suspensi\u00f3n de exportaci\u00f3n de carne, el campo lanza paro de 8 d\u00edas","author":"GB","date":"18\/05\/2021","format":false,"excerpt":"La Comisi\u00f3n de Enlace de Entidades Agropecuarias convoc\u00f3 a un cese de comercializaci\u00f3n de hacienda vacuna desde el jueves y hasta el viernes de la semana pr\u00f3xima, en rechazo a la medida de cierre de exportaciones de carne anunciada por el Gobierno nacional. En un comunicado, la comisi\u00f3n que integran\u2026","rel":"","context":"En \u00abPol\u00edtica\u00bb","block_context":{"text":"Pol\u00edtica","link":"https:\/\/www.24baires.com\/?cat=51"},"img":{"alt_text":"","src":"https:\/\/i0.wp.com\/www.24baires.com\/wp-content\/uploads\/2016\/07\/carne.jpg?resize=350%2C200","width":350,"height":200,"srcset":"https:\/\/i0.wp.com\/www.24baires.com\/wp-content\/uploads\/2016\/07\/carne.jpg?resize=350%2C200 1x, https:\/\/i0.wp.com\/www.24baires.com\/wp-content\/uploads\/2016\/07\/carne.jpg?resize=525%2C300 1.5x"},"classes":[]}],"jetpack_sharing_enabled":true,"jetpack_likes_enabled":true,"_links":{"self":[{"href":"https:\/\/www.24baires.com\/index.php?rest_route=\/wp\/v2\/posts\/118641","targetHints":{"allow":["GET"]}}],"collection":[{"href":"https:\/\/www.24baires.com\/index.php?rest_route=\/wp\/v2\/posts"}],"about":[{"href":"https:\/\/www.24baires.com\/index.php?rest_route=\/wp\/v2\/types\/post"}],"author":[{"embeddable":true,"href":"https:\/\/www.24baires.com\/index.php?rest_route=\/wp\/v2\/users\/4"}],"replies":[{"embeddable":true,"href":"https:\/\/www.24baires.com\/index.php?rest_route=%2Fwp%2Fv2%2Fcomments&post=118641"}],"version-history":[{"count":1,"href":"https:\/\/www.24baires.com\/index.php?rest_route=\/wp\/v2\/posts\/118641\/revisions"}],"predecessor-version":[{"id":118643,"href":"https:\/\/www.24baires.com\/index.php?rest_route=\/wp\/v2\/posts\/118641\/revisions\/118643"}],"wp:attachment":[{"href":"https:\/\/www.24baires.com\/index.php?rest_route=%2Fwp%2Fv2%2Fmedia&parent=118641"}],"wp:term":[{"taxonomy":"category","embeddable":true,"href":"https:\/\/www.24baires.com\/index.php?rest_route=%2Fwp%2Fv2%2Fcategories&post=118641"},{"taxonomy":"post_tag","embeddable":true,"href":"https:\/\/www.24baires.com\/index.php?rest_route=%2Fwp%2Fv2%2Ftags&post=118641"}],"curies":[{"name":"wp","href":"https:\/\/api.w.org\/{rel}","templated":true}]}}