{"id":11860,"date":"2013-01-11T16:00:24","date_gmt":"2013-01-11T19:00:24","guid":{"rendered":"http:\/\/www.24baires.com\/?p=11860"},"modified":"2013-01-11T16:00:43","modified_gmt":"2013-01-11T19:00:43","slug":"baradel-advirtio-que-las-negociaciones-con-los-docentes-van-a-ser-dificiles","status":"publish","type":"post","link":"https:\/\/www.24baires.com\/?p=11860","title":{"rendered":"Baradel advirti\u00f3 que las negociaciones con los docentes \u00abvan a ser dif\u00edciles\u00bb"},"content":{"rendered":"<p>Roberto Baradel dijo que el lunes, cuando se junten con las autoridades, definir\u00e1n el porcentaje de incremento que van a reclamar. Y si bien dijo que \u00abtenemos tiempo\u00bb para negociar, no descart\u00f3 medidas de fuerza para el caso que no haya acuerdo.<!--more--><\/p>\n<p>El secretario general de SUTEBA y de la CTA bonaerense, Roberto Baradel, advirti\u00f3 este viernes que las negociaciones paritarias con el sector docente, que comienzan el lunes, \u00abvan a ser dif\u00edciles\u00bb, y no descart\u00f3 \u00abparos y otras medidas de fuerza\u00bb, en caso de no llegar a un acuerdo antes del comienzo del a\u00f1o lectivo, el 25 de febrero pr\u00f3ximo.<\/p>\n<p>El dirigente tambi\u00e9n adelant\u00f3 que, adem\u00e1s del aumento salarial, pedir\u00e1n \u00abel blanqueo de las sumas en negro\u00bb, que el aumento \u00abrija desde el 1\u00ba de enero\u00bb y la \u00abactualizaci\u00f3n del impuesto a las Ganancias\u00bb.<\/p>\n<p>\u00abEl porcentaje de incremento lo vamos a definir el lunes, pero creemos que va a ser una negociaci\u00f3n dif\u00edcil. Lo bueno es que tenemos tiempo porque queremos cerrar el acuerdo antes del comienzo de clases\u00bb, sentenci\u00f3 Baradel.<\/p>\n<p>El Frente Gremial, que integran SUTEBA, FEB, UDA, AMET y SADOP, se reunir\u00e1 el pr\u00f3ximo lunes, a las 11, con la directora general de Educaci\u00f3n, Nora De Luc\u00eda, y el ministro de Trabajo bonaerense, Oscar Cuartango, en la subsecretar\u00eda de Negociaci\u00f3n Colectiva, en La Plata.<\/p>\n<p>Baradel confirm\u00f3 que el lunes, antes que comience la primera mesa paritaria del a\u00f1o, se van a reunir los distintos sindicatos de maestros de la provincia para definir el porcentaje del aumento.<\/p>\n<p>Asimismo, remarc\u00f3 que, en el caso de no llegar a un acuerdo salarial antes del 25 de febrero, van a discutir \u00abmedidas de fuerza, que pueden incluir paros\u00bb.<\/p>\n<p>Adem\u00e1s, el dirigente manifest\u00f3 que el martes 15 ser\u00e1n recibidos por De Luc\u00eda para tratar problem\u00e1ticas de infraestructura escolar porque \u00abhay poca inversi\u00f3n en reparaci\u00f3n de escuelas\u00bb.<\/p>\n<p>En este sentido, Baradel remarc\u00f3 que aprovechar\u00e1n en encuentro del martes para discutir acerca del \u00abnombramiento de cargos docentes, la situaci\u00f3n del transporte escolar y la ejecuci\u00f3n total del presupuesto en educaci\u00f3n\u00bb.<\/p>\n<p>El jefe de SUTEBA tambi\u00e9n se refiri\u00f3 a la situaci\u00f3n de los docentes nuevos que no hab\u00edan percibido sus sueldos: \u00abPor suerte se le ha pagado a la mayor\u00eda, pero todav\u00eda quedan algunos casos que vamos a analizar puntualmente\u00bb.<\/p>\n<p>&nbsp;<\/p>\n<p>&nbsp;<\/p>\n<p>&nbsp;<\/p>\n<p>&nbsp;<\/p>\n<p>&nbsp;<\/p>\n<p>&nbsp;<\/p>\n<p>&nbsp;<\/p>\n<p>&nbsp;<\/p>\n<p>&nbsp;<\/p>\n<p>&nbsp;<\/p>\n<p>&nbsp;<\/p>\n<p>&nbsp;<\/p>\n<p>&nbsp;<\/p>\n<p>&nbsp;<\/p>\n<p>&nbsp;<\/p>\n<p>&nbsp;<\/p>\n<p>&nbsp;<\/p>\n<p>&nbsp;<\/p>\n<p>&nbsp;<\/p>\n<p>&nbsp;<\/p>\n<p>&nbsp;<\/p>\n<p>&nbsp;<\/p>\n","protected":false},"excerpt":{"rendered":"<p>Roberto Baradel dijo que el lunes, cuando se junten con las autoridades, definir\u00e1n el porcentaje de incremento que van a reclamar. Y si bien dijo que \u00abtenemos tiempo\u00bb para negociar, no descart\u00f3 medidas de fuerza para el caso que no haya acuerdo.<\/p>\n","protected":false},"author":4,"featured_media":0,"comment_status":"open","ping_status":"open","sticky":false,"template":"","format":"standard","meta":{"_jetpack_newsletter_access":"","_jetpack_dont_email_post_to_subs":false,"_jetpack_newsletter_tier_id":0,"_jetpack_memberships_contains_paywalled_content":false,"_jetpack_memberships_contains_paid_content":false,"footnotes":""},"categories":[1],"tags":[],"class_list":["post-11860","post","type-post","status-publish","format-standard","hentry","category-sociedad"],"jetpack_featured_media_url":"","jetpack_shortlink":"https:\/\/wp.me\/p2JWE0-35i","jetpack-related-posts":[{"id":78231,"url":"https:\/\/www.24baires.com\/?p=78231","url_meta":{"origin":11860,"position":0},"title":"Gremios docentes pidieron $8.500 de salario inicial","author":"AF","date":"28\/01\/2016","format":false,"excerpt":"Lo precis\u00f3 el titular de Suteba, Roberto Baradel. El mi\u00e9rcoles de la semana que viene habr\u00e1 un nuevo encuentro. No hubo contraoferta. El titular de Suteba, Roberto Baradel, detall\u00f3 que en la reuni\u00f3n que mantuvieron los cinco gremios docentes con el ministro de Educaci\u00f3n, Esteban Bulrrich, le plantearon \u201cun un\u2026","rel":"","context":"En \u00abSociedad\u00bb","block_context":{"text":"Sociedad","link":"https:\/\/www.24baires.com\/?cat=1"},"img":{"alt_text":"baradel declaraciones","src":"https:\/\/i0.wp.com\/www.24baires.com\/wp-content\/uploads\/2012\/12\/baradel-declaraciones.jpg?resize=350%2C200","width":350,"height":200,"srcset":"https:\/\/i0.wp.com\/www.24baires.com\/wp-content\/uploads\/2012\/12\/baradel-declaraciones.jpg?resize=350%2C200 1x, https:\/\/i0.wp.com\/www.24baires.com\/wp-content\/uploads\/2012\/12\/baradel-declaraciones.jpg?resize=525%2C300 1.5x"},"classes":[]},{"id":108639,"url":"https:\/\/www.24baires.com\/?p=108639","url_meta":{"origin":11860,"position":1},"title":"Docentes bonaerenses denuncian que Vidal no cumple la paritaria","author":"AF","date":"07\/06\/2019","format":false,"excerpt":"Los docentes bonaerenses agrupados en Suteba y en la FEB denunciaron el incumplimiento del acuerdo paritario por parte del gobierno de Mar\u00eda Eugenia Vidal por un descuento \"indiscriminado\" de los d\u00edas de paro. \"Considerando el car\u00e1cter alimentario que tiene el salario de los docentes, exigimos una urgente devoluci\u00f3n de los\u2026","rel":"","context":"En \u00abSociedad\u00bb","block_context":{"text":"Sociedad","link":"https:\/\/www.24baires.com\/?cat=1"},"img":{"alt_text":"","src":"https:\/\/i0.wp.com\/www.24baires.com\/wp-content\/uploads\/2018\/10\/baradel.jpg?resize=350%2C200","width":350,"height":200,"srcset":"https:\/\/i0.wp.com\/www.24baires.com\/wp-content\/uploads\/2018\/10\/baradel.jpg?resize=350%2C200 1x, https:\/\/i0.wp.com\/www.24baires.com\/wp-content\/uploads\/2018\/10\/baradel.jpg?resize=525%2C300 1.5x"},"classes":[]},{"id":114251,"url":"https:\/\/www.24baires.com\/?p=114251","url_meta":{"origin":11860,"position":2},"title":"Docentes: dos gremios rechazaron y uno acept\u00f3, pero las clases empiezan","author":"GB","date":"29\/02\/2020","format":false,"excerpt":"Suteba fue el \u00fanico gremio que dio el visto bueno, aunque los sindicatos que no lo hicieron descartaron una medida de fuerza. El Sindicato \u00danico de Trabajadores de la Educaci\u00f3n de Buenos Aires (Suteba) acept\u00f3 la propuesta de aumento salarial del Gobierno provincial, pero la Uni\u00f3n de Docentes de Buenos\u2026","rel":"","context":"En \u00abProvincia\u00bb","block_context":{"text":"Provincia","link":"https:\/\/www.24baires.com\/?cat=40"},"img":{"alt_text":"","src":"https:\/\/i0.wp.com\/www.24baires.com\/wp-content\/uploads\/2020\/01\/kicillof-docentes.jpeg?resize=350%2C200","width":350,"height":200,"srcset":"https:\/\/i0.wp.com\/www.24baires.com\/wp-content\/uploads\/2020\/01\/kicillof-docentes.jpeg?resize=350%2C200 1x, https:\/\/i0.wp.com\/www.24baires.com\/wp-content\/uploads\/2020\/01\/kicillof-docentes.jpeg?resize=525%2C300 1.5x"},"classes":[]},{"id":101738,"url":"https:\/\/www.24baires.com\/?p=101738","url_meta":{"origin":11860,"position":3},"title":"S\u00e1nchez Zinny critic\u00f3 el paro docente y asegur\u00f3 que \u201cse descontar\u00e1n los d\u00edas\u201d","author":"GB","date":"21\/04\/2018","format":false,"excerpt":"El director de Cultura y Educaci\u00f3n de la provincia asegur\u00f3 que el paro \u201cno ayuda a las negociaciones\u201d y que se reunieron 16 veces con los gremios, donde se hicieron siete ofertas diferentes. Baradel lo trat\u00f3 de mentiroso y asegur\u00f3 \"no vamos a arreglar a la baja\". Ayer los gremios\u2026","rel":"","context":"En \u00abProvincia\u00bb","block_context":{"text":"Provincia","link":"https:\/\/www.24baires.com\/?cat=40"},"img":{"alt_text":"","src":"https:\/\/i0.wp.com\/www.24baires.com\/wp-content\/uploads\/2018\/04\/sanchez-ziny.jpg?resize=350%2C200","width":350,"height":200,"srcset":"https:\/\/i0.wp.com\/www.24baires.com\/wp-content\/uploads\/2018\/04\/sanchez-ziny.jpg?resize=350%2C200 1x, https:\/\/i0.wp.com\/www.24baires.com\/wp-content\/uploads\/2018\/04\/sanchez-ziny.jpg?resize=525%2C300 1.5x"},"classes":[]},{"id":104131,"url":"https:\/\/www.24baires.com\/?p=104131","url_meta":{"origin":11860,"position":4},"title":"Docentes inician paro por 72 horas","author":"GB","date":"28\/08\/2018","format":false,"excerpt":"Luego de una nueva reuni\u00f3n paritaria fallida, desde el Frente de Unidad Docente comienzan este martes la medida de fuerza hasta el mi\u00e9rcoles. Ma\u00f1ana realizar\u00e1n una movilizaci\u00f3n en La Plata para exigir aumento salarial y mejores condiciones en los edificios escolares. El Frente de Unidad Docente Bonaerense comienza este martes\u2026","rel":"","context":"En \u00abProvincia\u00bb","block_context":{"text":"Provincia","link":"https:\/\/www.24baires.com\/?cat=40"},"img":{"alt_text":"","src":"https:\/\/i0.wp.com\/www.24baires.com\/wp-content\/uploads\/2018\/06\/docentes-en-lucha.jpg?resize=350%2C200","width":350,"height":200,"srcset":"https:\/\/i0.wp.com\/www.24baires.com\/wp-content\/uploads\/2018\/06\/docentes-en-lucha.jpg?resize=350%2C200 1x, https:\/\/i0.wp.com\/www.24baires.com\/wp-content\/uploads\/2018\/06\/docentes-en-lucha.jpg?resize=525%2C300 1.5x"},"classes":[]},{"id":62188,"url":"https:\/\/www.24baires.com\/?p=62188","url_meta":{"origin":11860,"position":5},"title":"Baradel: \u00abEstamos bajo un escenario de conflicto\u00bb","author":"AF","date":"24\/02\/2015","format":false,"excerpt":"A una semana del comienzo de clases, contin\u00faan las negociaciones salariales y todav\u00eda no hay acuerdo en la Naci\u00f3n y en la provincia de Buenos Aires, entre otros distritos. Desde los gremios docentes, rechazaron el 28 por ciento que ofreci\u00f3 el gobierno nacional y exigen al menos un aumento del\u2026","rel":"","context":"En \u00abSociedad\u00bb","block_context":{"text":"Sociedad","link":"https:\/\/www.24baires.com\/?cat=1"},"img":{"alt_text":"baradel declaraciones","src":"https:\/\/i0.wp.com\/www.24baires.com\/wp-content\/uploads\/2012\/12\/baradel-declaraciones.jpg?resize=350%2C200","width":350,"height":200,"srcset":"https:\/\/i0.wp.com\/www.24baires.com\/wp-content\/uploads\/2012\/12\/baradel-declaraciones.jpg?resize=350%2C200 1x, https:\/\/i0.wp.com\/www.24baires.com\/wp-content\/uploads\/2012\/12\/baradel-declaraciones.jpg?resize=525%2C300 1.5x"},"classes":[]}],"jetpack_sharing_enabled":true,"jetpack_likes_enabled":true,"_links":{"self":[{"href":"https:\/\/www.24baires.com\/index.php?rest_route=\/wp\/v2\/posts\/11860","targetHints":{"allow":["GET"]}}],"collection":[{"href":"https:\/\/www.24baires.com\/index.php?rest_route=\/wp\/v2\/posts"}],"about":[{"href":"https:\/\/www.24baires.com\/index.php?rest_route=\/wp\/v2\/types\/post"}],"author":[{"embeddable":true,"href":"https:\/\/www.24baires.com\/index.php?rest_route=\/wp\/v2\/users\/4"}],"replies":[{"embeddable":true,"href":"https:\/\/www.24baires.com\/index.php?rest_route=%2Fwp%2Fv2%2Fcomments&post=11860"}],"version-history":[{"count":3,"href":"https:\/\/www.24baires.com\/index.php?rest_route=\/wp\/v2\/posts\/11860\/revisions"}],"predecessor-version":[{"id":11862,"href":"https:\/\/www.24baires.com\/index.php?rest_route=\/wp\/v2\/posts\/11860\/revisions\/11862"}],"wp:attachment":[{"href":"https:\/\/www.24baires.com\/index.php?rest_route=%2Fwp%2Fv2%2Fmedia&parent=11860"}],"wp:term":[{"taxonomy":"category","embeddable":true,"href":"https:\/\/www.24baires.com\/index.php?rest_route=%2Fwp%2Fv2%2Fcategories&post=11860"},{"taxonomy":"post_tag","embeddable":true,"href":"https:\/\/www.24baires.com\/index.php?rest_route=%2Fwp%2Fv2%2Ftags&post=11860"}],"curies":[{"name":"wp","href":"https:\/\/api.w.org\/{rel}","templated":true}]}}