{"id":118579,"date":"2022-02-23T20:02:29","date_gmt":"2022-02-23T23:02:29","guid":{"rendered":"http:\/\/www.24baires.com\/?p=118579"},"modified":"2022-02-23T20:02:29","modified_gmt":"2022-02-23T23:02:29","slug":"la-actividad-economica-crecio-103-en-2021","status":"publish","type":"post","link":"https:\/\/www.24baires.com\/?p=118579","title":{"rendered":"La actividad econ\u00f3mica creci\u00f3 10,3% en 2021"},"content":{"rendered":"<p><img data-recalc-dims=\"1\" loading=\"lazy\" decoding=\"async\" src=\"https:\/\/i0.wp.com\/www.24baires.com\/wp-content\/uploads\/2019\/01\/fabrica-de-motoss.jpg?resize=560%2C373\" alt=\"\" width=\"560\" height=\"373\" class=\"aligncenter size-full wp-image-106162\" \/Diciembre super\u00f3 por sexto mes consecutivo el nivel prepandemia de febrero de 2020, alcanz\u00f3 una mejora de 0,9% respecto del mes anterior y un 9,8% frente a mismo mes de 2020.<!--more-- srcset=\"https:\/\/i0.wp.com\/www.24baires.com\/wp-content\/uploads\/2019\/01\/fabrica-de-motoss.jpg?w=560&amp;ssl=1 560w, https:\/\/i0.wp.com\/www.24baires.com\/wp-content\/uploads\/2019\/01\/fabrica-de-motoss.jpg?resize=300%2C200&amp;ssl=1 300w\" sizes=\"auto, (max-width: 560px) 100vw, 560px\" \/><\/p>\n<p>El Estimador Mensual de Actividad Econ\u00f3mica (EMAE) volvi\u00f3 a crecer 0,9% mensual sin estacionalidad en diciembre y registr\u00f3 un crecimiento interanual de 9,8%, mientras que el promedio anual de la actividad econ\u00f3mica en 2021 fue de 10,3%, la m\u00e1xima suba desde el inicio de la serie en 2004 y superando al m\u00e1ximo anterior de 10,1% en 2010.<\/p>\n<p>En ese sentido, el incremento mensual de actividad de diciembre fue el segundo consecutivo (frente al 1,3% de noviembre) y super\u00f3 por sexto mes consecutivo el nivel pre-covid de febrero de 2020 (4,9%), mientras que el incremento de actividad interanual fue la d\u00e9cima suba consecutiva, seg\u00fan el informe del EMAE publicado por el Indec.<\/p>\n<p>Con estos datos, el cuarto trimestre de 2021 cierra con subas de 1,7% trimestral sin estacionalidad y 8,7% interanual, completando 2021 con un crecimiento de 10,3% promedio anual, la m\u00e1xima suba desde el inicio de la serie en 2004 y superando al m\u00e1ximo anterior de 10,1% en 2010.<\/p>\n","protected":false},"excerpt":{"rendered":"","protected":false},"author":4,"featured_media":0,"comment_status":"closed","ping_status":"closed","sticky":false,"template":"","format":"standard","meta":{"_jetpack_newsletter_access":"","_jetpack_dont_email_post_to_subs":false,"_jetpack_newsletter_tier_id":0,"_jetpack_memberships_contains_paywalled_content":false,"_jetpack_memberships_contains_paid_content":false,"footnotes":""},"categories":[45],"tags":[],"class_list":["post-118579","post","type-post","status-publish","format-standard","hentry","category-economia"],"jetpack_featured_media_url":"","jetpack_shortlink":"https:\/\/wp.me\/p2JWE0-uQz","jetpack-related-posts":[{"id":118493,"url":"https:\/\/www.24baires.com\/?p=118493","url_meta":{"origin":118579,"position":0},"title":"La actividad econ\u00f3mica registr\u00f3 un aumento del 10,3% en once meses","author":"AF","date":"25\/01\/2022","format":false,"excerpt":"Seg\u00fan inform\u00f3 el Indec, el Estimador Mensual de la Actividad Econ\u00f3mica (EMAE) registr\u00f3 en noviembre un alza del 1,7% frente a octubre pasado y de esta forma acumul\u00f3 una suba del 10,3 % en los primeros once meses del a\u00f1o pasado. La actividad econ\u00f3mica creci\u00f3 en noviembre 9,3% en relaci\u00f3n\u2026","rel":"","context":"En \u00abEconom\u00eda\u00bb","block_context":{"text":"Econom\u00eda","link":"https:\/\/www.24baires.com\/?cat=45"},"img":{"alt_text":"","src":"https:\/\/i0.wp.com\/www.24baires.com\/wp-content\/uploads\/2021\/12\/industria.jpg?resize=350%2C200","width":350,"height":200,"srcset":"https:\/\/i0.wp.com\/www.24baires.com\/wp-content\/uploads\/2021\/12\/industria.jpg?resize=350%2C200 1x, https:\/\/i0.wp.com\/www.24baires.com\/wp-content\/uploads\/2021\/12\/industria.jpg?resize=525%2C300 1.5x"},"classes":[]},{"id":118825,"url":"https:\/\/www.24baires.com\/?p=118825","url_meta":{"origin":118579,"position":1},"title":"Guzm\u00e1n: \u00abEs fundamental que crezca el poder adquisitivo de los salarios\u00bb","author":"AF","date":"05\/05\/2022","format":false,"excerpt":"El ministro de Econom\u00eda destac\u00f3 ante empresarios que \"las pol\u00edticas de precios e ingresos que acompa\u00f1an a las de programaci\u00f3n econ\u00f3mica van en ese objetivo\". Adem\u00e1s, remarc\u00f3 \"la clave de cualquier programa para contener la inflaci\u00f3n es cambiar las expectativas\". El ministro de Econom\u00eda, Mart\u00edn Guzm\u00e1n, asegur\u00f3 que la actividad\u2026","rel":"","context":"En \u00abEconom\u00eda\u00bb","block_context":{"text":"Econom\u00eda","link":"https:\/\/www.24baires.com\/?cat=45"},"img":{"alt_text":"","src":"https:\/\/i0.wp.com\/www.24baires.com\/wp-content\/uploads\/2022\/05\/62740c120b5c9_900.jpg?resize=350%2C200","width":350,"height":200,"srcset":"https:\/\/i0.wp.com\/www.24baires.com\/wp-content\/uploads\/2022\/05\/62740c120b5c9_900.jpg?resize=350%2C200 1x, https:\/\/i0.wp.com\/www.24baires.com\/wp-content\/uploads\/2022\/05\/62740c120b5c9_900.jpg?resize=525%2C300 1.5x, https:\/\/i0.wp.com\/www.24baires.com\/wp-content\/uploads\/2022\/05\/62740c120b5c9_900.jpg?resize=700%2C400 2x"},"classes":[]},{"id":119251,"url":"https:\/\/www.24baires.com\/?p=119251","url_meta":{"origin":118579,"position":2},"title":"La actividad econ\u00f3mica creci\u00f3 un 6,4% durante junio","author":"AF","date":"23\/08\/2022","format":false,"excerpt":"La actividad econ\u00f3mica creci\u00f3 durante junio 6,4% en t\u00e9rminos interanuales, y 1,1% en comparaci\u00f3n a mayo, inform\u00f3 este martes el Instituto Nacional de Estad\u00edstica y Censos (Indec). El informe del Instituto Nacional de Estad\u00edstica y Censos se\u00f1ala adem\u00e1s que en referencia al mes anterior la suba fue del 1,1%. El\u2026","rel":"","context":"En \u00abEconom\u00eda\u00bb","block_context":{"text":"Econom\u00eda","link":"https:\/\/www.24baires.com\/?cat=45"},"img":{"alt_text":"","src":"https:\/\/i0.wp.com\/www.24baires.com\/wp-content\/uploads\/2022\/04\/industria-soldador.jpg?resize=350%2C200","width":350,"height":200,"srcset":"https:\/\/i0.wp.com\/www.24baires.com\/wp-content\/uploads\/2022\/04\/industria-soldador.jpg?resize=350%2C200 1x, https:\/\/i0.wp.com\/www.24baires.com\/wp-content\/uploads\/2022\/04\/industria-soldador.jpg?resize=525%2C300 1.5x, https:\/\/i0.wp.com\/www.24baires.com\/wp-content\/uploads\/2022\/04\/industria-soldador.jpg?resize=700%2C400 2x"},"classes":[]},{"id":118246,"url":"https:\/\/www.24baires.com\/?p=118246","url_meta":{"origin":118579,"position":3},"title":"Guzm\u00e1n: \u00abEl 11,6% de septiembre muestra la fortaleza y solidez del crecimiento\u00bb","author":"AF","date":"23\/11\/2021","format":false,"excerpt":"En base a los datos provistos por el Indec, el ministro de Econom\u00eda destac\u00f3 la proyecci\u00f3n del incremento del PBI en un 10% para este a\u00f1o. El ministro de Desarrollo Productivo, Mat\u00edas Kulfas, destac\u00f3 que la actividad econ\u00f3mica ya recuper\u00f3 \"todo lo perdido por la pandemia\". El nivel de actividad\u2026","rel":"","context":"En \u00abEconom\u00eda\u00bb","block_context":{"text":"Econom\u00eda","link":"https:\/\/www.24baires.com\/?cat=45"},"img":{"alt_text":"","src":"https:\/\/i0.wp.com\/www.24baires.com\/wp-content\/uploads\/2021\/11\/61714316e6f3e_900.jpg?resize=350%2C200","width":350,"height":200,"srcset":"https:\/\/i0.wp.com\/www.24baires.com\/wp-content\/uploads\/2021\/11\/61714316e6f3e_900.jpg?resize=350%2C200 1x, https:\/\/i0.wp.com\/www.24baires.com\/wp-content\/uploads\/2021\/11\/61714316e6f3e_900.jpg?resize=525%2C300 1.5x"},"classes":[]},{"id":118378,"url":"https:\/\/www.24baires.com\/?p=118378","url_meta":{"origin":118579,"position":4},"title":"La actividad econ\u00f3mica creci\u00f3 en octubre 6,7% y acumula un 10,4% en 2021","author":"AF","date":"23\/12\/2021","format":false,"excerpt":"Entre enero y octubre el aumento del Producto Interno Bruto fue de 10,4% con relaci\u00f3n a igual per\u00edodo del a\u00f1o pasado, se\u00f1ala el informe del Instituto Nacional de Estad\u00edsticas y Censos. El Estimador Mensual de Actividad (EMAE) registr\u00f3 en octubre un crecimiento en t\u00e9rminos interanuales de 6,7%, inform\u00f3 este jueves\u2026","rel":"","context":"En \u00abEconom\u00eda\u00bb","block_context":{"text":"Econom\u00eda","link":"https:\/\/www.24baires.com\/?cat=45"},"img":{"alt_text":"","src":"https:\/\/i0.wp.com\/www.24baires.com\/wp-content\/uploads\/2021\/12\/industria.jpg?resize=350%2C200","width":350,"height":200,"srcset":"https:\/\/i0.wp.com\/www.24baires.com\/wp-content\/uploads\/2021\/12\/industria.jpg?resize=350%2C200 1x, https:\/\/i0.wp.com\/www.24baires.com\/wp-content\/uploads\/2021\/12\/industria.jpg?resize=525%2C300 1.5x"},"classes":[]},{"id":118402,"url":"https:\/\/www.24baires.com\/?p=118402","url_meta":{"origin":118579,"position":5},"title":"La actividad econ\u00f3mica en la provincia creci\u00f3 9,5% en el tercer trimestre","author":"GB","date":"30\/12\/2021","format":false,"excerpt":"Se registraron subas interanuales tanto en la producci\u00f3n de servicios como en la producci\u00f3n de bienes en todo el territorio bonaerense. El ministerio de Hacienda y Finanzas inform\u00f3 que la actividad econ\u00f3mica de la Provincia registr\u00f3 en el tercer trimestre de 2021 un aumento del 9,5% respecto al mismo per\u00edodo\u2026","rel":"","context":"En \u00abProvincia\u00bb","block_context":{"text":"Provincia","link":"https:\/\/www.24baires.com\/?cat=40"},"img":{"alt_text":"","src":"https:\/\/i0.wp.com\/www.24baires.com\/wp-content\/uploads\/2020\/04\/supermercado.jpg?resize=350%2C200","width":350,"height":200,"srcset":"https:\/\/i0.wp.com\/www.24baires.com\/wp-content\/uploads\/2020\/04\/supermercado.jpg?resize=350%2C200 1x, https:\/\/i0.wp.com\/www.24baires.com\/wp-content\/uploads\/2020\/04\/supermercado.jpg?resize=525%2C300 1.5x"},"classes":[]}],"jetpack_sharing_enabled":true,"jetpack_likes_enabled":true,"_links":{"self":[{"href":"https:\/\/www.24baires.com\/index.php?rest_route=\/wp\/v2\/posts\/118579","targetHints":{"allow":["GET"]}}],"collection":[{"href":"https:\/\/www.24baires.com\/index.php?rest_route=\/wp\/v2\/posts"}],"about":[{"href":"https:\/\/www.24baires.com\/index.php?rest_route=\/wp\/v2\/types\/post"}],"author":[{"embeddable":true,"href":"https:\/\/www.24baires.com\/index.php?rest_route=\/wp\/v2\/users\/4"}],"replies":[{"embeddable":true,"href":"https:\/\/www.24baires.com\/index.php?rest_route=%2Fwp%2Fv2%2Fcomments&post=118579"}],"version-history":[{"count":1,"href":"https:\/\/www.24baires.com\/index.php?rest_route=\/wp\/v2\/posts\/118579\/revisions"}],"predecessor-version":[{"id":118580,"href":"https:\/\/www.24baires.com\/index.php?rest_route=\/wp\/v2\/posts\/118579\/revisions\/118580"}],"wp:attachment":[{"href":"https:\/\/www.24baires.com\/index.php?rest_route=%2Fwp%2Fv2%2Fmedia&parent=118579"}],"wp:term":[{"taxonomy":"category","embeddable":true,"href":"https:\/\/www.24baires.com\/index.php?rest_route=%2Fwp%2Fv2%2Fcategories&post=118579"},{"taxonomy":"post_tag","embeddable":true,"href":"https:\/\/www.24baires.com\/index.php?rest_route=%2Fwp%2Fv2%2Ftags&post=118579"}],"curies":[{"name":"wp","href":"https:\/\/api.w.org\/{rel}","templated":true}]}}