{"id":118574,"date":"2022-02-22T20:31:38","date_gmt":"2022-02-22T23:31:38","guid":{"rendered":"http:\/\/www.24baires.com\/?p=118574"},"modified":"2022-02-22T20:31:38","modified_gmt":"2022-02-22T23:31:38","slug":"el-banco-mundial-confirmo-creditos-por-us-2000-millones-para-argentina","status":"publish","type":"post","link":"https:\/\/www.24baires.com\/?p=118574","title":{"rendered":"El Banco Mundial confirm\u00f3 cr\u00e9ditos por US$ 2000 millones para Argentina"},"content":{"rendered":"<p><img data-recalc-dims=\"1\" loading=\"lazy\" decoding=\"async\" class=\"aligncenter wp-image-118575\" src=\"https:\/\/i0.wp.com\/www.24baires.com\/wp-content\/uploads\/2022\/02\/621570a23d8c6_900.jpg?resize=560%2C315\" alt=\"\" width=\"560\" height=\"315\" srcset=\"https:\/\/i0.wp.com\/www.24baires.com\/wp-content\/uploads\/2022\/02\/621570a23d8c6_900.jpg?w=900&amp;ssl=1 900w, https:\/\/i0.wp.com\/www.24baires.com\/wp-content\/uploads\/2022\/02\/621570a23d8c6_900.jpg?resize=300%2C169&amp;ssl=1 300w, https:\/\/i0.wp.com\/www.24baires.com\/wp-content\/uploads\/2022\/02\/621570a23d8c6_900.jpg?resize=768%2C432&amp;ssl=1 768w\" sizes=\"auto, (max-width: 560px) 100vw, 560px\" \/>El anuncio se realiz\u00f3 tras una reuni\u00f3n entre Mart\u00edn Guzm\u00e1n, Gustavo Beliz y el director de operaciones del Banco Mundial, Axel van Trtsenburg, quien destac\u00f3 el crecimiento logrado por la Argentina en 2021.<!--more--><\/p>\n<p>El director de operaciones del Banco Mundial, Axel van Trotsenburg, confirm\u00f3 este martes al ministro de Econom\u00eda, Mart\u00edn Guzm\u00e1n, que el organismo multilateral est\u00e1 avanzando en una cartera de aprobaciones crediticias para la Argentina que superar\u00e1 los US$ 2.000 millones de fondos para este a\u00f1o, y expres\u00f3 su apoyo a las negociaciones que lleva adelante el pa\u00eds con el Fondo Monetario Internacional.<\/p>\n<p>El anuncio se concret\u00f3 durante la reuni\u00f3n que mantuvieron de manera virtual Guzm\u00e1n y el secretario de Asuntos Estrat\u00e9gicos, Gustavo B\u00e9liz, con el director de operaciones del Banco Mundial, quien destac\u00f3 el crecimiento logrado por la Argentina en 2021 y comprometi\u00f3 su respaldo para un desarrollo inclusivo del pa\u00eds, inform\u00f3 el Ministerio de Econom\u00eda.<\/p>\n<p>Los funcionarios conversaron tambi\u00e9n sobre los esfuerzos de Argentina para avanzar en un programa con el FMI sobre el cual \u00abel Banco expres\u00f3 su apoyo\u00bb, aseguraron el BM y el Ministerio tras el encuentro.<\/p>\n","protected":false},"excerpt":{"rendered":"<p>El anuncio se realiz\u00f3 tras una reuni\u00f3n entre Mart\u00edn Guzm\u00e1n, Gustavo Beliz y el director de operaciones del Banco Mundial, Axel van Trtsenburg, quien destac\u00f3 el crecimiento logrado por la Argentina en 2021.<\/p>\n","protected":false},"author":4,"featured_media":0,"comment_status":"closed","ping_status":"closed","sticky":false,"template":"","format":"standard","meta":{"_jetpack_newsletter_access":"","_jetpack_dont_email_post_to_subs":false,"_jetpack_newsletter_tier_id":0,"_jetpack_memberships_contains_paywalled_content":false,"_jetpack_memberships_contains_paid_content":false,"footnotes":""},"categories":[45],"tags":[],"class_list":["post-118574","post","type-post","status-publish","format-standard","hentry","category-economia"],"jetpack_featured_media_url":"","jetpack_shortlink":"https:\/\/wp.me\/p2JWE0-uQu","jetpack-related-posts":[{"id":119305,"url":"https:\/\/www.24baires.com\/?p=119305","url_meta":{"origin":118574,"position":0},"title":"El Banco Mundial confirm\u00f3 un nuevo pr\u00e9stamo por US$ 900 millones","author":"AF","date":"07\/09\/2022","format":false,"excerpt":"El anuncio se realiz\u00f3 tras la reuni\u00f3n que mantuvieron en Washington el ministro de Econom\u00eda, Sergio Massa, y el Director Gerente de Operaciones de la entidad, Axel van Trotsenburg. El Banco Mundial confirm\u00f3 que en los pr\u00f3ximos seis meses la Argentina recibir\u00e1 un pr\u00e9stamo de US$ 900 millones, que se\u2026","rel":"","context":"En \u00abPol\u00edtica\u00bb","block_context":{"text":"Pol\u00edtica","link":"https:\/\/www.24baires.com\/?cat=51"},"img":{"alt_text":"","src":"https:\/\/i0.wp.com\/www.24baires.com\/wp-content\/uploads\/2022\/09\/ministerio.jpg?resize=350%2C200","width":350,"height":200,"srcset":"https:\/\/i0.wp.com\/www.24baires.com\/wp-content\/uploads\/2022\/09\/ministerio.jpg?resize=350%2C200 1x, https:\/\/i0.wp.com\/www.24baires.com\/wp-content\/uploads\/2022\/09\/ministerio.jpg?resize=525%2C300 1.5x, https:\/\/i0.wp.com\/www.24baires.com\/wp-content\/uploads\/2022\/09\/ministerio.jpg?resize=700%2C400 2x"},"classes":[]},{"id":117350,"url":"https:\/\/www.24baires.com\/?p=117350","url_meta":{"origin":118574,"position":1},"title":"El  Banco Mundial ratific\u00f3 su apoyo a la Argentina","author":"AF","date":"24\/03\/2021","format":false,"excerpt":"El presidente mantuvo una videoconferencia con el titular del Banco Mundial, David Malpass. El presidente Alberto Fern\u00e1ndez mantuvo hoy desde la residencia de Olivos una videoconferencia con el titular del Banco Mundial (BM), David Malpass, quien ratific\u00f3 el respaldo del organismo a la Argentina. En el encuentro, el jefe de\u2026","rel":"","context":"En \u00abSociedad\u00bb","block_context":{"text":"Sociedad","link":"https:\/\/www.24baires.com\/?cat=1"},"img":{"alt_text":"","src":"https:\/\/i0.wp.com\/www.24baires.com\/wp-content\/uploads\/2021\/03\/fern%C3%A1ndez.jpg?resize=350%2C200","width":350,"height":200,"srcset":"https:\/\/i0.wp.com\/www.24baires.com\/wp-content\/uploads\/2021\/03\/fern%C3%A1ndez.jpg?resize=350%2C200 1x, https:\/\/i0.wp.com\/www.24baires.com\/wp-content\/uploads\/2021\/03\/fern%C3%A1ndez.jpg?resize=525%2C300 1.5x"},"classes":[]},{"id":113935,"url":"https:\/\/www.24baires.com\/?p=113935","url_meta":{"origin":118574,"position":2},"title":"Guzm\u00e1n se reunir\u00e1 con autoridades del FMI con el objetivo de avanzar en la renegociaci\u00f3n de la deuda","author":"GB","date":"28\/01\/2020","format":false,"excerpt":"El titular de la cartera de Econom\u00eda intentar\u00e1 dar pasos adelante para lograr que los pagos de pospongan. El ministro de Econom\u00eda, Mart\u00edn Guzm\u00e1n, se encuentra en Nueva York y tendr\u00e1 una reuni\u00f3n con autoridades del Fondo Monetario Internacional (FMI). El encuentro tiene el objetivo para el Gobierno nacional de\u2026","rel":"","context":"En \u00abEconom\u00eda\u00bb","block_context":{"text":"Econom\u00eda","link":"https:\/\/www.24baires.com\/?cat=45"},"img":{"alt_text":"","src":"https:\/\/i0.wp.com\/www.24baires.com\/wp-content\/uploads\/2020\/01\/guzman.jpg?resize=350%2C200","width":350,"height":200,"srcset":"https:\/\/i0.wp.com\/www.24baires.com\/wp-content\/uploads\/2020\/01\/guzman.jpg?resize=350%2C200 1x, https:\/\/i0.wp.com\/www.24baires.com\/wp-content\/uploads\/2020\/01\/guzman.jpg?resize=525%2C300 1.5x"},"classes":[]},{"id":117320,"url":"https:\/\/www.24baires.com\/?p=117320","url_meta":{"origin":118574,"position":3},"title":"Guzm\u00e1n viaja a Estados Unidos para reuniones con el FMI y el Banco Mundial","author":"AF","date":"17\/03\/2021","format":false,"excerpt":"El ministro de Econom\u00eda emprender\u00e1 el viaje hacia Nueva York, donde ma\u00f1ana iniciar\u00e1 su agenda de reuniones con think tanks e inversores. Mart\u00edn Guzm\u00e1n viaja en la noche del mi\u00e9rcoles a Estados Unidos para cumplir desde ma\u00f1ana con una agenda de di\u00e1logo con inversores, antes de las reuniones previstas con\u2026","rel":"","context":"En \u00abPol\u00edtica\u00bb","block_context":{"text":"Pol\u00edtica","link":"https:\/\/www.24baires.com\/?cat=51"},"img":{"alt_text":"","src":"https:\/\/i0.wp.com\/www.24baires.com\/wp-content\/uploads\/2020\/05\/guzman-1.jpg?resize=350%2C200","width":350,"height":200,"srcset":"https:\/\/i0.wp.com\/www.24baires.com\/wp-content\/uploads\/2020\/05\/guzman-1.jpg?resize=350%2C200 1x, https:\/\/i0.wp.com\/www.24baires.com\/wp-content\/uploads\/2020\/05\/guzman-1.jpg?resize=525%2C300 1.5x"},"classes":[]},{"id":119478,"url":"https:\/\/www.24baires.com\/?p=119478","url_meta":{"origin":118574,"position":4},"title":"El Gobierno gestiona un cr\u00e9dito de US$ 200 millones para pymes","author":"AF","date":"26\/10\/2022","format":false,"excerpt":"El prop\u00f3sito del nuevo fondeo es alcanzar a m\u00e1s de 1.000 pymes de todo el pa\u00eds, generar empleos de calidad y promover el aumento de la productividad de las empresas a trav\u00e9s de la generaci\u00f3n de exportaciones de bienes con valor agregado. El secretario de Industria y Desarrollo Productivo, Jos\u00e9\u2026","rel":"","context":"En \u00abPol\u00edtica\u00bb","block_context":{"text":"Pol\u00edtica","link":"https:\/\/www.24baires.com\/?cat=51"},"img":{"alt_text":"","src":"https:\/\/i0.wp.com\/www.24baires.com\/wp-content\/uploads\/2022\/10\/world-bank-group.jpg?resize=350%2C200","width":350,"height":200,"srcset":"https:\/\/i0.wp.com\/www.24baires.com\/wp-content\/uploads\/2022\/10\/world-bank-group.jpg?resize=350%2C200 1x, https:\/\/i0.wp.com\/www.24baires.com\/wp-content\/uploads\/2022\/10\/world-bank-group.jpg?resize=525%2C300 1.5x, https:\/\/i0.wp.com\/www.24baires.com\/wp-content\/uploads\/2022\/10\/world-bank-group.jpg?resize=700%2C400 2x"},"classes":[]},{"id":119265,"url":"https:\/\/www.24baires.com\/?p=119265","url_meta":{"origin":118574,"position":5},"title":"Massa viaja a Washington con agenda amplia","author":"AF","date":"25\/08\/2022","format":false,"excerpt":"Tendr\u00e1 reuniones con Georgieva, del FMI y con Claver Carone, del BID, por la deuda y los d\u00f3lares. Con qu\u00e9 gigantes de la energ\u00eda se ver\u00e1 y c\u00f3mo es la amplia comitiva. En lo que ser\u00e1 su primera excursi\u00f3n fuera del pa\u00eds desde que es el ministro de Econom\u00eda, Sergio\u2026","rel":"","context":"En \u00abPol\u00edtica\u00bb","block_context":{"text":"Pol\u00edtica","link":"https:\/\/www.24baires.com\/?cat=51"},"img":{"alt_text":"","src":"https:\/\/i0.wp.com\/www.24baires.com\/wp-content\/uploads\/2022\/08\/massa-washington.jpg?resize=350%2C200","width":350,"height":200,"srcset":"https:\/\/i0.wp.com\/www.24baires.com\/wp-content\/uploads\/2022\/08\/massa-washington.jpg?resize=350%2C200 1x, https:\/\/i0.wp.com\/www.24baires.com\/wp-content\/uploads\/2022\/08\/massa-washington.jpg?resize=525%2C300 1.5x, https:\/\/i0.wp.com\/www.24baires.com\/wp-content\/uploads\/2022\/08\/massa-washington.jpg?resize=700%2C400 2x"},"classes":[]}],"jetpack_sharing_enabled":true,"jetpack_likes_enabled":true,"_links":{"self":[{"href":"https:\/\/www.24baires.com\/index.php?rest_route=\/wp\/v2\/posts\/118574","targetHints":{"allow":["GET"]}}],"collection":[{"href":"https:\/\/www.24baires.com\/index.php?rest_route=\/wp\/v2\/posts"}],"about":[{"href":"https:\/\/www.24baires.com\/index.php?rest_route=\/wp\/v2\/types\/post"}],"author":[{"embeddable":true,"href":"https:\/\/www.24baires.com\/index.php?rest_route=\/wp\/v2\/users\/4"}],"replies":[{"embeddable":true,"href":"https:\/\/www.24baires.com\/index.php?rest_route=%2Fwp%2Fv2%2Fcomments&post=118574"}],"version-history":[{"count":1,"href":"https:\/\/www.24baires.com\/index.php?rest_route=\/wp\/v2\/posts\/118574\/revisions"}],"predecessor-version":[{"id":118576,"href":"https:\/\/www.24baires.com\/index.php?rest_route=\/wp\/v2\/posts\/118574\/revisions\/118576"}],"wp:attachment":[{"href":"https:\/\/www.24baires.com\/index.php?rest_route=%2Fwp%2Fv2%2Fmedia&parent=118574"}],"wp:term":[{"taxonomy":"category","embeddable":true,"href":"https:\/\/www.24baires.com\/index.php?rest_route=%2Fwp%2Fv2%2Fcategories&post=118574"},{"taxonomy":"post_tag","embeddable":true,"href":"https:\/\/www.24baires.com\/index.php?rest_route=%2Fwp%2Fv2%2Ftags&post=118574"}],"curies":[{"name":"wp","href":"https:\/\/api.w.org\/{rel}","templated":true}]}}