{"id":118568,"date":"2022-02-21T19:28:23","date_gmt":"2022-02-21T22:28:23","guid":{"rendered":"http:\/\/www.24baires.com\/?p=118568"},"modified":"2022-02-21T19:28:23","modified_gmt":"2022-02-21T22:28:23","slug":"crearan-fondo-para-evitar-saltos-estacionales-en-los-precios-de-frutas-y-verduras","status":"publish","type":"post","link":"https:\/\/www.24baires.com\/?p=118568","title":{"rendered":"Crear\u00e1n fondo para evitar saltos estacionales en los precios de frutas y verduras"},"content":{"rendered":"<p><img data-recalc-dims=\"1\" loading=\"lazy\" decoding=\"async\" class=\"aligncenter wp-image-118569\" src=\"https:\/\/i0.wp.com\/www.24baires.com\/wp-content\/uploads\/2022\/02\/5b04831f2fa0d_900.jpg?resize=560%2C315\" alt=\"\" width=\"560\" height=\"315\" srcset=\"https:\/\/i0.wp.com\/www.24baires.com\/wp-content\/uploads\/2022\/02\/5b04831f2fa0d_900.jpg?w=900&amp;ssl=1 900w, https:\/\/i0.wp.com\/www.24baires.com\/wp-content\/uploads\/2022\/02\/5b04831f2fa0d_900.jpg?resize=300%2C169&amp;ssl=1 300w, https:\/\/i0.wp.com\/www.24baires.com\/wp-content\/uploads\/2022\/02\/5b04831f2fa0d_900.jpg?resize=768%2C432&amp;ssl=1 768w\" sizes=\"auto, (max-width: 560px) 100vw, 560px\" \/>Se trata de un fideicomiso que incluir\u00e1, en una primera etapa, la compra anticipada de los productos de mayor consumo -papa, tomate y cebolla, que representan el 40% de las ventas del Mercado Central-, con el objetivo de ampliar la oferta y contener subas.<!--more--><\/p>\n<p>El ministro de Desarrollo Productivo, Mat\u00edas Kulfas, anticip\u00f3 este lunes que el Gobierno nacional avanza en la conformaci\u00f3n de un fideicomiso para estabilizar los precios de los alimentos frescos, como frutas y verduras, a trav\u00e9s de una mayor y m\u00e1s regular oferta de productos que minimice el impacto de la estacionalidad e incremente la capacidad productiva de pymes y peque\u00f1os productores.<\/p>\n<p>El fideicomiso es fruto de un trabajo conjunto entre el Ministerio, la Secretar\u00eda de Comercio Interior y el Mercado Central e incluir\u00e1, en una primera etapa, la compra anticipada de los productos de mayor consumo -papa, tomate y cebolla, que representan el 40% de las ventas del Mercado Central-, con el objetivo de ampliar la oferta y contener subas de precios.<\/p>\n<p>Al respecto, Kulfas afirm\u00f3 que con la creaci\u00f3n de este fideicomiso se \u00abdar\u00e1 previsibilidad en la oferta de todo el a\u00f1o\u00bb, que \u00abest\u00e1 enfocado en financiar a los peque\u00f1os productores para que puedan tener m\u00e1s equipamiento\u00bb y que esperan que \u00aben las pr\u00f3ximas semanas ya se pueda poner en marcha\u00bb.<\/p>\n<p>\u00abHay factores de oferta, en el caso de los frescos, que generan precios muy vol\u00e1tiles y hay tambi\u00e9n factores estacionales que reducen la oferta, por lo cual pensamos en un esquema que nos permita anticipar compras y poder intervenir en los momentos de escasez de oferta\u00bb, dijo el ministros en declaraciones a Radio 10.<\/p>\n<p>Asimismo, expres\u00f3 que se busca \u00abintervenir en temas estacionales\u00bb ya que \u00abhay momentos del a\u00f1o en los que el precio del tomate, por ejemplo, se dispara por falta de oferta porque termin\u00f3 la cosecha\u00bb.<\/p>\n<p>\u00abSe vuelve rid\u00edculamente alto para luego bajar dr\u00e1sticamente. El fideicomiso permite dar m\u00e1s previsibilidad en la oferta de todo el a\u00f1o\u00bb, indic\u00f3 el funcionario, quien sostuvo que el Gobierno tiene en claro que \u00abel tema de precios es uno de los centrales, porque va directo al coraz\u00f3n de que esta reactivaci\u00f3n llegue a todos los hogares\u00bb.<\/p>\n","protected":false},"excerpt":{"rendered":"<p>Se trata de un fideicomiso que incluir\u00e1, en una primera etapa, la compra anticipada de los productos de mayor consumo -papa, tomate y cebolla, que representan el 40% de las ventas del Mercado Central-, con el objetivo de ampliar la oferta y contener subas.<\/p>\n","protected":false},"author":4,"featured_media":0,"comment_status":"closed","ping_status":"closed","sticky":false,"template":"","format":"standard","meta":{"_jetpack_newsletter_access":"","_jetpack_dont_email_post_to_subs":false,"_jetpack_newsletter_tier_id":0,"_jetpack_memberships_contains_paywalled_content":false,"_jetpack_memberships_contains_paid_content":false,"footnotes":""},"categories":[45],"tags":[],"class_list":["post-118568","post","type-post","status-publish","format-standard","hentry","category-economia"],"jetpack_featured_media_url":"","jetpack_shortlink":"https:\/\/wp.me\/p2JWE0-uQo","jetpack-related-posts":[{"id":118647,"url":"https:\/\/www.24baires.com\/?p=118647","url_meta":{"origin":118568,"position":0},"title":"Inflaci\u00f3n sin control: el gobierno prepara medidas","author":"GB","date":"16\/03\/2022","format":false,"excerpt":"Ampliaci\u00f3n de fideicomisos, regulaci\u00f3n de productos frescos y precios fijos ser\u00edan algunas las medidas que tomar\u00e1 el Gobierno. Luego de que el Indec informara este martes que la inflaci\u00f3n de febrero fue de 4,7% con fuerte impacto en los precios de los alimentos, el Gobierno analiza una bater\u00eda de medidas\u2026","rel":"","context":"En \u00abPol\u00edtica\u00bb","block_context":{"text":"Pol\u00edtica","link":"https:\/\/www.24baires.com\/?cat=51"},"img":{"alt_text":"","src":"https:\/\/i0.wp.com\/www.24baires.com\/wp-content\/uploads\/2020\/04\/supermercado.jpg?resize=350%2C200","width":350,"height":200,"srcset":"https:\/\/i0.wp.com\/www.24baires.com\/wp-content\/uploads\/2020\/04\/supermercado.jpg?resize=350%2C200 1x, https:\/\/i0.wp.com\/www.24baires.com\/wp-content\/uploads\/2020\/04\/supermercado.jpg?resize=525%2C300 1.5x"},"classes":[]},{"id":118727,"url":"https:\/\/www.24baires.com\/?p=118727","url_meta":{"origin":118568,"position":1},"title":"Buscan garantizar el acceso a productos b\u00e1sicos con nuevas canastas","author":"AF","date":"09\/04\/2022","format":false,"excerpt":"Adem\u00e1s, con el objetivo de garantizar el acceso a productos esenciales, la Secretar\u00eda de Comercio Interior renov\u00f3 los principales programas +Precios Cuidados y Cortes Cuidados, una nueva etapa vigente hasta el 7 de julio. La Secretar\u00eda de Comercio Interior lanz\u00f3 esta semana una nueva canasta de productos para comercios de\u2026","rel":"","context":"En \u00abEconom\u00eda\u00bb","block_context":{"text":"Econom\u00eda","link":"https:\/\/www.24baires.com\/?cat=45"},"img":{"alt_text":"","src":"https:\/\/i0.wp.com\/www.24baires.com\/wp-content\/uploads\/2022\/04\/61b8c911edf0c_900.jpg?resize=350%2C200","width":350,"height":200,"srcset":"https:\/\/i0.wp.com\/www.24baires.com\/wp-content\/uploads\/2022\/04\/61b8c911edf0c_900.jpg?resize=350%2C200 1x, https:\/\/i0.wp.com\/www.24baires.com\/wp-content\/uploads\/2022\/04\/61b8c911edf0c_900.jpg?resize=525%2C300 1.5x"},"classes":[]},{"id":37338,"url":"https:\/\/www.24baires.com\/?p=37338","url_meta":{"origin":118568,"position":2},"title":"Acuerdo de precios: los listados ser\u00e1n publicados el 3 de enero","author":"GB","date":"23\/12\/2013","format":false,"excerpt":"La canasta, que incluye 60 art\u00edculos de almac\u00e9n de un total de casi 200, todav\u00eda se est\u00e1 negociando. Incluir\u00e1 carne, l\u00e1cteos, frutas y verduras, bebidas, entre otros. En el primer rubro, habr\u00e1 precios fijos en cortes populares como el asado, la tapa de nalga, la milanesa, hamburguesas y carne picada.\u2026","rel":"","context":"En \u00abEconom\u00eda\u00bb","block_context":{"text":"Econom\u00eda","link":"https:\/\/www.24baires.com\/?cat=45"},"img":{"alt_text":"supermercado2","src":"https:\/\/i0.wp.com\/www.24baires.com\/wp-content\/uploads\/2013\/03\/supermercado2.jpg?resize=350%2C200","width":350,"height":200,"srcset":"https:\/\/i0.wp.com\/www.24baires.com\/wp-content\/uploads\/2013\/03\/supermercado2.jpg?resize=350%2C200 1x, https:\/\/i0.wp.com\/www.24baires.com\/wp-content\/uploads\/2013\/03\/supermercado2.jpg?resize=525%2C300 1.5x"},"classes":[]},{"id":118660,"url":"https:\/\/www.24baires.com\/?p=118660","url_meta":{"origin":118568,"position":3},"title":"Retrotraer\u00e1n a febrero los precios de pan, harina y fideos","author":"AF","date":"21\/03\/2022","format":false,"excerpt":"Lo precis\u00f3 el ministro de Desarrollo Productivo al anunciar la decisi\u00f3n del Gobierno de conformar el fideicomiso para sostener el valor del trigo. El ministro de Desarrollo Productivo, Mat\u00edas Kulfas, afirm\u00f3 este lunes que el fideicomiso para subsidiar el precio de la harina de trigo, luego de la suba internacional\u2026","rel":"","context":"En \u00abEconom\u00eda\u00bb","block_context":{"text":"Econom\u00eda","link":"https:\/\/www.24baires.com\/?cat=45"},"img":{"alt_text":"","src":"https:\/\/i0.wp.com\/www.24baires.com\/wp-content\/uploads\/2014\/03\/pan.jpg?resize=350%2C200","width":350,"height":200,"srcset":"https:\/\/i0.wp.com\/www.24baires.com\/wp-content\/uploads\/2014\/03\/pan.jpg?resize=350%2C200 1x, https:\/\/i0.wp.com\/www.24baires.com\/wp-content\/uploads\/2014\/03\/pan.jpg?resize=525%2C300 1.5x"},"classes":[]},{"id":104120,"url":"https:\/\/www.24baires.com\/?p=104120","url_meta":{"origin":118568,"position":4},"title":"Lanzan un fideicomiso para garantizar la continuidad de la obra p\u00fablica","author":"GB","date":"27\/08\/2018","format":false,"excerpt":"El Gobierno nacional lanz\u00f3 hoy una serie de medidas para garantizar la continuidad de las obras p\u00fablicas en marcha y el inicio de las adjudicadas mediante el sistema de Propiedad P\u00fablico Privada (PPP), y para ello anticip\u00f3 que se pondr\u00e1 en marcha un fideicomiso que permitir\u00e1 asegurar el financiamiento. En\u2026","rel":"","context":"En \u00abPol\u00edtica\u00bb","block_context":{"text":"Pol\u00edtica","link":"https:\/\/www.24baires.com\/?cat=51"},"img":{"alt_text":"","src":"https:\/\/i0.wp.com\/www.24baires.com\/wp-content\/uploads\/2016\/03\/dietrich.jpg?resize=350%2C200","width":350,"height":200,"srcset":"https:\/\/i0.wp.com\/www.24baires.com\/wp-content\/uploads\/2016\/03\/dietrich.jpg?resize=350%2C200 1x, https:\/\/i0.wp.com\/www.24baires.com\/wp-content\/uploads\/2016\/03\/dietrich.jpg?resize=525%2C300 1.5x"},"classes":[]},{"id":117873,"url":"https:\/\/www.24baires.com\/?p=117873","url_meta":{"origin":118568,"position":5},"title":"La inflaci\u00f3n de junio fue del 3,2%, seg\u00fan el Indec","author":"GB","date":"16\/07\/2021","format":false,"excerpt":"Con esta informaci\u00f3n, en el primer semestre lleg\u00f3 a 25,3%. El incremento interanual super\u00f3 el 50% por primera vez desde febrero de 2020 La inflaci\u00f3n de junio fue del 3,2% seg\u00fan el INDEC. De esta manera, en el primer semestre de 2021 los precios aumentaron 25,3% mientras que el incremento\u2026","rel":"","context":"En \u00abEconom\u00eda\u00bb","block_context":{"text":"Econom\u00eda","link":"https:\/\/www.24baires.com\/?cat=45"},"img":{"alt_text":"","src":"https:\/\/i0.wp.com\/www.24baires.com\/wp-content\/uploads\/2020\/05\/supermercado.jpg?resize=350%2C200","width":350,"height":200,"srcset":"https:\/\/i0.wp.com\/www.24baires.com\/wp-content\/uploads\/2020\/05\/supermercado.jpg?resize=350%2C200 1x, https:\/\/i0.wp.com\/www.24baires.com\/wp-content\/uploads\/2020\/05\/supermercado.jpg?resize=525%2C300 1.5x"},"classes":[]}],"jetpack_sharing_enabled":true,"jetpack_likes_enabled":true,"_links":{"self":[{"href":"https:\/\/www.24baires.com\/index.php?rest_route=\/wp\/v2\/posts\/118568","targetHints":{"allow":["GET"]}}],"collection":[{"href":"https:\/\/www.24baires.com\/index.php?rest_route=\/wp\/v2\/posts"}],"about":[{"href":"https:\/\/www.24baires.com\/index.php?rest_route=\/wp\/v2\/types\/post"}],"author":[{"embeddable":true,"href":"https:\/\/www.24baires.com\/index.php?rest_route=\/wp\/v2\/users\/4"}],"replies":[{"embeddable":true,"href":"https:\/\/www.24baires.com\/index.php?rest_route=%2Fwp%2Fv2%2Fcomments&post=118568"}],"version-history":[{"count":1,"href":"https:\/\/www.24baires.com\/index.php?rest_route=\/wp\/v2\/posts\/118568\/revisions"}],"predecessor-version":[{"id":118570,"href":"https:\/\/www.24baires.com\/index.php?rest_route=\/wp\/v2\/posts\/118568\/revisions\/118570"}],"wp:attachment":[{"href":"https:\/\/www.24baires.com\/index.php?rest_route=%2Fwp%2Fv2%2Fmedia&parent=118568"}],"wp:term":[{"taxonomy":"category","embeddable":true,"href":"https:\/\/www.24baires.com\/index.php?rest_route=%2Fwp%2Fv2%2Fcategories&post=118568"},{"taxonomy":"post_tag","embeddable":true,"href":"https:\/\/www.24baires.com\/index.php?rest_route=%2Fwp%2Fv2%2Ftags&post=118568"}],"curies":[{"name":"wp","href":"https:\/\/api.w.org\/{rel}","templated":true}]}}