{"id":118561,"date":"2022-02-18T20:38:05","date_gmt":"2022-02-18T23:38:05","guid":{"rendered":"http:\/\/www.24baires.com\/?p=118561"},"modified":"2022-02-18T20:38:05","modified_gmt":"2022-02-18T23:38:05","slug":"el-fmi-afirmo-que-se-esta-muy-cerca-de-llegar-a-un-acuerdo-completo-con-la-argentina","status":"publish","type":"post","link":"https:\/\/www.24baires.com\/?p=118561","title":{"rendered":"El FMI afirm\u00f3 que se est\u00e1 \u00abmuy cerca de llegar a un acuerdo completo con la Argentina\u00bb"},"content":{"rendered":"<p><img data-recalc-dims=\"1\" loading=\"lazy\" decoding=\"async\" src=\"https:\/\/i0.wp.com\/www.24baires.com\/wp-content\/uploads\/2016\/04\/fmi.jpg?resize=560%2C362\" alt=\"\" width=\"560\" height=\"362\" class=\"aligncenter size-full wp-image-81554\" srcset=\"https:\/\/i0.wp.com\/www.24baires.com\/wp-content\/uploads\/2016\/04\/fmi.jpg?w=560&amp;ssl=1 560w, https:\/\/i0.wp.com\/www.24baires.com\/wp-content\/uploads\/2016\/04\/fmi.jpg?resize=300%2C194&amp;ssl=1 300w\" sizes=\"auto, (max-width: 560px) 100vw, 560px\" \/>Fue a trav\u00e9s del director del Departamento del Hemisferio Occidental del organismo, Ilan Goldfajn, qui\u00e9n sostuvo que \u201cestamos ahora muy cerca para llegar a un acuerdo completo con todos los detalles y todas todas las reformas que est\u00e1n en el nuevo programa\u00bb.<!--more--><\/p>\n<p>El director del Departamento del Hemisferio Occidental del Fondo Monetario Internacional (FMI), Ilan Goldfajn, sostuvo que el organismo est\u00e1 \u00abmuy cerca con las autoridades argentinas para llegar a un acuerdo completo\u00bb, al exponer ante empresarios y economistas de la regi\u00f3n.<\/p>\n<p>Goldfajn, quien asumi\u00f3 el mes pasado como nuevo director del Departamento del Hemisferio Occidental del FMI, disert\u00f3 sobre las perspectivas de Am\u00e9rica latina en una conferencia virtual por el Consejo de las Am\u00e9ricas.<\/p>\n<p>Desde Nueva York, la anfitriona, Susan Segal, lo consult\u00f3 acerca de la marcha de las negociaciones entre la Argentina y el FMI.<\/p>\n<p>\u201cHemos publicado el entendimiento de este programa, de los programas sociales, hemos visto cu\u00e1l es el camino fiscal, pero estamos ahora muy cerca para llegar a un acuerdo completo con todos los detalles y todas las reformas que est\u00e1n en el nuevo programa\u00bb, sostuvo.<\/p>\n<p>Y continu\u00f3: \u00abTenemos reuniones intensas, muchas virtuales, y eso toma casi 24 horas al d\u00edas, los siete d\u00edas de la semana\u00bb, se explay\u00f3 el economista brasile\u00f1o y ex titular del Banco Central de su pa\u00eds.<\/p>\n<p>\u00abCuando terminemos lo mandamos a la junta directiva y dir\u00e1n lo que dir\u00e1n; hay que tomar en consideraci\u00f3n la realidad de Argentina; es un programa realista y confiable que solamente es para Argentina en el sentido m\u00e1s amplio, esto es un programa cre\u00edble, de manera pragm\u00e1tica y factible\u00bb, analiz\u00f3.<\/p>\n<p>Las negociaciones<\/p>\n<p>La Argentina negocia con el Fondo un nuevo acuerdo con el FMI para reprogramar los 45.000 millones de d\u00f3lares de deuda heredados de la gesti\u00f3n de Mauricio Macri, lo que se encuentra en una etapa de definici\u00f3n de aspectos t\u00e9cnicos.<\/p>\n<p>El Gobierno espera sellar en los pr\u00f3ximos d\u00edas el acuerdo y aspira a presentar los detalles del entendimiento al Congreso antes del 1 de marzo, fecha de apertura del per\u00edodo de sesiones ordinarias, seg\u00fan fuentes oficiales.<\/p>\n<p>En tanto, el ministro de Econom\u00eda, Mart\u00edn Guzm\u00e1n, asegur\u00f3 que el proyecto sobre el acuerdo con el FMI ser\u00e1 enviado al Congreso por el Poder Ejecutivo con \u00abanexos que contendr\u00e1n todos los documentos\u00bb y \u00abcada uno de sus detalles\u00bb.<\/p>\n<p>\u00abLa idea de que va a haber documentos secretos es un sinsentido. Una vez concretado el acuerdo a nivel staff del FMI, se enviar\u00e1 al Congreso de la Naci\u00f3n un proyecto de ley que en sus anexos contendr\u00e1 todos los documentos que sean la base de ese acuerdo, con cada uno de sus detalles\u00bb, indic\u00f3 Guzm\u00e1n en declaraciones formuladas a T\u00e9lam.<\/p>\n<p>En paralelo, en lo \u00faltimos d\u00edas hubo una intensa gesti\u00f3n diplom\u00e1tica del Gobierno argentino con los Estados Unidos, y los resultados favorables a un acuerdo fueron transmitidos hoy por el canciller Santiago Cafiero, quien destac\u00f3 que \u00abhubo un acompa\u00f1amiento del ala pol\u00edtica de la administraci\u00f3n de Joe Biden\u00bb en el marco de las negociaciones que el Gobierno argentino mantiene con el Fondo.<\/p>\n<p>\u00abNecesit\u00e1bamos que se involucren y as\u00ed fue\u00bb, dijo Cafiero, un d\u00eda despu\u00e9s de haber mantenido un encuentro con el embajador de Estados Unidos en la Argentina, Marc Stanley.<\/p>\n<p>Tambi\u00e9n, tanto Guzm\u00e1n como el representante argentino en el FMI, Sergio Chodos, continuaron en el G20 -de manera virtual y presencial- con la b\u00fasqueda de cosechar apoyos para la postura argentina cuando se realice la votaci\u00f3n formal en el FMI, ante los equipos de los ministros de Finanzas que participaron en la primera cumbre del a\u00f1o en Indonesia.<\/p>\n<p>Por \u00faltimo, durante la tarde del martes el directorio del FMI se reuni\u00f3 informalmente para tratar el caso argentino, y fuentes cercanas a las negociaciones destacaron lo \u00abimportante\u00bb de las deliberaciones para la aprobaci\u00f3n del acuerdo que permitir\u00eda posponer vencimientos y repagar la deuda por hasta 12 a\u00f1os.<\/p>\n","protected":false},"excerpt":{"rendered":"<p>Fue a trav\u00e9s del director del Departamento del Hemisferio Occidental del organismo, Ilan Goldfajn, qui\u00e9n sostuvo que \u201cestamos ahora muy cerca para llegar a un acuerdo completo con todos los detalles y todas todas las reformas que est\u00e1n en el nuevo programa\u00bb.<\/p>\n","protected":false},"author":4,"featured_media":0,"comment_status":"closed","ping_status":"closed","sticky":false,"template":"","format":"standard","meta":{"_jetpack_newsletter_access":"","_jetpack_dont_email_post_to_subs":false,"_jetpack_newsletter_tier_id":0,"_jetpack_memberships_contains_paywalled_content":false,"_jetpack_memberships_contains_paid_content":false,"footnotes":""},"categories":[45],"tags":[],"class_list":["post-118561","post","type-post","status-publish","format-standard","hentry","category-economia"],"jetpack_featured_media_url":"","jetpack_shortlink":"https:\/\/wp.me\/p2JWE0-uQh","jetpack-related-posts":[{"id":119137,"url":"https:\/\/www.24baires.com\/?p=119137","url_meta":{"origin":118561,"position":0},"title":"Georgieva calific\u00f3 como \u00abproductiva\u00bb la reuni\u00f3n que tuvo con Batakis","author":"AF","date":"25\/07\/2022","format":false,"excerpt":"As\u00ed lo defini\u00f3 la directora Gerente del Fondo Monetario Internacional (FMI) a trav\u00e9s de su cuenta de Twitter, donde adem\u00e1s destac\u00f3 que coincidieron \"en la importancia de la implementaci\u00f3n decisiva del programa para abordar los desaf\u00edos econ\u00f3micos y sociales de Argentina\". La directora Gerente del Fondo Monetario Internacional (FMI), Kristalina\u2026","rel":"","context":"En \u00abEconom\u00eda\u00bb","block_context":{"text":"Econom\u00eda","link":"https:\/\/www.24baires.com\/?cat=45"},"img":{"alt_text":"","src":"https:\/\/i0.wp.com\/www.24baires.com\/wp-content\/uploads\/2022\/07\/batakis-georgieva.jpg?resize=350%2C200","width":350,"height":200,"srcset":"https:\/\/i0.wp.com\/www.24baires.com\/wp-content\/uploads\/2022\/07\/batakis-georgieva.jpg?resize=350%2C200 1x, https:\/\/i0.wp.com\/www.24baires.com\/wp-content\/uploads\/2022\/07\/batakis-georgieva.jpg?resize=525%2C300 1.5x, https:\/\/i0.wp.com\/www.24baires.com\/wp-content\/uploads\/2022\/07\/batakis-georgieva.jpg?resize=700%2C400 2x"},"classes":[]},{"id":102633,"url":"https:\/\/www.24baires.com\/?p=102633","url_meta":{"origin":118561,"position":1},"title":"Ex director del FMI: \u00abLa econom\u00eda se va a desacelerar y a la gente le va a doler\u00bb","author":"GB","date":"09\/06\/2018","format":false,"excerpt":"El economista Claudio Loser se mostr\u00f3 conforme con el endeudamiento de Argentina, a pesar de \"los costos\" para los argentinos. Sin embargo, analiz\u00f3 que \"de ninguna manera se trata de un 2001\". Claudio Loser, ex director del departamento del hemisferio occidental del Fondo Monetario Internacional (FMI), pronostic\u00f3 que la econom\u00eda\u2026","rel":"","context":"En \u00abEconom\u00eda\u00bb","block_context":{"text":"Econom\u00eda","link":"https:\/\/www.24baires.com\/?cat=45"},"img":{"alt_text":"","src":"https:\/\/i0.wp.com\/www.24baires.com\/wp-content\/uploads\/2015\/04\/fmi.jpg?resize=350%2C200","width":350,"height":200,"srcset":"https:\/\/i0.wp.com\/www.24baires.com\/wp-content\/uploads\/2015\/04\/fmi.jpg?resize=350%2C200 1x, https:\/\/i0.wp.com\/www.24baires.com\/wp-content\/uploads\/2015\/04\/fmi.jpg?resize=525%2C300 1.5x"},"classes":[]},{"id":107668,"url":"https:\/\/www.24baires.com\/?p=107668","url_meta":{"origin":118561,"position":2},"title":"El FMI se arrepinti\u00f3 y asegur\u00f3 que la crisis argentina puede empeorar","author":"GB","date":"15\/04\/2019","format":false,"excerpt":"Tal como ocurri\u00f3 con las previsiones de la primera versi\u00f3n del pacto que firm\u00f3 el Gobierno, el director del departamento del Hemisferio Occidental del Fondo admiti\u00f3 que el pron\u00f3stico de recuperaci\u00f3n de la econom\u00eda argentina que hizo el organismo para la segunda mitad del a\u00f1o y que Macri usa en\u2026","rel":"","context":"En \u00abPol\u00edtica\u00bb","block_context":{"text":"Pol\u00edtica","link":"https:\/\/www.24baires.com\/?cat=51"},"img":{"alt_text":"","src":"https:\/\/i0.wp.com\/www.24baires.com\/wp-content\/uploads\/2019\/04\/FMI.jpg?resize=350%2C200","width":350,"height":200,"srcset":"https:\/\/i0.wp.com\/www.24baires.com\/wp-content\/uploads\/2019\/04\/FMI.jpg?resize=350%2C200 1x, https:\/\/i0.wp.com\/www.24baires.com\/wp-content\/uploads\/2019\/04\/FMI.jpg?resize=525%2C300 1.5x"},"classes":[]},{"id":110944,"url":"https:\/\/www.24baires.com\/?p=110944","url_meta":{"origin":118561,"position":3},"title":"El FMI se reunir\u00e1 con Alberto Fern\u00e1ndez y Lavagna","author":"GB","date":"26\/06\/2019","format":false,"excerpt":"El compa\u00f1ero de f\u00f3rmula presidencial del Frente de Todos de Cristina Fern\u00e1ndez y el de Consenso Federal 2030 se encontrar\u00e1n este jueves con autoridades del organismo. El Fondo Monetario Internacional (FMI) dio a conocer que el jueves el director del Departamento del Hemisferio Occidental, Alejandro Werner, y el representante residente\u2026","rel":"","context":"En \u00abEconom\u00eda\u00bb","block_context":{"text":"Econom\u00eda","link":"https:\/\/www.24baires.com\/?cat=45"},"img":{"alt_text":"","src":"https:\/\/i0.wp.com\/www.24baires.com\/wp-content\/uploads\/2019\/06\/alberto-fernandez-1.jpg?resize=350%2C200","width":350,"height":200,"srcset":"https:\/\/i0.wp.com\/www.24baires.com\/wp-content\/uploads\/2019\/06\/alberto-fernandez-1.jpg?resize=350%2C200 1x, https:\/\/i0.wp.com\/www.24baires.com\/wp-content\/uploads\/2019\/06\/alberto-fernandez-1.jpg?resize=525%2C300 1.5x"},"classes":[]},{"id":106548,"url":"https:\/\/www.24baires.com\/?p=106548","url_meta":{"origin":118561,"position":4},"title":"El FMI estima una inflaci\u00f3n cercana al 30% para 2019","author":"GB","date":"25\/01\/2019","format":false,"excerpt":"El encargado de supervisar las misiones para Am\u00e9rica Latina por parte del organismo multilateral adelant\u00f3 que reci\u00e9n en la segunda semana de febrero revisar\u00e1n las proyecciones para el Gobierno de Mauricio Macri, especialmente la inflaci\u00f3n. \"La probabilidad es que la revisemos al alza, por encima del 20% que ten\u00edamos\", afirm\u00f3.\u2026","rel":"","context":"En \u00abEconom\u00eda\u00bb","block_context":{"text":"Econom\u00eda","link":"https:\/\/www.24baires.com\/?cat=45"},"img":{"alt_text":"","src":"https:\/\/i0.wp.com\/www.24baires.com\/wp-content\/uploads\/2018\/08\/dujunve-fmi.jpg?resize=350%2C200","width":350,"height":200,"srcset":"https:\/\/i0.wp.com\/www.24baires.com\/wp-content\/uploads\/2018\/08\/dujunve-fmi.jpg?resize=350%2C200 1x, https:\/\/i0.wp.com\/www.24baires.com\/wp-content\/uploads\/2018\/08\/dujunve-fmi.jpg?resize=525%2C300 1.5x"},"classes":[]},{"id":111787,"url":"https:\/\/www.24baires.com\/?p=111787","url_meta":{"origin":118561,"position":5},"title":"El FMI se reunir\u00e1 con el equipo econ\u00f3mico del Frente de Todos","author":"GB","date":"26\/08\/2019","format":false,"excerpt":"El s\u00e1bado el organismo mantuvo un encuentro con el ministro de Hacienda, Hern\u00e1n Lacunza, mientras eval\u00faa el dep\u00f3sito de 5.400 millones de d\u00f3lares al pa\u00eds. La misi\u00f3n del Fondo Monetario Internacional (FMI) continuar\u00e1 este lunes con la revisi\u00f3n de las cuentas del Estado Nacional y mantendr\u00e1 uncuentro con miembros del\u2026","rel":"","context":"En \u00abEconom\u00eda\u00bb","block_context":{"text":"Econom\u00eda","link":"https:\/\/www.24baires.com\/?cat=45"},"img":{"alt_text":"","src":"https:\/\/i0.wp.com\/www.24baires.com\/wp-content\/uploads\/2019\/02\/fmi-uocra.jpg?resize=350%2C200","width":350,"height":200,"srcset":"https:\/\/i0.wp.com\/www.24baires.com\/wp-content\/uploads\/2019\/02\/fmi-uocra.jpg?resize=350%2C200 1x, https:\/\/i0.wp.com\/www.24baires.com\/wp-content\/uploads\/2019\/02\/fmi-uocra.jpg?resize=525%2C300 1.5x"},"classes":[]}],"jetpack_sharing_enabled":true,"jetpack_likes_enabled":true,"_links":{"self":[{"href":"https:\/\/www.24baires.com\/index.php?rest_route=\/wp\/v2\/posts\/118561","targetHints":{"allow":["GET"]}}],"collection":[{"href":"https:\/\/www.24baires.com\/index.php?rest_route=\/wp\/v2\/posts"}],"about":[{"href":"https:\/\/www.24baires.com\/index.php?rest_route=\/wp\/v2\/types\/post"}],"author":[{"embeddable":true,"href":"https:\/\/www.24baires.com\/index.php?rest_route=\/wp\/v2\/users\/4"}],"replies":[{"embeddable":true,"href":"https:\/\/www.24baires.com\/index.php?rest_route=%2Fwp%2Fv2%2Fcomments&post=118561"}],"version-history":[{"count":1,"href":"https:\/\/www.24baires.com\/index.php?rest_route=\/wp\/v2\/posts\/118561\/revisions"}],"predecessor-version":[{"id":118562,"href":"https:\/\/www.24baires.com\/index.php?rest_route=\/wp\/v2\/posts\/118561\/revisions\/118562"}],"wp:attachment":[{"href":"https:\/\/www.24baires.com\/index.php?rest_route=%2Fwp%2Fv2%2Fmedia&parent=118561"}],"wp:term":[{"taxonomy":"category","embeddable":true,"href":"https:\/\/www.24baires.com\/index.php?rest_route=%2Fwp%2Fv2%2Fcategories&post=118561"},{"taxonomy":"post_tag","embeddable":true,"href":"https:\/\/www.24baires.com\/index.php?rest_route=%2Fwp%2Fv2%2Ftags&post=118561"}],"curies":[{"name":"wp","href":"https:\/\/api.w.org\/{rel}","templated":true}]}}