{"id":11856,"date":"2013-01-11T15:43:27","date_gmt":"2013-01-11T18:43:27","guid":{"rendered":"http:\/\/www.24baires.com\/?p=11856"},"modified":"2013-01-11T15:43:33","modified_gmt":"2013-01-11T18:43:33","slug":"planean-que-en-2015-todos-los-habitantes-de-la-provincia-cuenten-con-agua-potable","status":"publish","type":"post","link":"https:\/\/www.24baires.com\/?p=11856","title":{"rendered":"Planean que en 2015 todos los habitantes de la Provincia cuenten con agua potable"},"content":{"rendered":"<p><a href=\"http:\/\/www.24baires.com\/sociedad\/11856-planean-que-en-2015-todos-los-habitantes-de-la-provincia-cuenten-con-agua-potable\/attachment\/agua-potable\/\" rel=\"attachment wp-att-11857\"><img data-recalc-dims=\"1\" loading=\"lazy\" decoding=\"async\" class=\"alignleft size-full wp-image-11857\" alt=\"agua potable\" src=\"https:\/\/i0.wp.com\/www.24baires.com\/wp-content\/uploads\/2013\/01\/agua-potable.jpg?resize=273%2C273\" width=\"273\" height=\"273\" srcset=\"https:\/\/i0.wp.com\/www.24baires.com\/wp-content\/uploads\/2013\/01\/agua-potable.jpg?w=273&amp;ssl=1 273w, https:\/\/i0.wp.com\/www.24baires.com\/wp-content\/uploads\/2013\/01\/agua-potable.jpg?resize=150%2C150&amp;ssl=1 150w, https:\/\/i0.wp.com\/www.24baires.com\/wp-content\/uploads\/2013\/01\/agua-potable.jpg?resize=120%2C120&amp;ssl=1 120w\" sizes=\"auto, (max-width: 273px) 100vw, 273px\" \/><\/a>Desde la Provincia de Buenos Aires aseguraron que el objetivo es que en 2015, todos los bonaerenses tengan la posibilidad de tener acceso al agua potable. As\u00ed lo dijo el titular del Servicio Provincial de Agua Potable y Saneamiento Rural, Juan Vignale.<!--more--><\/p>\n<p>El funcionario precis\u00f3 alcances del plan \u201cCuidar\u201d que se puso en marcha desde la asunci\u00f3n de Scioli y prev\u00e9 la realizaci\u00f3n de \u201cmil obras para saneamiento ambiental y acceso al agua potable en zonas\u201d donde nunca se cont\u00f3 con ese servicio vital.<\/p>\n<p>Destac\u00f3 en ese sentido que en los pr\u00f3ximos d\u00edas la localidad centenaria \u201cVilla 7 de Marzo\u201d, del municipio de Carmen de Patagones, se pondr\u00e1 en funcionamiento una obra que posibilitar\u00e1 que sus habitantes tengan agua potable, a partir \u201cde la decisi\u00f3n pol\u00edtica del gobernador\u201d.<\/p>\n<p>La obra, que requiri\u00f3 de \u201cuna inversi\u00f3n de 2 millones de pesos, esta est\u00e1 concluida y se pondr\u00e1 en servicio en los pr\u00f3ximos d\u00edas\u201d y \u201cfundamentalmente implica salud\u201d, remarc\u00f3 Vignale.<\/p>\n<p>&nbsp;<\/p>\n<p>&nbsp;<\/p>\n<p>&nbsp;<\/p>\n<p>&nbsp;<\/p>\n<p>&nbsp;<\/p>\n<p>&nbsp;<\/p>\n<p>&nbsp;<\/p>\n<p>&nbsp;<\/p>\n<p>&nbsp;<\/p>\n<p>&nbsp;<\/p>\n<p>&nbsp;<\/p>\n<p>&nbsp;<\/p>\n<p>&nbsp;<\/p>\n<p>&nbsp;<\/p>\n<p>&nbsp;<\/p>\n<p>&nbsp;<\/p>\n<p>&nbsp;<\/p>\n<p>&nbsp;<\/p>\n<p>&nbsp;<\/p>\n","protected":false},"excerpt":{"rendered":"<p>Desde la Provincia de Buenos Aires aseguraron que el objetivo es que en 2015, todos los bonaerenses tengan la posibilidad de tener acceso al agua potable. As\u00ed lo dijo el titular del Servicio Provincial de Agua Potable y Saneamiento Rural, Juan Vignale.<\/p>\n","protected":false},"author":4,"featured_media":0,"comment_status":"open","ping_status":"open","sticky":false,"template":"","format":"standard","meta":{"_jetpack_newsletter_access":"","_jetpack_dont_email_post_to_subs":false,"_jetpack_newsletter_tier_id":0,"_jetpack_memberships_contains_paywalled_content":false,"_jetpack_memberships_contains_paid_content":false,"footnotes":""},"categories":[1],"tags":[],"class_list":["post-11856","post","type-post","status-publish","format-standard","hentry","category-sociedad"],"jetpack_featured_media_url":"","jetpack_shortlink":"https:\/\/wp.me\/p2JWE0-35e","jetpack-related-posts":[{"id":102528,"url":"https:\/\/www.24baires.com\/?p=102528","url_meta":{"origin":11856,"position":0},"title":"El 45% de los bonaerenses a\u00fan no tiene acceso a cloacas","author":"AF","date":"04\/06\/2018","format":false,"excerpt":"El 45% de los bonaerenses no posee cloacas, mientras que 3 de cada 10 a\u00fan no cuentan con acceso a agua potable desde la canilla de su vivienda, y debe apelar a otro tipo de servicios, como los pozos y perforaciones domiciliarias. El dato se desprende de la \"Plataforma del\u2026","rel":"","context":"En \u00abSociedad\u00bb","block_context":{"text":"Sociedad","link":"https:\/\/www.24baires.com\/?cat=1"},"img":{"alt_text":"","src":"https:\/\/i0.wp.com\/www.24baires.com\/wp-content\/uploads\/2014\/07\/cloaca.jpg?resize=350%2C200","width":350,"height":200,"srcset":"https:\/\/i0.wp.com\/www.24baires.com\/wp-content\/uploads\/2014\/07\/cloaca.jpg?resize=350%2C200 1x, https:\/\/i0.wp.com\/www.24baires.com\/wp-content\/uploads\/2014\/07\/cloaca.jpg?resize=525%2C300 1.5x"},"classes":[]},{"id":63112,"url":"https:\/\/www.24baires.com\/?p=63112","url_meta":{"origin":11856,"position":1},"title":"Vecinos rurales de Bragado celebran la llegada de agua potable","author":"Grupo Sierra","date":"13\/03\/2015","format":false,"excerpt":"El gobierno bonaerense avanza con las obras de agua potable, con una inversi\u00f3n de $1.014.766,39, y se realizan en el marco del Plan Cuidar. Este programa cuenta con el financiamiento del Banco Interamericano de Desarrollo (BID) y est\u00e1 destinado a pueblos que no superan los 900 habitantes. En este caso,\u2026","rel":"","context":"En \u00abLocales\u00bb","block_context":{"text":"Locales","link":"https:\/\/www.24baires.com\/?cat=38"},"img":{"alt_text":"canilla-de-agua","src":"https:\/\/i0.wp.com\/www.24baires.com\/wp-content\/uploads\/2015\/01\/canilla-de-agua.jpg?resize=350%2C200","width":350,"height":200,"srcset":"https:\/\/i0.wp.com\/www.24baires.com\/wp-content\/uploads\/2015\/01\/canilla-de-agua.jpg?resize=350%2C200 1x, https:\/\/i0.wp.com\/www.24baires.com\/wp-content\/uploads\/2015\/01\/canilla-de-agua.jpg?resize=525%2C300 1.5x"},"classes":[]},{"id":59484,"url":"https:\/\/www.24baires.com\/?p=59484","url_meta":{"origin":11856,"position":2},"title":"\u00abCuidar\u00bb el agua potable en la Costa Atl\u00e1ntica","author":"GB","date":"03\/01\/2015","format":false,"excerpt":"Con el lanzamiento del Plan Cuidar, el titular del SPAR, Juan Vi\u00f1ales, afirm\u00f3 que \"el agua segura resuelve muchos problemas de salud\". El titular del Servicio Provincial de Agua Potable y Saneamiento Rural, Juan Vi\u00f1ales, present\u00f3 en el partido de Mar Chiquita el Plan Cuidar para ciudades de costas y\u2026","rel":"","context":"En \u00abProvincia\u00bb","block_context":{"text":"Provincia","link":"https:\/\/www.24baires.com\/?cat=40"},"img":{"alt_text":"canilla-de-agua","src":"https:\/\/i0.wp.com\/www.24baires.com\/wp-content\/uploads\/2015\/01\/canilla-de-agua.jpg?resize=350%2C200","width":350,"height":200,"srcset":"https:\/\/i0.wp.com\/www.24baires.com\/wp-content\/uploads\/2015\/01\/canilla-de-agua.jpg?resize=350%2C200 1x, https:\/\/i0.wp.com\/www.24baires.com\/wp-content\/uploads\/2015\/01\/canilla-de-agua.jpg?resize=525%2C300 1.5x"},"classes":[]},{"id":37508,"url":"https:\/\/www.24baires.com\/?p=37508","url_meta":{"origin":11856,"position":3},"title":"Chivilcoy: se inaugura \u00abla obra m\u00e1s importante para la comunidad\u00bb","author":"Grupo Sierra","date":"27\/12\/2013","format":false,"excerpt":"El gobierno de la Provincia, como Ente Subejecutor del Programa de Agua Potable y Saneamiento del ENOHSA, puso en marcha la gran obra para la ciudad de Moquehu\u00e1, la cual demand\u00f3 una inversi\u00f3n superior a diez millones de pesos. El ministro de Infraestructura, Alejandro Arl\u00eda, el presidente del Servicio Provincial\u2026","rel":"","context":"En \u00abLocales\u00bb","block_context":{"text":"Locales","link":"https:\/\/www.24baires.com\/?cat=38"},"img":{"alt_text":"chivilcoy","src":"https:\/\/i0.wp.com\/www.24baires.com\/wp-content\/uploads\/2013\/12\/chivilcoy.jpg?resize=350%2C200","width":350,"height":200,"srcset":"https:\/\/i0.wp.com\/www.24baires.com\/wp-content\/uploads\/2013\/12\/chivilcoy.jpg?resize=350%2C200 1x, https:\/\/i0.wp.com\/www.24baires.com\/wp-content\/uploads\/2013\/12\/chivilcoy.jpg?resize=525%2C300 1.5x"},"classes":[]},{"id":49982,"url":"https:\/\/www.24baires.com\/?p=49982","url_meta":{"origin":11856,"position":4},"title":"Avanza la obra de agua potable en Sierra de la Ventana","author":"AF","date":"16\/07\/2014","format":false,"excerpt":"El intendente de Tornquist, Gustavo Trankels, junto al presidente del Servicio Provincial de Agua Potable y Saneamiento Rural (SPAR), Juan Mar\u00eda Vi\u00f1ales, recorri\u00f3 los avances de la extensi\u00f3n del acueducto que se encuentra ubicado sobre la ruta provincial 76 y en inmediaciones al acceso de Sierra de la Ventana. Ambos\u2026","rel":"","context":"En \u00abLocales\u00bb","block_context":{"text":"Locales","link":"https:\/\/www.24baires.com\/?cat=38"},"img":{"alt_text":"agua potable tornquist","src":"https:\/\/i0.wp.com\/www.24baires.com\/wp-content\/uploads\/2014\/07\/agua-potable-tornquist.jpg?resize=350%2C200","width":350,"height":200},"classes":[]},{"id":15513,"url":"https:\/\/www.24baires.com\/?p=15513","url_meta":{"origin":11856,"position":5},"title":"Importantes obras cloacales y de agua para Monte Hermoso","author":"AF","date":"13\/02\/2013","format":false,"excerpt":"Junto al Servicio Provincial de Agua Potable y Saneamiento Rural (SPAR) en Monte Hermoso se realizar\u00e1n importantes obras cloacales y de agua potable permitir\u00e1n proveer los servicios a la totalidad del distrito. El jefe comunal del distrito de Monte Hermoso, Marcos Fern\u00e1ndez, gestion\u00f3 ante el titular del SPAR, (Servicio Provincial\u2026","rel":"","context":"En \u00abLocales\u00bb","block_context":{"text":"Locales","link":"https:\/\/www.24baires.com\/?cat=38"},"img":{"alt_text":"spar","src":"https:\/\/i0.wp.com\/www.24baires.com\/wp-content\/uploads\/2013\/02\/spar.jpeg?resize=350%2C200","width":350,"height":200},"classes":[]}],"jetpack_sharing_enabled":true,"jetpack_likes_enabled":true,"_links":{"self":[{"href":"https:\/\/www.24baires.com\/index.php?rest_route=\/wp\/v2\/posts\/11856","targetHints":{"allow":["GET"]}}],"collection":[{"href":"https:\/\/www.24baires.com\/index.php?rest_route=\/wp\/v2\/posts"}],"about":[{"href":"https:\/\/www.24baires.com\/index.php?rest_route=\/wp\/v2\/types\/post"}],"author":[{"embeddable":true,"href":"https:\/\/www.24baires.com\/index.php?rest_route=\/wp\/v2\/users\/4"}],"replies":[{"embeddable":true,"href":"https:\/\/www.24baires.com\/index.php?rest_route=%2Fwp%2Fv2%2Fcomments&post=11856"}],"version-history":[{"count":2,"href":"https:\/\/www.24baires.com\/index.php?rest_route=\/wp\/v2\/posts\/11856\/revisions"}],"predecessor-version":[{"id":11859,"href":"https:\/\/www.24baires.com\/index.php?rest_route=\/wp\/v2\/posts\/11856\/revisions\/11859"}],"wp:attachment":[{"href":"https:\/\/www.24baires.com\/index.php?rest_route=%2Fwp%2Fv2%2Fmedia&parent=11856"}],"wp:term":[{"taxonomy":"category","embeddable":true,"href":"https:\/\/www.24baires.com\/index.php?rest_route=%2Fwp%2Fv2%2Fcategories&post=11856"},{"taxonomy":"post_tag","embeddable":true,"href":"https:\/\/www.24baires.com\/index.php?rest_route=%2Fwp%2Fv2%2Ftags&post=11856"}],"curies":[{"name":"wp","href":"https:\/\/api.w.org\/{rel}","templated":true}]}}