{"id":11850,"date":"2013-01-11T14:45:30","date_gmt":"2013-01-11T17:45:30","guid":{"rendered":"http:\/\/www.24baires.com\/?p=11850"},"modified":"2013-01-11T15:33:25","modified_gmt":"2013-01-11T18:33:25","slug":"guardavidas-de-pinamar-advierten-que-podrian-seguir-parando-de-no-mejorarse-su-situacion","status":"publish","type":"post","link":"https:\/\/www.24baires.com\/?p=11850","title":{"rendered":"Guardavidas de Pinamar advierten que seguir\u00e1n parando de no mejorarse su situaci\u00f3n"},"content":{"rendered":"<p>Las playas de Pinamar estuvieron el \u00faltimo jueves sin guardacostas por un conflicto gremial que podr\u00eda agravarse, haciendo peligrar la temporada en esa localidad balnearia. El secretario adjunto de la Asociaci\u00f3n de Guardavidas de Pinamar (AGP), Fernando Espinach, explic\u00f3 los motivos por los que llevan adelante las protestas, que incluyen un cese de actividades, vitales para la seguridad de las playas.<!--more--><\/p>\n<p>\u201cEstamos en un plan de lucha que comenz\u00f3 con un paro ayer jueves desde las tres de la tarde. Hoy viernes hay servicio de guardavidas, pero vamos a anunciar un paro de no resolverse la situaci\u00f3n por la que estamos pasando, que tiene m\u00faltiples factores\u201d, sostuvo, y pas\u00f3 a enumerar: \u201cSe incumplen todas las normativas que rigen la actividad. Hay m\u00e1s de 20 balnearios en Pinamar que incumplen con la cantidad de guardavidas que se requieren por ley, por los contratos de explotaci\u00f3n de las playas p\u00fablicas\u201d, se\u00f1al\u00f3.<\/p>\n<p>\u201cAdem\u00e1s, el 80 por ciento de los puestos de guardavidas no cuenta con el listado de los elementos obligatorios que establece la ley. Son elementos m\u00ednimos, necesarios y adem\u00e1s baratos\u201d.<\/p>\n<p>Pero m\u00e1s all\u00e1 de la falta de insumos y materiales fundamentales para realizar las tareas de rescate, hay un reclamo por las condiciones salariales de este grupo de trabajadores \u201cde temporada\u201d.<\/p>\n<p>&nbsp;<\/p>\n<p>&nbsp;<\/p>\n<p>&nbsp;<\/p>\n<p>&nbsp;<\/p>\n<p>&nbsp;<\/p>\n<p>&nbsp;<\/p>\n<p>&nbsp;<\/p>\n<p>&nbsp;<\/p>\n<p>&nbsp;<\/p>\n<p>&nbsp;<\/p>\n<p>&nbsp;<\/p>\n<p>&nbsp;<\/p>\n<p>&nbsp;<\/p>\n<p>&nbsp;<\/p>\n<p>&nbsp;<\/p>\n","protected":false},"excerpt":{"rendered":"<p>Las playas de Pinamar estuvieron el \u00faltimo jueves sin guardacostas por un conflicto gremial que podr\u00eda agravarse, haciendo peligrar la temporada en esa localidad balnearia. El secretario adjunto de la Asociaci\u00f3n de Guardavidas de Pinamar (AGP), Fernando Espinach, explic\u00f3 los motivos por los que llevan adelante las protestas, que incluyen un cese de actividades, vitales para la seguridad de las [&#8230;]<\/p>\n","protected":false},"author":4,"featured_media":0,"comment_status":"open","ping_status":"open","sticky":false,"template":"","format":"standard","meta":{"_jetpack_newsletter_access":"","_jetpack_dont_email_post_to_subs":false,"_jetpack_newsletter_tier_id":0,"_jetpack_memberships_contains_paywalled_content":false,"_jetpack_memberships_contains_paid_content":false,"footnotes":""},"categories":[1],"tags":[],"class_list":["post-11850","post","type-post","status-publish","format-standard","hentry","category-sociedad"],"jetpack_featured_media_url":"","jetpack_shortlink":"https:\/\/wp.me\/p2JWE0-358","jetpack-related-posts":[{"id":113974,"url":"https:\/\/www.24baires.com\/?p=113974","url_meta":{"origin":11850,"position":0},"title":"Guardavidas de Pinamar paran este viernes","author":"AF","date":"30\/01\/2020","format":false,"excerpt":"La Asociaci\u00f3n de Guardavidas asegur\u00f3 que cobran el mismo sueldo de diciembre de 2018. Reclaman adem\u00e1s que se cumpla con las dotaciones m\u00ednimas de personal para esta \u00e9poca de fuerte afluencia de turistas. La temporada en la Costa Atl\u00e1ntica es de las mejores en muchos a\u00f1os sin embargo ello no\u2026","rel":"","context":"En \u00abLocales\u00bb","block_context":{"text":"Locales","link":"https:\/\/www.24baires.com\/?cat=38"},"img":{"alt_text":"","src":"https:\/\/i0.wp.com\/www.24baires.com\/wp-content\/uploads\/2016\/01\/guardavidas.jpg?resize=350%2C200","width":350,"height":200,"srcset":"https:\/\/i0.wp.com\/www.24baires.com\/wp-content\/uploads\/2016\/01\/guardavidas.jpg?resize=350%2C200 1x, https:\/\/i0.wp.com\/www.24baires.com\/wp-content\/uploads\/2016\/01\/guardavidas.jpg?resize=525%2C300 1.5x"},"classes":[]},{"id":12216,"url":"https:\/\/www.24baires.com\/?p=12216","url_meta":{"origin":11850,"position":1},"title":"En Pinamar los guardavidas ya decidieron volver a parar el s\u00e1bado pr\u00f3ximo","author":"AF","date":"15\/01\/2013","format":false,"excerpt":"La Asociaci\u00f3n de Guardavidas de Pinamar (AGP) volver\u00e1 a realizar un cese total de actividades el s\u00e1bado 19, para reclamar que se resuelva la situaci\u00f3n de los m\u00e1s de \u201c20 balnearios sin guardavidas\u201d, y para pedir que las paritarias se realicen antes de que finalice la temporada. En un comunicado\u2026","rel":"","context":"En \u00abSociedad\u00bb","block_context":{"text":"Sociedad","link":"https:\/\/www.24baires.com\/?cat=1"},"img":{"alt_text":"","src":"","width":0,"height":0},"classes":[]},{"id":38366,"url":"https:\/\/www.24baires.com\/?p=38366","url_meta":{"origin":11850,"position":2},"title":"Domingo sin guardavidas en Pinamar","author":"GB","date":"12\/01\/2014","format":false,"excerpt":"Los trabajadores denuncian \"grave incumplimiento\" de las normas laborales. Advierten que faltan elementos de trabajo. Destacan que la falta de estos objetos genera gran peligro para toda la comunidad. Ponen en manifiesto que en 20 balnearios del distrito \"no hay guardavidas\". La Asociaci\u00f3n de Guardavidas de Pinamar anunci\u00f3 que este\u2026","rel":"","context":"En \u00abLocales\u00bb","block_context":{"text":"Locales","link":"https:\/\/www.24baires.com\/?cat=38"},"img":{"alt_text":"","src":"","width":0,"height":0},"classes":[]},{"id":12521,"url":"https:\/\/www.24baires.com\/?p=12521","url_meta":{"origin":11850,"position":3},"title":"Guardavidas de Pinamar confirmaron el paro para el pr\u00f3ximo s\u00e1bado 19","author":"AF","date":"17\/01\/2013","format":false,"excerpt":"Este s\u00e1bado 19 de enero, los guardavidad de Pinamar realizar\u00e1n un paro de actividades. El reclamo es por el cumplimiento de las normas laborales que rigen en la actividad y denuncian tambi\u00e9n que la mayor\u00eda de los puestos no cuentan con los elementos de seguridad m\u00ednimos e indispensables. Los guardavidas\u2026","rel":"","context":"En \u00abSociedad\u00bb","block_context":{"text":"Sociedad","link":"https:\/\/www.24baires.com\/?cat=1"},"img":{"alt_text":"guardavidas de paro","src":"https:\/\/i0.wp.com\/www.24baires.com\/wp-content\/uploads\/2013\/01\/guardavidas-de-paro-300x221.jpg?resize=350%2C200","width":350,"height":200},"classes":[]},{"id":78169,"url":"https:\/\/www.24baires.com\/?p=78169","url_meta":{"origin":11850,"position":4},"title":"Guardavidas de Pinamar parar\u00e1n este jueves reclamando subas salariales","author":"AF","date":"27\/01\/2016","format":false,"excerpt":"La Asociaci\u00f3n de Guardavidas de Pinamar anunci\u00f3 un paro de actividades para el jueves en reclamo de un aumento salarial y recomend\u00f3 a los turistas \"no meterse al mar\" mientras dure la huelga. La entidad convoc\u00f3 a sumarse a la medida de fuerza a \"todos los trabajadores afectados por la\u2026","rel":"","context":"En \u00abSociedad\u00bb","block_context":{"text":"Sociedad","link":"https:\/\/www.24baires.com\/?cat=1"},"img":{"alt_text":"guardavidas","src":"https:\/\/i0.wp.com\/www.24baires.com\/wp-content\/uploads\/2016\/01\/guardavidas.jpg?resize=350%2C200","width":350,"height":200,"srcset":"https:\/\/i0.wp.com\/www.24baires.com\/wp-content\/uploads\/2016\/01\/guardavidas.jpg?resize=350%2C200 1x, https:\/\/i0.wp.com\/www.24baires.com\/wp-content\/uploads\/2016\/01\/guardavidas.jpg?resize=525%2C300 1.5x"},"classes":[]},{"id":77084,"url":"https:\/\/www.24baires.com\/?p=77084","url_meta":{"origin":11850,"position":5},"title":"Guardavidas de Pinamar anunciaron un paro","author":"GB","date":"03\/01\/2016","format":false,"excerpt":"Los socorristas nucleados en la Asociaci\u00f3n de Guardavidas de Pinamar convocaron a una huelga total de actividades con movilizaci\u00f3n para el pr\u00f3ximo 6 de enero. La organizaci\u00f3n gremial resolvi\u00f3 por unanimidad anunciar la medida de fuerza \"ante la falta de respuesta del actual intendente Mart\u00edn Yeza\", seg\u00fan denunciaron en un\u2026","rel":"","context":"En \u00abSociedad\u00bb","block_context":{"text":"Sociedad","link":"https:\/\/www.24baires.com\/?cat=1"},"img":{"alt_text":"guardavidas","src":"https:\/\/i0.wp.com\/www.24baires.com\/wp-content\/uploads\/2012\/11\/guardavidas.png?resize=350%2C200","width":350,"height":200},"classes":[]}],"jetpack_sharing_enabled":true,"jetpack_likes_enabled":true,"_links":{"self":[{"href":"https:\/\/www.24baires.com\/index.php?rest_route=\/wp\/v2\/posts\/11850","targetHints":{"allow":["GET"]}}],"collection":[{"href":"https:\/\/www.24baires.com\/index.php?rest_route=\/wp\/v2\/posts"}],"about":[{"href":"https:\/\/www.24baires.com\/index.php?rest_route=\/wp\/v2\/types\/post"}],"author":[{"embeddable":true,"href":"https:\/\/www.24baires.com\/index.php?rest_route=\/wp\/v2\/users\/4"}],"replies":[{"embeddable":true,"href":"https:\/\/www.24baires.com\/index.php?rest_route=%2Fwp%2Fv2%2Fcomments&post=11850"}],"version-history":[{"count":3,"href":"https:\/\/www.24baires.com\/index.php?rest_route=\/wp\/v2\/posts\/11850\/revisions"}],"predecessor-version":[{"id":11853,"href":"https:\/\/www.24baires.com\/index.php?rest_route=\/wp\/v2\/posts\/11850\/revisions\/11853"}],"wp:attachment":[{"href":"https:\/\/www.24baires.com\/index.php?rest_route=%2Fwp%2Fv2%2Fmedia&parent=11850"}],"wp:term":[{"taxonomy":"category","embeddable":true,"href":"https:\/\/www.24baires.com\/index.php?rest_route=%2Fwp%2Fv2%2Fcategories&post=11850"},{"taxonomy":"post_tag","embeddable":true,"href":"https:\/\/www.24baires.com\/index.php?rest_route=%2Fwp%2Fv2%2Ftags&post=11850"}],"curies":[{"name":"wp","href":"https:\/\/api.w.org\/{rel}","templated":true}]}}