{"id":118493,"date":"2022-01-25T19:00:26","date_gmt":"2022-01-25T22:00:26","guid":{"rendered":"http:\/\/www.24baires.com\/?p=118493"},"modified":"2022-01-25T19:00:26","modified_gmt":"2022-01-25T22:00:26","slug":"la-actividad-economica-registro-un-aumento-del-103-en-once-meses","status":"publish","type":"post","link":"https:\/\/www.24baires.com\/?p=118493","title":{"rendered":"La actividad econ\u00f3mica registr\u00f3 un aumento del 10,3% en once meses"},"content":{"rendered":"<p><img data-recalc-dims=\"1\" loading=\"lazy\" decoding=\"async\" src=\"https:\/\/i0.wp.com\/www.24baires.com\/wp-content\/uploads\/2021\/12\/industria.jpg?resize=560%2C284\" alt=\"\" width=\"560\" height=\"284\" class=\"aligncenter size-full wp-image-118379\" srcset=\"https:\/\/i0.wp.com\/www.24baires.com\/wp-content\/uploads\/2021\/12\/industria.jpg?w=560&amp;ssl=1 560w, https:\/\/i0.wp.com\/www.24baires.com\/wp-content\/uploads\/2021\/12\/industria.jpg?resize=300%2C152&amp;ssl=1 300w\" sizes=\"auto, (max-width: 560px) 100vw, 560px\" \/>Seg\u00fan inform\u00f3 el Indec, el Estimador Mensual de la Actividad Econ\u00f3mica (EMAE) registr\u00f3 en noviembre un alza del 1,7% frente a octubre pasado y de esta forma acumul\u00f3 una suba del 10,3 % en los primeros once meses del a\u00f1o pasado. <!--more--><\/p>\n<p>La actividad econ\u00f3mica creci\u00f3 en noviembre 9,3% en relaci\u00f3n a igual mes del 2020, inform\u00f3 este martes el Instituto Nacional de Estad\u00edstica y Censos (Indec)<\/p>\n<p>De esta manera, el Estimador Mensual de la Actividad Econ\u00f3mica (EMAE) acumul\u00f3 un incremento de 10,3% en los once primeros meses de 2021, cuando al Indec solo le resta computar el resultado de diciembre para cerrar el a\u00f1o.<\/p>\n","protected":false},"excerpt":{"rendered":"<p>Seg\u00fan inform\u00f3 el Indec, el Estimador Mensual de la Actividad Econ\u00f3mica (EMAE) registr\u00f3 en noviembre un alza del 1,7% frente a octubre pasado y de esta forma acumul\u00f3 una suba del 10,3 % en los primeros once meses del a\u00f1o pasado.<\/p>\n","protected":false},"author":4,"featured_media":0,"comment_status":"open","ping_status":"open","sticky":false,"template":"","format":"standard","meta":{"_jetpack_newsletter_access":"","_jetpack_dont_email_post_to_subs":false,"_jetpack_newsletter_tier_id":0,"_jetpack_memberships_contains_paywalled_content":false,"_jetpack_memberships_contains_paid_content":false,"footnotes":""},"categories":[45],"tags":[],"class_list":["post-118493","post","type-post","status-publish","format-standard","hentry","category-economia"],"jetpack_featured_media_url":"","jetpack_shortlink":"https:\/\/wp.me\/p2JWE0-uPb","jetpack-related-posts":[{"id":106533,"url":"https:\/\/www.24baires.com\/?p=106533","url_meta":{"origin":118493,"position":0},"title":"Durante noviembre, la actividad econ\u00f3mica sufri\u00f3 la peor ca\u00edda de 2018","author":"AF","date":"24\/01\/2019","format":false,"excerpt":"Seg\u00fan datos del INDEC, la actividad econ\u00f3mica cay\u00f3 un 7,5% en noviembre pasado en comparaci\u00f3n con la registrada en el mismo mes de 2017.Se trata de la contracci\u00f3n mensual m\u00e1s fuerte desde 2009. La actividad econ\u00f3mica baj\u00f3 7,5% durante noviembre pasado en relaci\u00f3n a igual mes de 2017, inform\u00f3 este\u2026","rel":"","context":"En \u00abEconom\u00eda\u00bb","block_context":{"text":"Econom\u00eda","link":"https:\/\/www.24baires.com\/?cat=45"},"img":{"alt_text":"","src":"https:\/\/i0.wp.com\/www.24baires.com\/wp-content\/uploads\/2018\/12\/comercio.jpg?resize=350%2C200","width":350,"height":200,"srcset":"https:\/\/i0.wp.com\/www.24baires.com\/wp-content\/uploads\/2018\/12\/comercio.jpg?resize=350%2C200 1x, https:\/\/i0.wp.com\/www.24baires.com\/wp-content\/uploads\/2018\/12\/comercio.jpg?resize=525%2C300 1.5x"},"classes":[]},{"id":118783,"url":"https:\/\/www.24baires.com\/?p=118783","url_meta":{"origin":118493,"position":1},"title":"Seg\u00fan el Indec, la actividad econ\u00f3mica creci\u00f3 9,1% interanual durante febrero","author":"AF","date":"21\/04\/2022","format":false,"excerpt":"La suba se da respecto a igual mes del a\u00f1o pasado, inform\u00f3 el Instituto Nacional de Estad\u00edstica y Censos (Indec). En tanto, el Estimador Mensual de la Actividad Econ\u00f3mica registr\u00f3 en febrero un aumento del.1,8% en relaci\u00f3n a enero. El nivel de actividad econ\u00f3mica creci\u00f3 9,1% en febrero respecto a\u2026","rel":"","context":"En \u00abEconom\u00eda\u00bb","block_context":{"text":"Econom\u00eda","link":"https:\/\/www.24baires.com\/?cat=45"},"img":{"alt_text":"","src":"https:\/\/i0.wp.com\/www.24baires.com\/wp-content\/uploads\/2022\/04\/industria-soldador.jpg?resize=350%2C200","width":350,"height":200,"srcset":"https:\/\/i0.wp.com\/www.24baires.com\/wp-content\/uploads\/2022\/04\/industria-soldador.jpg?resize=350%2C200 1x, https:\/\/i0.wp.com\/www.24baires.com\/wp-content\/uploads\/2022\/04\/industria-soldador.jpg?resize=525%2C300 1.5x, https:\/\/i0.wp.com\/www.24baires.com\/wp-content\/uploads\/2022\/04\/industria-soldador.jpg?resize=700%2C400 2x"},"classes":[]},{"id":117377,"url":"https:\/\/www.24baires.com\/?p=117377","url_meta":{"origin":118493,"position":2},"title":"La actividad econ\u00f3mica creci\u00f3 1,9%","author":"AF","date":"30\/03\/2021","format":false,"excerpt":"Se trata de la novena mejora consecutiva, seg\u00fan inform\u00f3 este martes el Indec. El nivel de actividad econ\u00f3mica registr\u00f3 en enero una mejora del 1,9 por ciento con relaci\u00f3n a diciembre pasado pero tambi\u00e9n un retroceso de 2 por ciento en la comparaci\u00f3n interanual, inform\u00f3 este martes el Instituto Nacional\u2026","rel":"","context":"En \u00abSociedad\u00bb","block_context":{"text":"Sociedad","link":"https:\/\/www.24baires.com\/?cat=1"},"img":{"alt_text":"","src":"https:\/\/i0.wp.com\/www.24baires.com\/wp-content\/uploads\/2018\/05\/industriales.jpg?resize=350%2C200","width":350,"height":200,"srcset":"https:\/\/i0.wp.com\/www.24baires.com\/wp-content\/uploads\/2018\/05\/industriales.jpg?resize=350%2C200 1x, https:\/\/i0.wp.com\/www.24baires.com\/wp-content\/uploads\/2018\/05\/industriales.jpg?resize=525%2C300 1.5x"},"classes":[]},{"id":33756,"url":"https:\/\/www.24baires.com\/?p=33756","url_meta":{"origin":118493,"position":3},"title":"La actividad econ\u00f3mica de agosto creci\u00f3 un 4% seg\u00fan el INDEC","author":"GB","date":"18\/10\/2013","format":false,"excerpt":"Al dar a conocer la evoluci\u00f3n del Estimador Mensual de la Actividad Econ\u00f3mica, el INDEC precis\u00f3 que respecto a julio, agosto marc\u00f3 una mejora de 0,4 por ciento. En los ocho primeros meses del a\u00f1o marca un acumulado positivo de 5,5 por ciento. Julio hab\u00eda marcado una merma de 1,2\u2026","rel":"","context":"En \u00abEconom\u00eda\u00bb","block_context":{"text":"Econom\u00eda","link":"https:\/\/www.24baires.com\/?cat=45"},"img":{"alt_text":"","src":"","width":0,"height":0},"classes":[]},{"id":90209,"url":"https:\/\/www.24baires.com\/?p=90209","url_meta":{"origin":118493,"position":4},"title":"Seg\u00fan el Indec, la actividad econ\u00f3mica de septiembre cay\u00f3 3.7%","author":"GB","date":"24\/11\/2016","format":false,"excerpt":"Seg\u00fan inform\u00f3 el Instituto Nacional de Estad\u00edsticas y Censos, el nuevo desplome se debi\u00f3 a la ca\u00edda de la producci\u00f3n industrial y el menor consumo. La actividad econ\u00f3mica en su conjunto retrocedi\u00f3 durante septiembre el 3,7% en relaci\u00f3n a igual mes del a\u00f1o pasado, por la ca\u00edda de la producci\u00f3n\u2026","rel":"","context":"En \u00abEconom\u00eda\u00bb","block_context":{"text":"Econom\u00eda","link":"https:\/\/www.24baires.com\/?cat=45"},"img":{"alt_text":"indec","src":"https:\/\/i0.wp.com\/www.24baires.com\/wp-content\/uploads\/2013\/02\/indec-300x225.jpg?resize=350%2C200","width":350,"height":200},"classes":[]},{"id":86692,"url":"https:\/\/www.24baires.com\/?p=86692","url_meta":{"origin":118493,"position":5},"title":"El Indec inform\u00f3 que hubo un 1,3% de retroceso econ\u00f3mico","author":"AF","date":"24\/08\/2016","format":false,"excerpt":"El nivel de actividad econ\u00f3mica retrocedi\u00f3 debido al magro desempe\u00f1o del sector fabril, la construcci\u00f3n y el consumo interno, inform\u00f3 este jueves el Instituto Nacional de Estad\u00edstica y Censos. El organismo volvi\u00f3 a difundir luego de ocho meses de reelaboraci\u00f3n de las estad\u00edsticas, la variaci\u00f3n del Estimador Mensual de la\u2026","rel":"","context":"En \u00abEconom\u00eda\u00bb","block_context":{"text":"Econom\u00eda","link":"https:\/\/www.24baires.com\/?cat=45"},"img":{"alt_text":"edificio en construcci\u00f3n","src":"https:\/\/i0.wp.com\/www.24baires.com\/wp-content\/uploads\/2013\/05\/edificio-en-construcci%C3%B3n.jpg?resize=350%2C200","width":350,"height":200,"srcset":"https:\/\/i0.wp.com\/www.24baires.com\/wp-content\/uploads\/2013\/05\/edificio-en-construcci%C3%B3n.jpg?resize=350%2C200 1x, https:\/\/i0.wp.com\/www.24baires.com\/wp-content\/uploads\/2013\/05\/edificio-en-construcci%C3%B3n.jpg?resize=525%2C300 1.5x"},"classes":[]}],"jetpack_sharing_enabled":true,"jetpack_likes_enabled":true,"_links":{"self":[{"href":"https:\/\/www.24baires.com\/index.php?rest_route=\/wp\/v2\/posts\/118493","targetHints":{"allow":["GET"]}}],"collection":[{"href":"https:\/\/www.24baires.com\/index.php?rest_route=\/wp\/v2\/posts"}],"about":[{"href":"https:\/\/www.24baires.com\/index.php?rest_route=\/wp\/v2\/types\/post"}],"author":[{"embeddable":true,"href":"https:\/\/www.24baires.com\/index.php?rest_route=\/wp\/v2\/users\/4"}],"replies":[{"embeddable":true,"href":"https:\/\/www.24baires.com\/index.php?rest_route=%2Fwp%2Fv2%2Fcomments&post=118493"}],"version-history":[{"count":1,"href":"https:\/\/www.24baires.com\/index.php?rest_route=\/wp\/v2\/posts\/118493\/revisions"}],"predecessor-version":[{"id":118494,"href":"https:\/\/www.24baires.com\/index.php?rest_route=\/wp\/v2\/posts\/118493\/revisions\/118494"}],"wp:attachment":[{"href":"https:\/\/www.24baires.com\/index.php?rest_route=%2Fwp%2Fv2%2Fmedia&parent=118493"}],"wp:term":[{"taxonomy":"category","embeddable":true,"href":"https:\/\/www.24baires.com\/index.php?rest_route=%2Fwp%2Fv2%2Fcategories&post=118493"},{"taxonomy":"post_tag","embeddable":true,"href":"https:\/\/www.24baires.com\/index.php?rest_route=%2Fwp%2Fv2%2Ftags&post=118493"}],"curies":[{"name":"wp","href":"https:\/\/api.w.org\/{rel}","templated":true}]}}