{"id":118426,"date":"2022-01-07T09:07:42","date_gmt":"2022-01-07T12:07:42","guid":{"rendered":"http:\/\/www.24baires.com\/?p=118426"},"modified":"2022-01-07T09:07:42","modified_gmt":"2022-01-07T12:07:42","slug":"vuelve-precios-cuidados","status":"publish","type":"post","link":"https:\/\/www.24baires.com\/?p=118426","title":{"rendered":"Vuelve Precios Cuidados"},"content":{"rendered":"<p><img data-recalc-dims=\"1\" loading=\"lazy\" decoding=\"async\" src=\"https:\/\/i0.wp.com\/www.24baires.com\/wp-content\/uploads\/2018\/09\/precios-cuidados.jpg?resize=560%2C373\" alt=\"\" width=\"560\" height=\"373\" class=\"aligncenter size-full wp-image-104333\" srcset=\"https:\/\/i0.wp.com\/www.24baires.com\/wp-content\/uploads\/2018\/09\/precios-cuidados.jpg?w=560&amp;ssl=1 560w, https:\/\/i0.wp.com\/www.24baires.com\/wp-content\/uploads\/2018\/09\/precios-cuidados.jpg?resize=300%2C200&amp;ssl=1 300w\" sizes=\"auto, (max-width: 560px) 100vw, 560px\" \/>Este viernes termina el congelamiento de precios y el Gobierno negocia con 100 empresas el relanzamiento del programa Precios Cuidados.<!--more--><\/p>\n<p>El congelamiento de precios de consumo masivo termina este viernes, por lo que el Gobierno continuar\u00e1 con pol\u00edticas de regulaci\u00f3n, en l\u00ednea con el acuerdo de precios y salarios que acord\u00f3 con el FMI para fijar expectativas. Luego del final de precios m\u00e1ximos, la Secretar\u00eda de Comercio Interior relanzar\u00e1 Precios Cuidados, con un listado de 1.300 productos, el doble que el programa que estuvo vigente hasta octubre pasado.<\/p>\n<p>El acuerdo podr\u00eda firmarse entre este viernes y lunes en el ministerio de Desarrollo Productivo, con el secretario de comercio, Roberto Feletti, y las m\u00e1s de 100 empresas que formar\u00e1n parte del programa. Los cierres de las listas de cada precio y producto se instensificaron con intercambios a \u00faltima hora, que seguir\u00e1n hoy, debido a que un 10% de los \u00edtems estaba en \u201crevisi\u00f3n\u201d por las empresas, seg\u00fan inform\u00f3 Florencia Barragan, en \u00c1mbito Financiero.<\/p>\n<p>Con el fin del congelamiento de precios, que dur\u00f3 90 d\u00edas tras la resoluci\u00f3n 1050 de precios m\u00e1ximos, luego del desembarco de Feletti al Gobierno, el reemplazo ser\u00e1 por la canasta de Precios Cuidados. El programa tendr\u00e1 como diferencia que ser\u00e1n m\u00e1s del doble de productos que en la \u00faltima actualizaci\u00f3n que hab\u00eda cerrado Paula Espa\u00f1ol a mediados de 2021. Contar\u00e1 con m\u00e1s de 1.300 productos de consumo masivo, que incluye alimentos, bebidas, higiene personal y limpieza.<\/p>\n<p>La otra diferencia ser\u00e1 la actualizaci\u00f3n de precios: durante el primer trimestre, los productos tendr\u00e1n una suba del 2% cada mes. Luego, seguir\u00e1n las actualizaciones que se realizan en forma trimestral, como se hac\u00eda siempre, en di\u00e1logo con las empresas. Esto se debe a que 700 productos estuvieron congelados desde el 20 de octubre al 7 de enero, mientras que los que estaban en Precios Cuidados lo estuvieron durante 6 meses, porque despu\u00e9s de la actualizaci\u00f3n de mitad de a\u00f1o, la suba de octubre, que ya hab\u00eda sido pautada con Espa\u00f1ol, fue suspendida.<\/p>\n<p>La suba de los precios \u201cen g\u00f3ngola\u201d estuvo muy por debajo de la inflaci\u00f3n, y tambi\u00e9n del cap\u00edtulo de alimentos y bebidas. Seg\u00fan Ecolatina, el rubro de alimentos cerr\u00f3 2021 en 54,2%, 5 puntos por encima del nivel general, \u201cprincipalmente por la evoluci\u00f3n de la carne\u201d.<\/p>\n<p>En tanto, ese relevamiento en bienes de consumo masivo mostr\u00f3 una suba de precios del 41,1% interanual en diciembre, casi 10 puntos por debajo de la inflaci\u00f3n. \u201cEsto se explica m\u00e1s que nada porque en noviembre tuviste el impacto del congelamiento, y los primeros meses del 2021 segu\u00eda la resoluci\u00f3n de precios m\u00e1ximos del 2020\u201d, explic\u00f3 Agostina Myronec, economista de Ecolatina.<\/p>\n","protected":false},"excerpt":{"rendered":"<p>Este viernes termina el congelamiento de precios y el Gobierno negocia con 100 empresas el relanzamiento del programa Precios Cuidados.<\/p>\n","protected":false},"author":8,"featured_media":0,"comment_status":"open","ping_status":"open","sticky":false,"template":"","format":"standard","meta":{"_jetpack_newsletter_access":"","_jetpack_dont_email_post_to_subs":false,"_jetpack_newsletter_tier_id":0,"_jetpack_memberships_contains_paywalled_content":false,"_jetpack_memberships_contains_paid_content":false,"footnotes":""},"categories":[45],"tags":[],"class_list":["post-118426","post","type-post","status-publish","format-standard","hentry","category-economia"],"jetpack_featured_media_url":"","jetpack_shortlink":"https:\/\/wp.me\/p2JWE0-uO6","jetpack-related-posts":[{"id":107603,"url":"https:\/\/www.24baires.com\/?p=107603","url_meta":{"origin":118426,"position":0},"title":"Supermercados advierten por desabastecimiento si congelan los precios","author":"GB","date":"10\/04\/2019","format":false,"excerpt":"La reacci\u00f3n de las cadenas comerciales se da mientras el Gobierno nacional negocia un programa para estimular el consumo en los sectores populares. Desde la Secretar\u00eda de Comercio est\u00e1n trabajando contrareloj para consensuar, con las empresas de consumo masivo, una lista de entre 30 y 40 productos de la canasta\u2026","rel":"","context":"En \u00abConsumidores\u00bb","block_context":{"text":"Consumidores","link":"https:\/\/www.24baires.com\/?cat=78"},"img":{"alt_text":"","src":"https:\/\/i0.wp.com\/www.24baires.com\/wp-content\/uploads\/2016\/05\/supermercado-vac%C3%ADo.jpg?resize=350%2C200","width":350,"height":200,"srcset":"https:\/\/i0.wp.com\/www.24baires.com\/wp-content\/uploads\/2016\/05\/supermercado-vac%C3%ADo.jpg?resize=350%2C200 1x, https:\/\/i0.wp.com\/www.24baires.com\/wp-content\/uploads\/2016\/05\/supermercado-vac%C3%ADo.jpg?resize=525%2C300 1.5x"},"classes":[]},{"id":117642,"url":"https:\/\/www.24baires.com\/?p=117642","url_meta":{"origin":118426,"position":1},"title":"Lanzan una canasta de 120 productos a precios congelados para parar la inflaci\u00f3n","author":"GB","date":"30\/05\/2021","format":false,"excerpt":"El gobierno buscar\u00e1 ampliar la producci\u00f3n y la oferta de Pymes y Cooperativas del interior. El precio estar\u00eda \"impreso\" en el envase para garantizar el cumplimiento del programa. El gobierno nacional, a trav\u00e9s de la Secretaria de Comercio Interior, trabaja en nuevos acuerdos con empresarios nacionales del sectores de alimento\u2026","rel":"","context":"En \u00abLocales\u00bb","block_context":{"text":"Locales","link":"https:\/\/www.24baires.com\/?cat=38"},"img":{"alt_text":"","src":"https:\/\/i0.wp.com\/www.24baires.com\/wp-content\/uploads\/2020\/04\/supermercado.jpg?resize=350%2C200","width":350,"height":200,"srcset":"https:\/\/i0.wp.com\/www.24baires.com\/wp-content\/uploads\/2020\/04\/supermercado.jpg?resize=350%2C200 1x, https:\/\/i0.wp.com\/www.24baires.com\/wp-content\/uploads\/2020\/04\/supermercado.jpg?resize=525%2C300 1.5x"},"classes":[]},{"id":43112,"url":"https:\/\/www.24baires.com\/?p=43112","url_meta":{"origin":118426,"position":2},"title":"Relanzar\u00e1n el programa Precios Cuidados con marcas agregadas","author":"Grupo Sierra","date":"01\/04\/2014","format":false,"excerpt":"El vocero de la C\u00e1mara de Supermercados, Fernando Aguirre, dijo esta ma\u00f1ana que el lunes venidero habr\u00e1 un relanzamiento de los Precios Cuidados. \u201cAs\u00ed nos informaron desde la Secretar\u00eda de Comercio\u201d, dijo. Sobre si habr\u00e1 aumento en productos dijo: \u201cpor trascendidos podr\u00eda haber pero muy leves, y no ser\u00eda en\u2026","rel":"","context":"En \u00abEconom\u00eda\u00bb","block_context":{"text":"Econom\u00eda","link":"https:\/\/www.24baires.com\/?cat=45"},"img":{"alt_text":"precios cuidados","src":"https:\/\/i0.wp.com\/www.24baires.com\/wp-content\/uploads\/2014\/02\/precios-cuidados.jpg?resize=350%2C200","width":350,"height":200,"srcset":"https:\/\/i0.wp.com\/www.24baires.com\/wp-content\/uploads\/2014\/02\/precios-cuidados.jpg?resize=350%2C200 1x, https:\/\/i0.wp.com\/www.24baires.com\/wp-content\/uploads\/2014\/02\/precios-cuidados.jpg?resize=525%2C300 1.5x"},"classes":[]},{"id":107718,"url":"https:\/\/www.24baires.com\/?p=107718","url_meta":{"origin":118426,"position":3},"title":"El Gobierno tiene s\u00f3lo 12 funcionarios para controlar los precios","author":"AF","date":"17\/04\/2019","format":false,"excerpt":"Quedaron apenas una docena de controladores en Precios Cuidados. Alfons\u00edn y CFK ten\u00edan m\u00e1s de 200 trabajadores en el \u00e1rea. El propio Ejecutivo dijo que no va a funcionar. El Gobierno tiene solo un pu\u00f1ado de funcionarios para controlar los precios que dijo que se van a mantener sin variaci\u00f3n\u2026","rel":"","context":"En \u00abSociedad\u00bb","block_context":{"text":"Sociedad","link":"https:\/\/www.24baires.com\/?cat=1"},"img":{"alt_text":"","src":"https:\/\/i0.wp.com\/www.24baires.com\/wp-content\/uploads\/2018\/09\/precios-cuidados.jpg?resize=350%2C200","width":350,"height":200,"srcset":"https:\/\/i0.wp.com\/www.24baires.com\/wp-content\/uploads\/2018\/09\/precios-cuidados.jpg?resize=350%2C200 1x, https:\/\/i0.wp.com\/www.24baires.com\/wp-content\/uploads\/2018\/09\/precios-cuidados.jpg?resize=525%2C300 1.5x"},"classes":[]},{"id":112769,"url":"https:\/\/www.24baires.com\/?p=112769","url_meta":{"origin":118426,"position":4},"title":"Macri se va aumentando hasta el precio de Productos Esenciales","author":"AF","date":"29\/10\/2019","format":false,"excerpt":"Desde la administraci\u00f3n saliente aseguraron que se est\u00e1n negociando los nuevos t\u00e9rminos para que \"est\u00e9n disponibles hasta enero\". El programa de Productos esenciales, que congel\u00f3 los precios de 64 \u00edtems de la canasta b\u00e1sica, seguir\u00e1 al menos hasta enero de 2020 si llegan a buen puerto las negociaciones del Gobierno\u2026","rel":"","context":"En \u00abEconom\u00eda\u00bb","block_context":{"text":"Econom\u00eda","link":"https:\/\/www.24baires.com\/?cat=45"},"img":{"alt_text":"","src":"https:\/\/i0.wp.com\/www.24baires.com\/wp-content\/uploads\/2016\/12\/supermercado.jpg?resize=350%2C200","width":350,"height":200,"srcset":"https:\/\/i0.wp.com\/www.24baires.com\/wp-content\/uploads\/2016\/12\/supermercado.jpg?resize=350%2C200 1x, https:\/\/i0.wp.com\/www.24baires.com\/wp-content\/uploads\/2016\/12\/supermercado.jpg?resize=525%2C300 1.5x"},"classes":[]},{"id":113769,"url":"https:\/\/www.24baires.com\/?p=113769","url_meta":{"origin":118426,"position":5},"title":"El Gobierno se re\u00fane con supermercadistas chinos para armar otra canasta de Precios Cuidados","author":"AF","date":"12\/01\/2020","format":false,"excerpt":"El objetivo es ofrecer productos de presencia regional y se lo lanzar\u00eda en las pr\u00f3ximas semanas. Tambi\u00e9n participar\u00e1n almacenes y mayoristas. Los equipos t\u00e9cnicos de la Secretar\u00eda de Comercio Interior, encabezada por Paula Espa\u00f1ol, se reunir\u00e1n este lunes con referentes de supermercados chinos, almacenes, autoservicios y proveedores mayoristas, cuando buscar\u00e1n\u2026","rel":"","context":"En \u00abSociedad\u00bb","block_context":{"text":"Sociedad","link":"https:\/\/www.24baires.com\/?cat=1"},"img":{"alt_text":"","src":"https:\/\/i0.wp.com\/www.24baires.com\/wp-content\/uploads\/2019\/04\/precios-escenciales.jpg?resize=350%2C200","width":350,"height":200,"srcset":"https:\/\/i0.wp.com\/www.24baires.com\/wp-content\/uploads\/2019\/04\/precios-escenciales.jpg?resize=350%2C200 1x, https:\/\/i0.wp.com\/www.24baires.com\/wp-content\/uploads\/2019\/04\/precios-escenciales.jpg?resize=525%2C300 1.5x"},"classes":[]}],"jetpack_sharing_enabled":true,"jetpack_likes_enabled":true,"_links":{"self":[{"href":"https:\/\/www.24baires.com\/index.php?rest_route=\/wp\/v2\/posts\/118426","targetHints":{"allow":["GET"]}}],"collection":[{"href":"https:\/\/www.24baires.com\/index.php?rest_route=\/wp\/v2\/posts"}],"about":[{"href":"https:\/\/www.24baires.com\/index.php?rest_route=\/wp\/v2\/types\/post"}],"author":[{"embeddable":true,"href":"https:\/\/www.24baires.com\/index.php?rest_route=\/wp\/v2\/users\/8"}],"replies":[{"embeddable":true,"href":"https:\/\/www.24baires.com\/index.php?rest_route=%2Fwp%2Fv2%2Fcomments&post=118426"}],"version-history":[{"count":1,"href":"https:\/\/www.24baires.com\/index.php?rest_route=\/wp\/v2\/posts\/118426\/revisions"}],"predecessor-version":[{"id":118427,"href":"https:\/\/www.24baires.com\/index.php?rest_route=\/wp\/v2\/posts\/118426\/revisions\/118427"}],"wp:attachment":[{"href":"https:\/\/www.24baires.com\/index.php?rest_route=%2Fwp%2Fv2%2Fmedia&parent=118426"}],"wp:term":[{"taxonomy":"category","embeddable":true,"href":"https:\/\/www.24baires.com\/index.php?rest_route=%2Fwp%2Fv2%2Fcategories&post=118426"},{"taxonomy":"post_tag","embeddable":true,"href":"https:\/\/www.24baires.com\/index.php?rest_route=%2Fwp%2Fv2%2Ftags&post=118426"}],"curies":[{"name":"wp","href":"https:\/\/api.w.org\/{rel}","templated":true}]}}