{"id":118406,"date":"2022-01-03T09:00:34","date_gmt":"2022-01-03T12:00:34","guid":{"rendered":"http:\/\/www.24baires.com\/?p=118406"},"modified":"2022-01-03T07:40:05","modified_gmt":"2022-01-03T10:40:05","slug":"el-gobierno-suspendio-exportaciones-de-carne-vacuna","status":"publish","type":"post","link":"https:\/\/www.24baires.com\/?p=118406","title":{"rendered":"El Gobierno suspendi\u00f3 exportaciones de carne vacuna"},"content":{"rendered":"<p><img data-recalc-dims=\"1\" loading=\"lazy\" decoding=\"async\" src=\"https:\/\/i0.wp.com\/www.24baires.com\/wp-content\/uploads\/2021\/05\/carne.jpg?resize=560%2C315\" alt=\"\" width=\"560\" height=\"315\" class=\"aligncenter size-full wp-image-117654\" srcset=\"https:\/\/i0.wp.com\/www.24baires.com\/wp-content\/uploads\/2021\/05\/carne.jpg?w=560&amp;ssl=1 560w, https:\/\/i0.wp.com\/www.24baires.com\/wp-content\/uploads\/2021\/05\/carne.jpg?resize=300%2C169&amp;ssl=1 300w\" sizes=\"auto, (max-width: 560px) 100vw, 560px\" \/>Con rechazo de las c\u00e1maras ganaderas, el Gobierno aplaz\u00f3 las exportaciones de reses, medias reses, cuartos y los siete cortes populares de carne vacuna.<!--more--><\/p>\n<p>En el primer d\u00eda h\u00e1bil de 2022, el Gobierno estableci\u00f3 hoy nuevos par\u00e1metros para las exportaciones de carne, despu\u00e9s de las restricciones dispuestas a mediados de 2021 en un intento por garantizar el abastecimiento del mercado dom\u00e9stico y contrarrestar el aumento de precios en el mostrador.<\/p>\n<p>La Subsecretar\u00eda de Ganader\u00eda del Ministerio de Agricultura, Ganader\u00eda y Pesca de la Naci\u00f3n public\u00f3 en el Bolet\u00edn Oficial las resoluciones 301\/21 y 302\/21 que instrumentan el Decreto N\u00b0 911\/21 del presidente Alberto Fern\u00e1ndez y la resoluci\u00f3n conjunta con la cartera de Desarrollo Productivo N\u00b0 10.<\/p>\n<p>Este paquete de medidas establece un marco normativo para la comercializaci\u00f3n y exportaci\u00f3n de la ganader\u00eda argentina para los a\u00f1os 2022 y 2023&#8243;, detall\u00f3 el Gobierno.<\/p>\n<p>De esta manera, se estableci\u00f3 suspender hasta el 31 de diciembre de 2023, inclusive, la \u00abexportaci\u00f3n definitiva y\/o suspensiva, con destino al exterior del pa\u00eds, de los siguientes Cortes Bovinos frescos, enfriados o congelados: a. Reses Enteras; b. Medias Reses; c. Cuarto Delantero Con Hueso; d. Cuarto Trasero Con Hueso; e. Medias reses incompletas con Hueso; f. Cuartos delanteros incompletos con Hueso\u00bb.<\/p>\n<p>En tanto, \u00ablos siguientes Cortes Preferidos (frescos, enfriados o congelados) se encontrar\u00e1n limitados, hasta el 31 de diciembre de 2023, inclusive, para su exportaci\u00f3n definitiva y\/o suspensiva, con destino al exterior del pa\u00eds: a. Asado con o sin hueso; b. Falda; c. Matambre; d. Tapa de asado; e. Nalga; f. Paleta; g. Vac\u00edo\u00bb, seg\u00fan indic\u00f3 la cartera de Agricultura.<\/p>\n","protected":false},"excerpt":{"rendered":"<p>Con rechazo de las c\u00e1maras ganaderas, el Gobierno aplaz\u00f3 las exportaciones de reses, medias reses, cuartos y los siete cortes populares de carne vacuna.<\/p>\n","protected":false},"author":8,"featured_media":0,"comment_status":"open","ping_status":"open","sticky":false,"template":"","format":"standard","meta":{"_jetpack_newsletter_access":"","_jetpack_dont_email_post_to_subs":false,"_jetpack_newsletter_tier_id":0,"_jetpack_memberships_contains_paywalled_content":false,"_jetpack_memberships_contains_paid_content":false,"footnotes":""},"categories":[45],"tags":[],"class_list":["post-118406","post","type-post","status-publish","format-standard","hentry","category-economia"],"jetpack_featured_media_url":"","jetpack_shortlink":"https:\/\/wp.me\/p2JWE0-uNM","jetpack-related-posts":[{"id":117589,"url":"https:\/\/www.24baires.com\/?p=117589","url_meta":{"origin":118406,"position":0},"title":"Ante la suspensi\u00f3n de exportaci\u00f3n de carne, el campo lanza paro de 8 d\u00edas","author":"GB","date":"18\/05\/2021","format":false,"excerpt":"La Comisi\u00f3n de Enlace de Entidades Agropecuarias convoc\u00f3 a un cese de comercializaci\u00f3n de hacienda vacuna desde el jueves y hasta el viernes de la semana pr\u00f3xima, en rechazo a la medida de cierre de exportaciones de carne anunciada por el Gobierno nacional. En un comunicado, la comisi\u00f3n que integran\u2026","rel":"","context":"En \u00abPol\u00edtica\u00bb","block_context":{"text":"Pol\u00edtica","link":"https:\/\/www.24baires.com\/?cat=51"},"img":{"alt_text":"","src":"https:\/\/i0.wp.com\/www.24baires.com\/wp-content\/uploads\/2016\/07\/carne.jpg?resize=350%2C200","width":350,"height":200,"srcset":"https:\/\/i0.wp.com\/www.24baires.com\/wp-content\/uploads\/2016\/07\/carne.jpg?resize=350%2C200 1x, https:\/\/i0.wp.com\/www.24baires.com\/wp-content\/uploads\/2016\/07\/carne.jpg?resize=525%2C300 1.5x"},"classes":[]},{"id":107184,"url":"https:\/\/www.24baires.com\/?p=107184","url_meta":{"origin":118406,"position":1},"title":"Carri\u00f3 milita el ajuste macrista de la carne","author":"AF","date":"12\/03\/2019","format":false,"excerpt":"En otra pol\u00e9mica declaraci\u00f3n de cinismo, la diputada de la Alianza Cambiemos, dijo: \u201cCompren cerdo, yo estoy comiendo cerdo, que est\u00e1 riqu\u00edsimo. No les compro nada que aumenten como locos\u201d, afirm\u00f3. En una nueva acci\u00f3n de dualidad discursiva, la diputada de la Alianza Cambiemos Elisa Carri\u00f3 sostuvo que ante los\u2026","rel":"","context":"En \u00abPol\u00edtica\u00bb","block_context":{"text":"Pol\u00edtica","link":"https:\/\/www.24baires.com\/?cat=51"},"img":{"alt_text":"","src":"https:\/\/i0.wp.com\/www.24baires.com\/wp-content\/uploads\/2018\/07\/carri%C3%B3.jpg?resize=350%2C200","width":350,"height":200,"srcset":"https:\/\/i0.wp.com\/www.24baires.com\/wp-content\/uploads\/2018\/07\/carri%C3%B3.jpg?resize=350%2C200 1x, https:\/\/i0.wp.com\/www.24baires.com\/wp-content\/uploads\/2018\/07\/carri%C3%B3.jpg?resize=525%2C300 1.5x"},"classes":[]},{"id":117653,"url":"https:\/\/www.24baires.com\/?p=117653","url_meta":{"origin":118406,"position":2},"title":"Agricultura suspendi\u00f3 la operaci\u00f3n de 12 empresas exportadoras de carne por irregularidades","author":"AF","date":"31\/05\/2021","format":false,"excerpt":"La Direcci\u00f3n General de Aduanas ya hab\u00eda denunciado a 19 frigor\u00edficos que realizaron supuestas operaciones fraudulentas de exportaci\u00f3n de carne, imponiendo multas por alrededor de US$ 6 millones. El Ministerio de Agricultura, Ganader\u00eda y Pesca suspendi\u00f3 la operaci\u00f3n de 12 empresas exportadoras de carne por no liquidar divisas o consignar\u2026","rel":"","context":"En \u00abPol\u00edtica\u00bb","block_context":{"text":"Pol\u00edtica","link":"https:\/\/www.24baires.com\/?cat=51"},"img":{"alt_text":"","src":"https:\/\/i0.wp.com\/www.24baires.com\/wp-content\/uploads\/2021\/05\/carne.jpg?resize=350%2C200","width":350,"height":200,"srcset":"https:\/\/i0.wp.com\/www.24baires.com\/wp-content\/uploads\/2021\/05\/carne.jpg?resize=350%2C200 1x, https:\/\/i0.wp.com\/www.24baires.com\/wp-content\/uploads\/2021\/05\/carne.jpg?resize=525%2C300 1.5x"},"classes":[]},{"id":117596,"url":"https:\/\/www.24baires.com\/?p=117596","url_meta":{"origin":118406,"position":3},"title":"\u00abEl objetivo es ordenar y quiz\u00e1s reabrir exportaciones antes de los 30 d\u00edas\u00bb","author":"AF","date":"19\/05\/2021","format":false,"excerpt":"El ministro de Desarrollo Productivo expres\u00f3 que \"vemos con muy buenos ojos que Argentina exporte m\u00e1s carne vacuna, pero queremos garantizar el abastecimiento en el mercado interno\". El ministro de Desarrollo Productivo, Mat\u00edas Kulfas, reiter\u00f3 este mi\u00e9rcoles que la suspensi\u00f3n de las exportaciones de carne es una medida \"temporaria y\u2026","rel":"","context":"En \u00abLocales\u00bb","block_context":{"text":"Locales","link":"https:\/\/www.24baires.com\/?cat=38"},"img":{"alt_text":"","src":"https:\/\/i0.wp.com\/www.24baires.com\/wp-content\/uploads\/2021\/05\/60a55c3407df3_1004x565.jpg?resize=350%2C200","width":350,"height":200,"srcset":"https:\/\/i0.wp.com\/www.24baires.com\/wp-content\/uploads\/2021\/05\/60a55c3407df3_1004x565.jpg?resize=350%2C200 1x, https:\/\/i0.wp.com\/www.24baires.com\/wp-content\/uploads\/2021\/05\/60a55c3407df3_1004x565.jpg?resize=525%2C300 1.5x"},"classes":[]},{"id":117723,"url":"https:\/\/www.24baires.com\/?p=117723","url_meta":{"origin":118406,"position":4},"title":"Escandaloso: el precio de la carne aument\u00f3 m\u00e1s del 75% en el \u00faltimo a\u00f1o","author":"GB","date":"08\/06\/2021","format":false,"excerpt":"Seg\u00fan un informe del IPCVA el valor de la carne super\u00f3 los niveles de inflaci\u00f3n mensual e interanual. El valor de la carne se dispar\u00f3 un 76,2% durante mayo, en comparaci\u00f3n al mismo mes del a\u00f1o pasado, seg\u00fan un informe del Instituto de Promoci\u00f3n de la Carne Vacuna Argentina (IPCVA).\u2026","rel":"","context":"En \u00abEconom\u00eda\u00bb","block_context":{"text":"Econom\u00eda","link":"https:\/\/www.24baires.com\/?cat=45"},"img":{"alt_text":"","src":"https:\/\/i0.wp.com\/www.24baires.com\/wp-content\/uploads\/2021\/05\/carne.jpg?resize=350%2C200","width":350,"height":200,"srcset":"https:\/\/i0.wp.com\/www.24baires.com\/wp-content\/uploads\/2021\/05\/carne.jpg?resize=350%2C200 1x, https:\/\/i0.wp.com\/www.24baires.com\/wp-content\/uploads\/2021\/05\/carne.jpg?resize=525%2C300 1.5x"},"classes":[]},{"id":112412,"url":"https:\/\/www.24baires.com\/?p=112412","url_meta":{"origin":118406,"position":5},"title":"El consumo de carne vacuna cay\u00f3 10,5%","author":"GB","date":"08\/10\/2019","format":false,"excerpt":"Seg\u00fan CICCRA, la faena del pasado mes de septiembre fue de 1,2 millones de cabezas, que marca un aumento del 16,7 por ciento en relaci\u00f3n al a\u00f1o pasado. Pero preocupa la alta participaci\u00f3n de hembras y la fuerte ca\u00edda en el consumo. En el \u00faltimo trimestre del a\u00f1o y a\u2026","rel":"","context":"En \u00abConsumidores\u00bb","block_context":{"text":"Consumidores","link":"https:\/\/www.24baires.com\/?cat=78"},"img":{"alt_text":"","src":"https:\/\/i0.wp.com\/www.24baires.com\/wp-content\/uploads\/2016\/07\/carne.jpg?resize=350%2C200","width":350,"height":200,"srcset":"https:\/\/i0.wp.com\/www.24baires.com\/wp-content\/uploads\/2016\/07\/carne.jpg?resize=350%2C200 1x, https:\/\/i0.wp.com\/www.24baires.com\/wp-content\/uploads\/2016\/07\/carne.jpg?resize=525%2C300 1.5x"},"classes":[]}],"jetpack_sharing_enabled":true,"jetpack_likes_enabled":true,"_links":{"self":[{"href":"https:\/\/www.24baires.com\/index.php?rest_route=\/wp\/v2\/posts\/118406","targetHints":{"allow":["GET"]}}],"collection":[{"href":"https:\/\/www.24baires.com\/index.php?rest_route=\/wp\/v2\/posts"}],"about":[{"href":"https:\/\/www.24baires.com\/index.php?rest_route=\/wp\/v2\/types\/post"}],"author":[{"embeddable":true,"href":"https:\/\/www.24baires.com\/index.php?rest_route=\/wp\/v2\/users\/8"}],"replies":[{"embeddable":true,"href":"https:\/\/www.24baires.com\/index.php?rest_route=%2Fwp%2Fv2%2Fcomments&post=118406"}],"version-history":[{"count":1,"href":"https:\/\/www.24baires.com\/index.php?rest_route=\/wp\/v2\/posts\/118406\/revisions"}],"predecessor-version":[{"id":118407,"href":"https:\/\/www.24baires.com\/index.php?rest_route=\/wp\/v2\/posts\/118406\/revisions\/118407"}],"wp:attachment":[{"href":"https:\/\/www.24baires.com\/index.php?rest_route=%2Fwp%2Fv2%2Fmedia&parent=118406"}],"wp:term":[{"taxonomy":"category","embeddable":true,"href":"https:\/\/www.24baires.com\/index.php?rest_route=%2Fwp%2Fv2%2Fcategories&post=118406"},{"taxonomy":"post_tag","embeddable":true,"href":"https:\/\/www.24baires.com\/index.php?rest_route=%2Fwp%2Fv2%2Ftags&post=118406"}],"curies":[{"name":"wp","href":"https:\/\/api.w.org\/{rel}","templated":true}]}}