{"id":118378,"date":"2021-12-23T19:58:13","date_gmt":"2021-12-23T22:58:13","guid":{"rendered":"http:\/\/www.24baires.com\/?p=118378"},"modified":"2021-12-23T19:58:13","modified_gmt":"2021-12-23T22:58:13","slug":"la-actividad-economica-crecio-en-octubre-67-y-acumula-un-104-en-2021","status":"publish","type":"post","link":"https:\/\/www.24baires.com\/?p=118378","title":{"rendered":"La actividad econ\u00f3mica creci\u00f3 en octubre 6,7% y acumula un 10,4% en 2021"},"content":{"rendered":"<p><img data-recalc-dims=\"1\" loading=\"lazy\" decoding=\"async\" src=\"https:\/\/i0.wp.com\/www.24baires.com\/wp-content\/uploads\/2021\/12\/industria.jpg?resize=560%2C284\" alt=\"\" width=\"560\" height=\"284\" class=\"aligncenter size-full wp-image-118379\" srcset=\"https:\/\/i0.wp.com\/www.24baires.com\/wp-content\/uploads\/2021\/12\/industria.jpg?w=560&amp;ssl=1 560w, https:\/\/i0.wp.com\/www.24baires.com\/wp-content\/uploads\/2021\/12\/industria.jpg?resize=300%2C152&amp;ssl=1 300w\" sizes=\"auto, (max-width: 560px) 100vw, 560px\" \/>Entre enero y octubre el aumento del Producto Interno Bruto fue de 10,4% con relaci\u00f3n a igual per\u00edodo del a\u00f1o pasado, se\u00f1ala el informe del Instituto Nacional de Estad\u00edsticas y Censos.<!--more--><\/p>\n<p>El Estimador Mensual de Actividad (EMAE) registr\u00f3 en octubre un crecimiento en t\u00e9rminos interanuales de 6,7%, inform\u00f3 este jueves el Instituto Nacional de Estad\u00edstica y Censos (Indec).<\/p>\n<p>De esta forma, en los 10 primeros meses del a\u00f1o la actividad en su conjunto acumul\u00f3 una mejora de 10,4%.<\/p>\n<p>El ministro de Econom\u00eda, Mart\u00edn Guzm\u00e1n, se\u00f1al\u00f3 el mi\u00e9rcoles que \u201cestamos muy cerca de cerrar el a\u00f1o con un crecimiento del 10%\u201d en el Producto Bruto Interno, lo que permitir\u00e1 la baja del 9,9% registrada en 2020 en medio de la primera ola de coronavirus.<\/p>\n","protected":false},"excerpt":{"rendered":"<p>Entre enero y octubre el aumento del Producto Interno Bruto fue de 10,4% con relaci\u00f3n a igual per\u00edodo del a\u00f1o pasado, se\u00f1ala el informe del Instituto Nacional de Estad\u00edsticas y Censos.<\/p>\n","protected":false},"author":4,"featured_media":0,"comment_status":"open","ping_status":"open","sticky":false,"template":"","format":"standard","meta":{"_jetpack_newsletter_access":"","_jetpack_dont_email_post_to_subs":false,"_jetpack_newsletter_tier_id":0,"_jetpack_memberships_contains_paywalled_content":false,"_jetpack_memberships_contains_paid_content":false,"footnotes":""},"categories":[45],"tags":[],"class_list":["post-118378","post","type-post","status-publish","format-standard","hentry","category-economia"],"jetpack_featured_media_url":"","jetpack_shortlink":"https:\/\/wp.me\/p2JWE0-uNk","jetpack-related-posts":[{"id":115433,"url":"https:\/\/www.24baires.com\/?p=115433","url_meta":{"origin":118378,"position":0},"title":"Seg\u00fan el Indec, el desempleo subi\u00f3 un 10,4%","author":"AF","date":"23\/06\/2020","format":false,"excerpt":"Es el nivel m\u00e1s alto desde 2006. El INDEC inform\u00f3 tambi\u00e9n que el Producto Bruto Interno (PBI) retrocedi\u00f3 5,4% durante los primeros tres meses de este 2020. El desempleo subi\u00f3 hasta el 10,4% durante el primer trimestre de 2020, inform\u00f3 este martes el Instituto Nacional de Estad\u00edstica y Censos (Indec).\u2026","rel":"","context":"En \u00abLocales\u00bb","block_context":{"text":"Locales","link":"https:\/\/www.24baires.com\/?cat=38"},"img":{"alt_text":"","src":"https:\/\/i0.wp.com\/www.24baires.com\/wp-content\/uploads\/2013\/02\/indec.jpg?resize=350%2C200","width":350,"height":200},"classes":[]},{"id":118350,"url":"https:\/\/www.24baires.com\/?p=118350","url_meta":{"origin":118378,"position":1},"title":"El PBI creci\u00f3 11,9% al t\u00e9rmino del tercer trimestre","author":"AF","date":"16\/12\/2021","format":false,"excerpt":"El Producto Bruto Interno creci\u00f3 al t\u00e9rmino del tercer trimestre 11,9% respecto a igual per\u00edodo del 2020, inform\u00f3 este jueves el Instituto Nacional de Estad\u00edstica y Censos (Indec). Adem\u00e1s, el PBI en el tercer trimestre se ubic\u00f3 4,1% por encima del segundo trimestre, cuando se registraron algunos cierres parciales de\u2026","rel":"","context":"En \u00abLocales\u00bb","block_context":{"text":"Locales","link":"https:\/\/www.24baires.com\/?cat=38"},"img":{"alt_text":"","src":"https:\/\/i0.wp.com\/www.24baires.com\/wp-content\/uploads\/2021\/11\/61714316e6f3e_900.jpg?resize=350%2C200","width":350,"height":200,"srcset":"https:\/\/i0.wp.com\/www.24baires.com\/wp-content\/uploads\/2021\/11\/61714316e6f3e_900.jpg?resize=350%2C200 1x, https:\/\/i0.wp.com\/www.24baires.com\/wp-content\/uploads\/2021\/11\/61714316e6f3e_900.jpg?resize=525%2C300 1.5x"},"classes":[]},{"id":119366,"url":"https:\/\/www.24baires.com\/?p=119366","url_meta":{"origin":118378,"position":2},"title":"El PBI creci\u00f3 6,9% en el segundo trimestre","author":"AF","date":"20\/09\/2022","format":false,"excerpt":"El dato informado por el Instituto Nacional de Estad\u00edstica y Censos (Indec) corresponde a la comparaci\u00f3n en relaci\u00f3n a igual per\u00edodo del 2021. En el primer semestre acumula una suba del 6,5%. El Producto Bruto Interno (PBI) creci\u00f3 6,9% durante el segundo trimestre, en relaci\u00f3n a igual per\u00edodo de 2021,\u2026","rel":"","context":"En \u00abEconom\u00eda\u00bb","block_context":{"text":"Econom\u00eda","link":"https:\/\/www.24baires.com\/?cat=45"},"img":{"alt_text":"","src":"https:\/\/i0.wp.com\/www.24baires.com\/wp-content\/uploads\/2021\/11\/61714316e6f3e_900.jpg?resize=350%2C200","width":350,"height":200,"srcset":"https:\/\/i0.wp.com\/www.24baires.com\/wp-content\/uploads\/2021\/11\/61714316e6f3e_900.jpg?resize=350%2C200 1x, https:\/\/i0.wp.com\/www.24baires.com\/wp-content\/uploads\/2021\/11\/61714316e6f3e_900.jpg?resize=525%2C300 1.5x, https:\/\/i0.wp.com\/www.24baires.com\/wp-content\/uploads\/2021\/11\/61714316e6f3e_900.jpg?resize=700%2C400 2x"},"classes":[]},{"id":118783,"url":"https:\/\/www.24baires.com\/?p=118783","url_meta":{"origin":118378,"position":3},"title":"Seg\u00fan el Indec, la actividad econ\u00f3mica creci\u00f3 9,1% interanual durante febrero","author":"AF","date":"21\/04\/2022","format":false,"excerpt":"La suba se da respecto a igual mes del a\u00f1o pasado, inform\u00f3 el Instituto Nacional de Estad\u00edstica y Censos (Indec). En tanto, el Estimador Mensual de la Actividad Econ\u00f3mica registr\u00f3 en febrero un aumento del.1,8% en relaci\u00f3n a enero. El nivel de actividad econ\u00f3mica creci\u00f3 9,1% en febrero respecto a\u2026","rel":"","context":"En \u00abEconom\u00eda\u00bb","block_context":{"text":"Econom\u00eda","link":"https:\/\/www.24baires.com\/?cat=45"},"img":{"alt_text":"","src":"https:\/\/i0.wp.com\/www.24baires.com\/wp-content\/uploads\/2022\/04\/industria-soldador.jpg?resize=350%2C200","width":350,"height":200,"srcset":"https:\/\/i0.wp.com\/www.24baires.com\/wp-content\/uploads\/2022\/04\/industria-soldador.jpg?resize=350%2C200 1x, https:\/\/i0.wp.com\/www.24baires.com\/wp-content\/uploads\/2022\/04\/industria-soldador.jpg?resize=525%2C300 1.5x, https:\/\/i0.wp.com\/www.24baires.com\/wp-content\/uploads\/2022\/04\/industria-soldador.jpg?resize=700%2C400 2x"},"classes":[]},{"id":119399,"url":"https:\/\/www.24baires.com\/?p=119399","url_meta":{"origin":118378,"position":4},"title":"Los salarios subieron 5,5% pero siguen perdiendo ante la inflaci\u00f3n","author":"AF","date":"29\/09\/2022","format":false,"excerpt":"De esta manera, quedaron debajo del \u00cdndice de Precios al Consumidor (IPC) del s\u00e9ptimo mes del a\u00f1o, que alcanz\u00f3 el 7,4%. En julio de 2022, el \u00cdndice de salarios se increment\u00f3 5,5% mensual y 68,7% interanual. En tanto, el crecimiento mensual se debi\u00f3 a subas de 5,4% en el sector\u2026","rel":"","context":"En \u00abEconom\u00eda\u00bb","block_context":{"text":"Econom\u00eda","link":"https:\/\/www.24baires.com\/?cat=45"},"img":{"alt_text":"","src":"https:\/\/i0.wp.com\/www.24baires.com\/wp-content\/uploads\/2022\/09\/Captura-desde-2022-09-29-19-44-40.png?resize=350%2C200","width":350,"height":200,"srcset":"https:\/\/i0.wp.com\/www.24baires.com\/wp-content\/uploads\/2022\/09\/Captura-desde-2022-09-29-19-44-40.png?resize=350%2C200 1x, https:\/\/i0.wp.com\/www.24baires.com\/wp-content\/uploads\/2022\/09\/Captura-desde-2022-09-29-19-44-40.png?resize=525%2C300 1.5x, https:\/\/i0.wp.com\/www.24baires.com\/wp-content\/uploads\/2022\/09\/Captura-desde-2022-09-29-19-44-40.png?resize=700%2C400 2x"},"classes":[]},{"id":118042,"url":"https:\/\/www.24baires.com\/?p=118042","url_meta":{"origin":118378,"position":5},"title":"El \u00edndice de desocupaci\u00f3n baj\u00f3 al 9,6%","author":"AF","date":"23\/09\/2021","format":false,"excerpt":"Seg\u00fan inform\u00f3 el Instituto Nacional de Estad\u00edstica y Censos (Indec), la sub ocupaci\u00f3n demandante, que comprende a la gente que trabaja menos de 35 horas semanales, aument\u00f3 al 8,5% contra el 5% del segundo trimestre del a\u00f1o pasado. El \u00edndice de desempleo se ubic\u00f3 en el 9,6% al cierre del\u2026","rel":"","context":"En \u00abSociedad\u00bb","block_context":{"text":"Sociedad","link":"https:\/\/www.24baires.com\/?cat=1"},"img":{"alt_text":"","src":"https:\/\/i0.wp.com\/www.24baires.com\/wp-content\/uploads\/2021\/08\/industria-pandemia.jpg?resize=350%2C200","width":350,"height":200,"srcset":"https:\/\/i0.wp.com\/www.24baires.com\/wp-content\/uploads\/2021\/08\/industria-pandemia.jpg?resize=350%2C200 1x, https:\/\/i0.wp.com\/www.24baires.com\/wp-content\/uploads\/2021\/08\/industria-pandemia.jpg?resize=525%2C300 1.5x"},"classes":[]}],"jetpack_sharing_enabled":true,"jetpack_likes_enabled":true,"_links":{"self":[{"href":"https:\/\/www.24baires.com\/index.php?rest_route=\/wp\/v2\/posts\/118378","targetHints":{"allow":["GET"]}}],"collection":[{"href":"https:\/\/www.24baires.com\/index.php?rest_route=\/wp\/v2\/posts"}],"about":[{"href":"https:\/\/www.24baires.com\/index.php?rest_route=\/wp\/v2\/types\/post"}],"author":[{"embeddable":true,"href":"https:\/\/www.24baires.com\/index.php?rest_route=\/wp\/v2\/users\/4"}],"replies":[{"embeddable":true,"href":"https:\/\/www.24baires.com\/index.php?rest_route=%2Fwp%2Fv2%2Fcomments&post=118378"}],"version-history":[{"count":1,"href":"https:\/\/www.24baires.com\/index.php?rest_route=\/wp\/v2\/posts\/118378\/revisions"}],"predecessor-version":[{"id":118380,"href":"https:\/\/www.24baires.com\/index.php?rest_route=\/wp\/v2\/posts\/118378\/revisions\/118380"}],"wp:attachment":[{"href":"https:\/\/www.24baires.com\/index.php?rest_route=%2Fwp%2Fv2%2Fmedia&parent=118378"}],"wp:term":[{"taxonomy":"category","embeddable":true,"href":"https:\/\/www.24baires.com\/index.php?rest_route=%2Fwp%2Fv2%2Fcategories&post=118378"},{"taxonomy":"post_tag","embeddable":true,"href":"https:\/\/www.24baires.com\/index.php?rest_route=%2Fwp%2Fv2%2Ftags&post=118378"}],"curies":[{"name":"wp","href":"https:\/\/api.w.org\/{rel}","templated":true}]}}