{"id":118348,"date":"2021-12-16T08:17:25","date_gmt":"2021-12-16T11:17:25","guid":{"rendered":"http:\/\/www.24baires.com\/?p=118348"},"modified":"2021-12-16T08:17:25","modified_gmt":"2021-12-16T11:17:25","slug":"diputados-debate-este-jueves-el-presupuesto-2022","status":"publish","type":"post","link":"https:\/\/www.24baires.com\/?p=118348","title":{"rendered":"Diputados debate este jueves el Presupuesto 2022"},"content":{"rendered":"<p><img data-recalc-dims=\"1\" loading=\"lazy\" decoding=\"async\" src=\"https:\/\/i0.wp.com\/www.24baires.com\/wp-content\/uploads\/2021\/10\/diputados-ley.jpg?resize=560%2C373\" alt=\"\" width=\"560\" height=\"373\" class=\"aligncenter size-full wp-image-118184\" srcset=\"https:\/\/i0.wp.com\/www.24baires.com\/wp-content\/uploads\/2021\/10\/diputados-ley.jpg?w=560&amp;ssl=1 560w, https:\/\/i0.wp.com\/www.24baires.com\/wp-content\/uploads\/2021\/10\/diputados-ley.jpg?resize=300%2C200&amp;ssl=1 300w\" sizes=\"auto, (max-width: 560px) 100vw, 560px\" \/>La sesi\u00f3n est\u00e1 convocada para el mediod\u00eda y se espera que sea marat\u00f3nica.<!--more--><\/p>\n<p> Frente de Todos consigui\u00f3 dictamen de mayor\u00eda sobre el proyecto de Presupuesto 2022, al reunir 25 de las 49 firmas de legisladores que integran la comisi\u00f3n de Presupuesto y Hacienda, por lo que este jueves al mediod\u00eda comienza la marat\u00f3nica sesi\u00f3n. El oficialismo contin\u00faa negociando los votos a contrarreloj y de no lograrlo se estima que el presidente Alberto Fern\u00e1ndez podr\u00eda prorrogar la actual ley de leyes por decreto.<\/p>\n<p>Mientras continuaban las exposiciones en el marco de la comisi\u00f3n que preside el oficialista Carlos Heller, se firm\u00f3 el dictamen de mayor\u00eda que aglutin\u00f3 la aceptaci\u00f3n de los 24 integrantes del Frente de Todos y del representante del Frente de la Concordia misionero, lo que permiti\u00f3 que este jueves a partir de las 12 se pueda tratar en el recinto, con una sesi\u00f3n que se estima durar\u00e1 m\u00e1s de 20 horas por la cantidad de oradores.<\/p>\n<p>Por la oposici\u00f3n, los dos diputados de Evoluci\u00f3n Radical que integran la comisi\u00f3n firmaron un dictamen de rechazo; en tanto que los otros 21 integrantes del principal conglomerado opositor expresar\u00e1n el rechazo en el recinto, aunque a\u00fan no firmaron dictamen en ese sentido.<\/p>\n<p>Adem\u00e1s, el interbloque Federal, por intermedio del representante de C\u00f3rdoba Federal, Ignacio Garc\u00eda Aresca, firm\u00f3 un dictamen de minor\u00eda con sello propio.<\/p>\n<p>M\u00e1s all\u00e1 de haber conseguido el n\u00famero para alzarse con el dictamen de mayor\u00eda, el oficialismo a\u00fan no tiene asegurada la cantidad de diputados para imponerse en el recinto, por lo que durante toda la jornada del mi\u00e9rcoles se sucedieron diferentes reuniones en busca de obtener consensos con algunos bloques opositores.<\/p>\n<p>En ese sentido, al abrir la reuni\u00f3n de la comisi\u00f3n, que se realiz\u00f3 en el recinto, para mantener el distanciamiento social a causa del coronavirus, el diputado oficialista Carlos Heller anunci\u00f3 que \u00abse van a realizar algunos cambios que no alteren los ejes centrales del proyecto y que se han tenido en cuenta las m\u00faltiples solicitudes como la del subsidio para el transporte de pasajeros del interior del pa\u00eds\u00bb.<\/p>\n<p>El diputado precis\u00f3 que se aumentar\u00e1 en un 70% ese subsidio para poder compensar la tarifa de ese servicio contemplado en el Presupuesto Nacional del 2022, ya que se eleva de $27.000 millones a $46.000 millones ese fondo como hab\u00edan solicitado legisladores del Frente de Todos, de Juntos por el Cambio y mandatarios provinciales.<\/p>\n<p>Sin embargo, esa veintena de cambios parecen no haber alcanzado para convencer a los diputados de Juntos por el Cambio, que continuaron expres\u00e1ndose en contra de la iniciativa, aunque la mayor\u00eda de sus integrantes anticiparon que dar\u00e1n qu\u00f3rum.<\/p>\n<p>\u00abNo le queremos voltear el Presupuesto al Gobierno, me siento inc\u00f3modo en caso de que eso suceda. En cuatro a\u00f1os el Frente para la Victoria jam\u00e1s dio qu\u00f3rum y nos vot\u00f3 en contra todos los presupuestos\u00bb, se\u00f1al\u00f3 el vicepresidente de la comisi\u00f3n, Luciano Laspina (PRO) al recordar las posturas del kirchnerismo durante el gobierno de Cambiemos.<\/p>\n<p>Y complet\u00f3: \u00abDentro de meses o semanas, cuando venga el acuerdo con el Fondo Monetario quedar\u00e1n a la luz las falencias de este proyecto, no queremos ser obstructivos, pero no nos est\u00e1n dando espacio. Solo pedimos un escenario realista, y no siento que se est\u00e9 dando un ida y vuelta. Si lo traen de nuevo en enero, febrero, lo discutiremos sin problemas, no tenemos inconvenientes\u00bb.<\/p>\n<p>Adem\u00e1s de Juntos por el Cambio, el Frente de Izquierda, los denominados libertarios y el interbloque Federal tambi\u00e9n anticiparon que en la sesi\u00f3n rechazar\u00e1n el proyecto del oficialismo.<\/p>\n","protected":false},"excerpt":{"rendered":"<p>La sesi\u00f3n est\u00e1 convocada para el mediod\u00eda y se espera que sea marat\u00f3nica.<\/p>\n","protected":false},"author":8,"featured_media":0,"comment_status":"open","ping_status":"open","sticky":false,"template":"","format":"standard","meta":{"_jetpack_newsletter_access":"","_jetpack_dont_email_post_to_subs":false,"_jetpack_newsletter_tier_id":0,"_jetpack_memberships_contains_paywalled_content":false,"_jetpack_memberships_contains_paid_content":false,"footnotes":""},"categories":[45],"tags":[],"class_list":["post-118348","post","type-post","status-publish","format-standard","hentry","category-economia"],"jetpack_featured_media_url":"","jetpack_shortlink":"https:\/\/wp.me\/p2JWE0-uMQ","jetpack-related-posts":[{"id":113502,"url":"https:\/\/www.24baires.com\/?p=113502","url_meta":{"origin":118348,"position":0},"title":"El Frente de Todos obtuvo dictamen de mayor\u00eda al proyecto de Ley de Solidaridad Social","author":"GB","date":"19\/12\/2019","format":false,"excerpt":"El megaproyecto de medidas econ\u00f3micas que envi\u00f3 el Ejecutivo ser\u00e1 tratado este jueves desde las 15 por el Plenario. El interbloque del Frente de Todosde la C\u00e1mara de Diputadosconsigui\u00f3 este mi\u00e9rcoles en un plenario de comisiones las firmas necesarias para emitir el dictamen de mayor\u00eda del proyecto de ley de\u2026","rel":"","context":"En \u00abPol\u00edtica\u00bb","block_context":{"text":"Pol\u00edtica","link":"https:\/\/www.24baires.com\/?cat=51"},"img":{"alt_text":"","src":"https:\/\/i0.wp.com\/www.24baires.com\/wp-content\/uploads\/2018\/06\/diputados.jpg?resize=350%2C200","width":350,"height":200,"srcset":"https:\/\/i0.wp.com\/www.24baires.com\/wp-content\/uploads\/2018\/06\/diputados.jpg?resize=350%2C200 1x, https:\/\/i0.wp.com\/www.24baires.com\/wp-content\/uploads\/2018\/06\/diputados.jpg?resize=525%2C300 1.5x"},"classes":[]},{"id":121270,"url":"https:\/\/www.24baires.com\/?p=121270","url_meta":{"origin":118348,"position":1},"title":"Milei consigui\u00f3 dictamen para la reforma fiscal","author":"GB","date":"26\/04\/2024","format":false,"excerpt":"Con el respaldo del PRO y otros bloques minoritarios, el oficialismo consigui\u00f3 27 firmas para el proyecto que se tratar\u00e1 desde el lunes pr\u00f3ximo junto a la Ley \u00d3mnibus. Como se inform\u00f3, el oficialismo logr\u00f3 este jueves emitir dictamen de mayor\u00eda para el proyecto de Ley \u00d3mnibus y la iniciativa\u2026","rel":"","context":"En \u00abPol\u00edtica\u00bb","block_context":{"text":"Pol\u00edtica","link":"https:\/\/www.24baires.com\/?cat=51"},"img":{"alt_text":"","src":"https:\/\/i0.wp.com\/www.24baires.com\/wp-content\/uploads\/2024\/04\/dip.webp?resize=350%2C200","width":350,"height":200,"srcset":"https:\/\/i0.wp.com\/www.24baires.com\/wp-content\/uploads\/2024\/04\/dip.webp?resize=350%2C200 1x, https:\/\/i0.wp.com\/www.24baires.com\/wp-content\/uploads\/2024\/04\/dip.webp?resize=525%2C300 1.5x, https:\/\/i0.wp.com\/www.24baires.com\/wp-content\/uploads\/2024\/04\/dip.webp?resize=700%2C400 2x"},"classes":[]},{"id":120897,"url":"https:\/\/www.24baires.com\/?p=120897","url_meta":{"origin":118348,"position":2},"title":"El gobierno logr\u00f3 dictamen de Mayor\u00eda y la Ley Omnibus llegar\u00e1 al recinto","author":"GB","date":"24\/01\/2024","format":false,"excerpt":"El oficialismo tuvo el apoyo del PRO, la UCR y Hacemos Coalici\u00f3n Federal, que de todas maneras manifestaron algunas disidencias \"parciales\" al proyecto. Esta madrugada, el oficialismo de la C\u00e1mara de Diputados logr\u00f3 un dictamen de mayor\u00eda respaldado por bloques opositores dialoguistas para la Ley \u00d3mnibus. La iniciativa, que aborda\u2026","rel":"","context":"En \u00abPol\u00edtica\u00bb","block_context":{"text":"Pol\u00edtica","link":"https:\/\/www.24baires.com\/?cat=51"},"img":{"alt_text":"","src":"https:\/\/i0.wp.com\/www.24baires.com\/wp-content\/uploads\/2024\/01\/menem-recinto.jpeg?resize=350%2C200","width":350,"height":200,"srcset":"https:\/\/i0.wp.com\/www.24baires.com\/wp-content\/uploads\/2024\/01\/menem-recinto.jpeg?resize=350%2C200 1x, https:\/\/i0.wp.com\/www.24baires.com\/wp-content\/uploads\/2024\/01\/menem-recinto.jpeg?resize=525%2C300 1.5x, https:\/\/i0.wp.com\/www.24baires.com\/wp-content\/uploads\/2024\/01\/menem-recinto.jpeg?resize=700%2C400 2x"},"classes":[]},{"id":119459,"url":"https:\/\/www.24baires.com\/?p=119459","url_meta":{"origin":118348,"position":3},"title":"\u00abQue los jueces no paguen Ganancias es un privilegio inaceptable\u00bb","author":"AF","date":"21\/10\/2022","format":false,"excerpt":"Luego de que el Frente de Todos consiguiera emitir dictamen de mayor\u00eda para tratar la ley de leyes en la C\u00e1mara Baja, el legislador nacional Marcelo Casaretto se refiri\u00f3 en AM750 a la inclusi\u00f3n del art\u00edculo que busca eliminar la exenci\u00f3n al impuesto a las Ganancias para miembros del Poder\u2026","rel":"","context":"En \u00abJUDICIALES\u00bb","block_context":{"text":"JUDICIALES","link":"https:\/\/www.24baires.com\/?cat=68"},"img":{"alt_text":"","src":"https:\/\/i0.wp.com\/www.24baires.com\/wp-content\/uploads\/2022\/10\/662157-justicia-0.jpg?resize=350%2C200","width":350,"height":200,"srcset":"https:\/\/i0.wp.com\/www.24baires.com\/wp-content\/uploads\/2022\/10\/662157-justicia-0.jpg?resize=350%2C200 1x, https:\/\/i0.wp.com\/www.24baires.com\/wp-content\/uploads\/2022\/10\/662157-justicia-0.jpg?resize=525%2C300 1.5x, https:\/\/i0.wp.com\/www.24baires.com\/wp-content\/uploads\/2022\/10\/662157-justicia-0.jpg?resize=700%2C400 2x"},"classes":[]},{"id":117734,"url":"https:\/\/www.24baires.com\/?p=117734","url_meta":{"origin":118348,"position":4},"title":"Diputados debate el proyecto de ley para reducir tarifas de gas","author":"GB","date":"10\/06\/2021","format":false,"excerpt":"La iniciativa fue presentada por M\u00e1ximo Kirchner, y se debatir\u00e1 este jueves en el recinto. La C\u00e1mara de Diputados debatir\u00e1 en la sesi\u00f3n de este jueves el proyecto de ley que apunta a reducir las tarifas de gas en las denominadas zonas fr\u00edas o de baja temperatura de distintos puntos\u2026","rel":"","context":"En \u00abLocales\u00bb","block_context":{"text":"Locales","link":"https:\/\/www.24baires.com\/?cat=38"},"img":{"alt_text":"","src":"https:\/\/i0.wp.com\/www.24baires.com\/wp-content\/uploads\/2014\/04\/gas.jpg?resize=350%2C200","width":350,"height":200,"srcset":"https:\/\/i0.wp.com\/www.24baires.com\/wp-content\/uploads\/2014\/04\/gas.jpg?resize=350%2C200 1x, https:\/\/i0.wp.com\/www.24baires.com\/wp-content\/uploads\/2014\/04\/gas.jpg?resize=525%2C300 1.5x"},"classes":[]},{"id":32690,"url":"https:\/\/www.24baires.com\/?p=32690","url_meta":{"origin":118348,"position":5},"title":"Se inicia en el Senado Nacional el debate por el Presupuesto y la emergencia econ\u00f3mica","author":"Grupo Sierra","date":"29\/09\/2013","format":false,"excerpt":"La C\u00e1mara alta iniciar\u00e1 esta semana el debate en comisiones de la ley de Presupuesto 2014, la pr\u00f3rroga de impuestos que vence a fin de a\u00f1o y la renovaci\u00f3n de la extensi\u00f3n de la emergencia econ\u00f3mica. El objetivo es emitir dictamen y poder debatir las iniciativas enviadas por el Poder\u2026","rel":"","context":"En \u00abPol\u00edtica\u00bb","block_context":{"text":"Pol\u00edtica","link":"https:\/\/www.24baires.com\/?cat=51"},"img":{"alt_text":"cautelares senado","src":"https:\/\/i0.wp.com\/www.24baires.com\/wp-content\/uploads\/2013\/04\/cautelares-senado.jpg?resize=350%2C200","width":350,"height":200,"srcset":"https:\/\/i0.wp.com\/www.24baires.com\/wp-content\/uploads\/2013\/04\/cautelares-senado.jpg?resize=350%2C200 1x, https:\/\/i0.wp.com\/www.24baires.com\/wp-content\/uploads\/2013\/04\/cautelares-senado.jpg?resize=525%2C300 1.5x"},"classes":[]}],"jetpack_sharing_enabled":true,"jetpack_likes_enabled":true,"_links":{"self":[{"href":"https:\/\/www.24baires.com\/index.php?rest_route=\/wp\/v2\/posts\/118348","targetHints":{"allow":["GET"]}}],"collection":[{"href":"https:\/\/www.24baires.com\/index.php?rest_route=\/wp\/v2\/posts"}],"about":[{"href":"https:\/\/www.24baires.com\/index.php?rest_route=\/wp\/v2\/types\/post"}],"author":[{"embeddable":true,"href":"https:\/\/www.24baires.com\/index.php?rest_route=\/wp\/v2\/users\/8"}],"replies":[{"embeddable":true,"href":"https:\/\/www.24baires.com\/index.php?rest_route=%2Fwp%2Fv2%2Fcomments&post=118348"}],"version-history":[{"count":1,"href":"https:\/\/www.24baires.com\/index.php?rest_route=\/wp\/v2\/posts\/118348\/revisions"}],"predecessor-version":[{"id":118349,"href":"https:\/\/www.24baires.com\/index.php?rest_route=\/wp\/v2\/posts\/118348\/revisions\/118349"}],"wp:attachment":[{"href":"https:\/\/www.24baires.com\/index.php?rest_route=%2Fwp%2Fv2%2Fmedia&parent=118348"}],"wp:term":[{"taxonomy":"category","embeddable":true,"href":"https:\/\/www.24baires.com\/index.php?rest_route=%2Fwp%2Fv2%2Fcategories&post=118348"},{"taxonomy":"post_tag","embeddable":true,"href":"https:\/\/www.24baires.com\/index.php?rest_route=%2Fwp%2Fv2%2Ftags&post=118348"}],"curies":[{"name":"wp","href":"https:\/\/api.w.org\/{rel}","templated":true}]}}