{"id":118340,"date":"2021-12-14T19:47:46","date_gmt":"2021-12-14T22:47:46","guid":{"rendered":"http:\/\/www.24baires.com\/?p=118340"},"modified":"2021-12-14T19:47:46","modified_gmt":"2021-12-14T22:47:46","slug":"el-indice-de-precios-minoristas-aumento-25","status":"publish","type":"post","link":"https:\/\/www.24baires.com\/?p=118340","title":{"rendered":"El \u00cdndice de Precios Minoristas aument\u00f3 2,5%"},"content":{"rendered":"<p><img data-recalc-dims=\"1\" loading=\"lazy\" decoding=\"async\" src=\"https:\/\/i0.wp.com\/www.24baires.com\/wp-content\/uploads\/2021\/12\/61b916c66d030_900.jpg?resize=560%2C384\" alt=\"\" width=\"560\" height=\"384\" class=\"aligncenter size-full wp-image-118341\" srcset=\"https:\/\/i0.wp.com\/www.24baires.com\/wp-content\/uploads\/2021\/12\/61b916c66d030_900.jpg?w=560&amp;ssl=1 560w, https:\/\/i0.wp.com\/www.24baires.com\/wp-content\/uploads\/2021\/12\/61b916c66d030_900.jpg?resize=300%2C206&amp;ssl=1 300w\" sizes=\"auto, (max-width: 560px) 100vw, 560px\" \/>Representa una baja de 1 punto respecto a 3,5% registrado tanto en septiembre como en octubre, seg\u00fan inform\u00f3 el Instituto Nacional de Estad\u00edstica y Censos.<!--more--><\/p>\n<p>El \u00edndice de Precios Minoristas aument\u00f3 durante noviembre 2,5%, por debajo del 3,5% que hab\u00eda registrado tanto en septiembre como en octubre, inform\u00f3 el Instituto Nacional de Estad\u00edstica y Censos (Indec), con lo que se conform\u00f3 como el menor registro del a\u00f1o junto con agosto.<\/p>\n<p>Con esta suba, y cuando solo falta sumar la inflaci\u00f3n de diciembre, el Costo de Vida acumul\u00f3 un alza del 45,4 % en el 2021 y 51,2 % en los \u00faltimos 12 meses.<\/p>\n<p>Alimentos y bebidas no alcoh\u00f3licas aument\u00f3 2,1% mensual versus 3,4% en octubre, con desaceleraci\u00f3n de casi todos los rubros, en la que influy\u00f3 el programa de Precios Cuidados.<\/p>\n<p>Los productos Estacionales aumentaron solo 0,5% mensual, frente al 8,1% en octubre, con fuerte ca\u00edda en los precios de las Verduras.<\/p>\n<p>Tambi\u00e9n redujo su tasa de inflaci\u00f3n los Regulados hasta 1 % mensual, ante el 1,9% de octubre, con subas en electricidad, y en transporte p\u00fablico en el interior del pa\u00eds, mientras que la inflaci\u00f3n n\u00facleo fue de 3,3% mensual.<\/p>\n<p>Restaurantes y hoteles result\u00f3 la \u00fanica divisi\u00f3n que aceler\u00f3 su tasa de inflaci\u00f3n y lider\u00f3 los aumentos del mes con el 5 % frente al 4,1% en octubre, seguido por Prendas de vestir y calzado con el 4,1% ante el 5,1% anterior.<\/p>\n","protected":false},"excerpt":{"rendered":"<p>Representa una baja de 1 punto respecto a 3,5% registrado tanto en septiembre como en octubre, seg\u00fan inform\u00f3 el Instituto Nacional de Estad\u00edstica y Censos.<\/p>\n","protected":false},"author":4,"featured_media":0,"comment_status":"open","ping_status":"open","sticky":false,"template":"","format":"standard","meta":{"_jetpack_newsletter_access":"","_jetpack_dont_email_post_to_subs":false,"_jetpack_newsletter_tier_id":0,"_jetpack_memberships_contains_paywalled_content":false,"_jetpack_memberships_contains_paid_content":false,"footnotes":""},"categories":[45],"tags":[],"class_list":["post-118340","post","type-post","status-publish","format-standard","hentry","category-economia"],"jetpack_featured_media_url":"","jetpack_shortlink":"https:\/\/wp.me\/p2JWE0-uMI","jetpack-related-posts":[{"id":116258,"url":"https:\/\/www.24baires.com\/?p=116258","url_meta":{"origin":118340,"position":0},"title":"El \u00cdndice de Precios al Consumidor aument\u00f3 2,7% en agosto","author":"GB","date":"17\/09\/2020","format":false,"excerpt":"El Indec afirm\u00f3 que el \u00cdndice de Precios al Consumidor contiene una inflaci\u00f3n minorista que es de 40,7% en los \u00faltimos doce meses. El Instituto Nacional de Estad\u00edstica y Censos (Indec) difundi\u00f3 que el \u00edndice de Precios al Consumidor (IPC-Costo de Vida) aument\u00f3 durante agosto 2,7%. De esta manera, la\u2026","rel":"","context":"En \u00abEconom\u00eda\u00bb","block_context":{"text":"Econom\u00eda","link":"https:\/\/www.24baires.com\/?cat=45"},"img":{"alt_text":"","src":"https:\/\/i0.wp.com\/www.24baires.com\/wp-content\/uploads\/2018\/08\/supermercado.jpg?resize=350%2C200","width":350,"height":200,"srcset":"https:\/\/i0.wp.com\/www.24baires.com\/wp-content\/uploads\/2018\/08\/supermercado.jpg?resize=350%2C200 1x, https:\/\/i0.wp.com\/www.24baires.com\/wp-content\/uploads\/2018\/08\/supermercado.jpg?resize=525%2C300 1.5x"},"classes":[]},{"id":116686,"url":"https:\/\/www.24baires.com\/?p=116686","url_meta":{"origin":118340,"position":1},"title":"La inflaci\u00f3n de octubre fue de 3,8% y es la m\u00e1s alta de todo 2020","author":"AF","date":"12\/11\/2020","format":false,"excerpt":"El Indec inform\u00f3 una suba general de precios superior a lo que hab\u00edan estimado las consultoras, que la m\u00e1s alta proyectaba 3,5%. El IPC de marzo hab\u00eda sido 3,3% El \u00edndice de precios al consumidor (IPC) subi\u00f3 3,8% durante octubre en comparaci\u00f3n con septiembre y fue del 37,2% a nivel\u2026","rel":"","context":"En \u00abEconom\u00eda\u00bb","block_context":{"text":"Econom\u00eda","link":"https:\/\/www.24baires.com\/?cat=45"},"img":{"alt_text":"","src":"https:\/\/i0.wp.com\/www.24baires.com\/wp-content\/uploads\/2020\/04\/supermercado.jpg?resize=350%2C200","width":350,"height":200,"srcset":"https:\/\/i0.wp.com\/www.24baires.com\/wp-content\/uploads\/2020\/04\/supermercado.jpg?resize=350%2C200 1x, https:\/\/i0.wp.com\/www.24baires.com\/wp-content\/uploads\/2020\/04\/supermercado.jpg?resize=525%2C300 1.5x"},"classes":[]},{"id":105919,"url":"https:\/\/www.24baires.com\/?p=105919","url_meta":{"origin":118340,"position":2},"title":"La inflaci\u00f3n de noviembre fue del 3,2% y alcanza el 43,9% anual","author":"AF","date":"13\/12\/2018","format":false,"excerpt":"En los 12 meses el avance de precios lleg\u00f3 al 48,5% muy por encima del nivel en el que avanzaron los salarios y jubilaciones. El impacto de la profunda recesi\u00f3n en que se encuentra la econom\u00eda argentina ya se siente en la inflaci\u00f3n que, aunque se mantiene todav\u00eda alta, comenz\u00f3\u2026","rel":"","context":"En \u00abEconom\u00eda\u00bb","block_context":{"text":"Econom\u00eda","link":"https:\/\/www.24baires.com\/?cat=45"},"img":{"alt_text":"","src":"https:\/\/i0.wp.com\/www.24baires.com\/wp-content\/uploads\/2017\/07\/fila-supermercado.jpg?resize=350%2C200","width":350,"height":200,"srcset":"https:\/\/i0.wp.com\/www.24baires.com\/wp-content\/uploads\/2017\/07\/fila-supermercado.jpg?resize=350%2C200 1x, https:\/\/i0.wp.com\/www.24baires.com\/wp-content\/uploads\/2017\/07\/fila-supermercado.jpg?resize=525%2C300 1.5x"},"classes":[]},{"id":35219,"url":"https:\/\/www.24baires.com\/?p=35219","url_meta":{"origin":118340,"position":3},"title":"La inflaci\u00f3n de octubre fue de 0.9% seg\u00fan datos del INDEC","author":"GB","date":"15\/11\/2013","format":false,"excerpt":"De acuerdo con lo informado por el Instituto Nacional de Estad\u00edstica y Censos, el \u00cdndice de Precios al Consumidor registr\u00f3 en octubre \u00faltimo un avance de 0,9 por ciento. En lo que va del a\u00f1o, el \u00edndice de precios minoristas acumul\u00f3 un alza de 8,4 por ciento. En tanto, el\u2026","rel":"","context":"En \u00abEconom\u00eda\u00bb","block_context":{"text":"Econom\u00eda","link":"https:\/\/www.24baires.com\/?cat=45"},"img":{"alt_text":"inde","src":"https:\/\/i0.wp.com\/www.24baires.com\/wp-content\/uploads\/2013\/11\/inde-300x190.jpg?resize=350%2C200","width":350,"height":200},"classes":[]},{"id":122873,"url":"https:\/\/www.24baires.com\/?p=122873","url_meta":{"origin":118340,"position":4},"title":"Enero cerr\u00f3 con una inflaci\u00f3n de 2.9%","author":"GB","date":"11\/02\/2026","format":false,"excerpt":"El IPC volvi\u00f3 a subir tras el cierre de 2025, impulsado por un fuerte aumento en alimentos, que treparon 4,7% y volvieron a presionar el bolsillo. La inflaci\u00f3n volvi\u00f3 a acelerarse en el arranque de 2026: los precios al consumidor aumentaron 2,9% en enero y marcaron una suba interanual del\u2026","rel":"","context":"En \u00abEconom\u00eda\u00bb","block_context":{"text":"Econom\u00eda","link":"https:\/\/www.24baires.com\/?cat=45"},"img":{"alt_text":"","src":"https:\/\/i0.wp.com\/www.24baires.com\/wp-content\/uploads\/2024\/03\/super.webp?resize=350%2C200","width":350,"height":200,"srcset":"https:\/\/i0.wp.com\/www.24baires.com\/wp-content\/uploads\/2024\/03\/super.webp?resize=350%2C200 1x, https:\/\/i0.wp.com\/www.24baires.com\/wp-content\/uploads\/2024\/03\/super.webp?resize=525%2C300 1.5x, https:\/\/i0.wp.com\/www.24baires.com\/wp-content\/uploads\/2024\/03\/super.webp?resize=700%2C400 2x"},"classes":[]},{"id":102158,"url":"https:\/\/www.24baires.com\/?p=102158","url_meta":{"origin":118340,"position":5},"title":"Seg\u00fan el Indec, la inflaci\u00f3n de abril fue del 2,7%","author":"AF","date":"15\/05\/2018","format":false,"excerpt":"El aumento registrado en abril se debi\u00f3 al tarifazo de servicios p\u00fablicos, el transporte y los alimentos, seg\u00fan inform\u00f3 el Instituto Nacional de Estad\u00edstica y Censos. En el primer cuatrimestre del a\u00f1o la inflaci\u00f3n minorista fue de 9,6%. Seg\u00fan el INDEC -elogiado por Mauricio Macri, Marcos Pe\u00f1a y dem\u00e1s integrantes\u2026","rel":"","context":"En \u00abEconom\u00eda\u00bb","block_context":{"text":"Econom\u00eda","link":"https:\/\/www.24baires.com\/?cat=45"},"img":{"alt_text":"","src":"https:\/\/i0.wp.com\/www.24baires.com\/wp-content\/uploads\/2013\/03\/supermercado2.jpg?resize=350%2C200","width":350,"height":200,"srcset":"https:\/\/i0.wp.com\/www.24baires.com\/wp-content\/uploads\/2013\/03\/supermercado2.jpg?resize=350%2C200 1x, https:\/\/i0.wp.com\/www.24baires.com\/wp-content\/uploads\/2013\/03\/supermercado2.jpg?resize=525%2C300 1.5x"},"classes":[]}],"jetpack_sharing_enabled":true,"jetpack_likes_enabled":true,"_links":{"self":[{"href":"https:\/\/www.24baires.com\/index.php?rest_route=\/wp\/v2\/posts\/118340","targetHints":{"allow":["GET"]}}],"collection":[{"href":"https:\/\/www.24baires.com\/index.php?rest_route=\/wp\/v2\/posts"}],"about":[{"href":"https:\/\/www.24baires.com\/index.php?rest_route=\/wp\/v2\/types\/post"}],"author":[{"embeddable":true,"href":"https:\/\/www.24baires.com\/index.php?rest_route=\/wp\/v2\/users\/4"}],"replies":[{"embeddable":true,"href":"https:\/\/www.24baires.com\/index.php?rest_route=%2Fwp%2Fv2%2Fcomments&post=118340"}],"version-history":[{"count":1,"href":"https:\/\/www.24baires.com\/index.php?rest_route=\/wp\/v2\/posts\/118340\/revisions"}],"predecessor-version":[{"id":118342,"href":"https:\/\/www.24baires.com\/index.php?rest_route=\/wp\/v2\/posts\/118340\/revisions\/118342"}],"wp:attachment":[{"href":"https:\/\/www.24baires.com\/index.php?rest_route=%2Fwp%2Fv2%2Fmedia&parent=118340"}],"wp:term":[{"taxonomy":"category","embeddable":true,"href":"https:\/\/www.24baires.com\/index.php?rest_route=%2Fwp%2Fv2%2Fcategories&post=118340"},{"taxonomy":"post_tag","embeddable":true,"href":"https:\/\/www.24baires.com\/index.php?rest_route=%2Fwp%2Fv2%2Ftags&post=118340"}],"curies":[{"name":"wp","href":"https:\/\/api.w.org\/{rel}","templated":true}]}}