{"id":118334,"date":"2021-12-13T18:57:06","date_gmt":"2021-12-13T21:57:06","guid":{"rendered":"http:\/\/www.24baires.com\/?p=118334"},"modified":"2021-12-13T18:57:06","modified_gmt":"2021-12-13T21:57:06","slug":"guzman-dijo-que-el-presupuesto-2022-propicia-la-doble-recuperacion-economica-y-sanitaria","status":"publish","type":"post","link":"https:\/\/www.24baires.com\/?p=118334","title":{"rendered":"Guzm\u00e1n dijo que el Presupuesto 2022 propicia \u00abla doble recuperaci\u00f3n econ\u00f3mica y sanitaria\u00bb"},"content":{"rendered":"<p><img data-recalc-dims=\"1\" loading=\"lazy\" decoding=\"async\" src=\"https:\/\/i0.wp.com\/www.24baires.com\/wp-content\/uploads\/2021\/11\/guzman.jpg?resize=560%2C420\" alt=\"\" width=\"560\" height=\"420\" class=\"aligncenter size-full wp-image-118255\" srcset=\"https:\/\/i0.wp.com\/www.24baires.com\/wp-content\/uploads\/2021\/11\/guzman.jpg?w=560&amp;ssl=1 560w, https:\/\/i0.wp.com\/www.24baires.com\/wp-content\/uploads\/2021\/11\/guzman.jpg?resize=300%2C225&amp;ssl=1 300w\" sizes=\"auto, (max-width: 560px) 100vw, 560px\" \/>El ministro de Econom\u00eda, junto con su equipo, expuso este lunes ante la comisi\u00f3n de Presupuesto los alcances de la propuesta que prev\u00e9 un crecimiento del 4% del PBI, una inflaci\u00f3n del 33% y un d\u00f3lar a $131,1.<!--more--><\/p>\n<p>El ministro de Econom\u00eda, Mart\u00edn Guzm\u00e1n, asegur\u00f3 esta tarde que el Presupuesto 2022 \u00able da continuidad a la visi\u00f3n que desde el Gobierno nacional se plantea para propiciar la doble recuperaci\u00f3n de la doble crisis econ\u00f3mica y la crisis sanitaria\u00bb.<\/p>\n<p>Al explicar los alcances del proyecto que el oficialismo aspira a debatir el jueves pr\u00f3ximo en el recinto de la C\u00e1mara baja, Guzm\u00e1n dijo que el proyecto de Ley de Presupuesto para 2002 se aplica en un marco en el que se sigue \u00abpugnando contra una doble crisis, la que comenz\u00f3 en el 2018 y la que le sigui\u00f3 con la pandemia\u201d.<\/p>\n<p>\u201cHoy Argentina est\u00e1 viviendo un fuerte proceso de recuperaci\u00f3n econ\u00f3mica, de manera s\u00f3lida, que permitir\u00e1 que el PBI crezca el 10%. En los tres meses desde que enviamos el proyecto a hoy, hubo un fortalecimiento en ese crecimiento\u201d, asegur\u00f3 el ministro.<\/p>\n<p>El titular del Palacio de Hacienda sostuvo, adem\u00e1s, que \u201cel proyecto busca satisfacer cinco objetivos, la inclusi\u00f3n social, dinamismo productivo, estabilidad macroecon\u00f3mica, federalismo y soberan\u00eda\u201d.<\/p>\n<p>Guzm\u00e1n afirm\u00f3 tambi\u00e9n que \u00abno ha habido ca\u00edda de reservas internacionales\u00bb y puso de relieve que \u00abpara el 2022 y en adelante la acumulaci\u00f3n de reservas tambi\u00e9n es un objetivo\u00bb del Gobierno nacional.<\/p>\n","protected":false},"excerpt":{"rendered":"<p>El ministro de Econom\u00eda, junto con su equipo, expuso este lunes ante la comisi\u00f3n de Presupuesto los alcances de la propuesta que prev\u00e9 un crecimiento del 4% del PBI, una inflaci\u00f3n del 33% y un d\u00f3lar a $131,1.<\/p>\n","protected":false},"author":4,"featured_media":0,"comment_status":"open","ping_status":"open","sticky":false,"template":"","format":"standard","meta":{"_jetpack_newsletter_access":"","_jetpack_dont_email_post_to_subs":false,"_jetpack_newsletter_tier_id":0,"_jetpack_memberships_contains_paywalled_content":false,"_jetpack_memberships_contains_paid_content":false,"footnotes":""},"categories":[45],"tags":[],"class_list":["post-118334","post","type-post","status-publish","format-standard","hentry","category-economia"],"jetpack_featured_media_url":"","jetpack_shortlink":"https:\/\/wp.me\/p2JWE0-uMC","jetpack-related-posts":[{"id":116296,"url":"https:\/\/www.24baires.com\/?p=116296","url_meta":{"origin":118334,"position":0},"title":"Guzm\u00e1n: el Presupuesto 2021 \u00abes un paso fundamental en el proceso de estabilizar la econom\u00eda\u00bb","author":"AF","date":"22\/09\/2020","format":false,"excerpt":"El ministro brinda detalles en comisi\u00f3n sobre los principales ejes que contempla un crecimiento del 5,5% del PBI y un gasto total de m\u00e1s de 8 billones de pesos. El ministro de Econom\u00eda, Mart\u00edn Guzm\u00e1n, afirm\u00f3 que \"estamos en una situaci\u00f3n muy dif\u00edcil en Argentina y en el mundo\" a\u2026","rel":"","context":"En \u00abEconom\u00eda\u00bb","block_context":{"text":"Econom\u00eda","link":"https:\/\/www.24baires.com\/?cat=45"},"img":{"alt_text":"","src":"https:\/\/i0.wp.com\/www.24baires.com\/wp-content\/uploads\/2020\/05\/guzman-1.jpg?resize=350%2C200","width":350,"height":200,"srcset":"https:\/\/i0.wp.com\/www.24baires.com\/wp-content\/uploads\/2020\/05\/guzman-1.jpg?resize=350%2C200 1x, https:\/\/i0.wp.com\/www.24baires.com\/wp-content\/uploads\/2020\/05\/guzman-1.jpg?resize=525%2C300 1.5x"},"classes":[]},{"id":118825,"url":"https:\/\/www.24baires.com\/?p=118825","url_meta":{"origin":118334,"position":1},"title":"Guzm\u00e1n: \u00abEs fundamental que crezca el poder adquisitivo de los salarios\u00bb","author":"AF","date":"05\/05\/2022","format":false,"excerpt":"El ministro de Econom\u00eda destac\u00f3 ante empresarios que \"las pol\u00edticas de precios e ingresos que acompa\u00f1an a las de programaci\u00f3n econ\u00f3mica van en ese objetivo\". Adem\u00e1s, remarc\u00f3 \"la clave de cualquier programa para contener la inflaci\u00f3n es cambiar las expectativas\". El ministro de Econom\u00eda, Mart\u00edn Guzm\u00e1n, asegur\u00f3 que la actividad\u2026","rel":"","context":"En \u00abEconom\u00eda\u00bb","block_context":{"text":"Econom\u00eda","link":"https:\/\/www.24baires.com\/?cat=45"},"img":{"alt_text":"","src":"https:\/\/i0.wp.com\/www.24baires.com\/wp-content\/uploads\/2022\/05\/62740c120b5c9_900.jpg?resize=350%2C200","width":350,"height":200,"srcset":"https:\/\/i0.wp.com\/www.24baires.com\/wp-content\/uploads\/2022\/05\/62740c120b5c9_900.jpg?resize=350%2C200 1x, https:\/\/i0.wp.com\/www.24baires.com\/wp-content\/uploads\/2022\/05\/62740c120b5c9_900.jpg?resize=525%2C300 1.5x, https:\/\/i0.wp.com\/www.24baires.com\/wp-content\/uploads\/2022\/05\/62740c120b5c9_900.jpg?resize=700%2C400 2x"},"classes":[]},{"id":118612,"url":"https:\/\/www.24baires.com\/?p=118612","url_meta":{"origin":118334,"position":2},"title":"Guzm\u00e1n: \u00abArgentina enfrenta una situaci\u00f3n de gran potencial desestabilizador\u00bb","author":"AF","date":"07\/03\/2022","format":false,"excerpt":"Tras encabezar cumbre clave con diputados del Frente de Todos, el ministro de Econom\u00eda asiste a la C\u00e1mara de Diputados en el inicio del tratamiento del proyecto. El ministro de Econom\u00eda, Mart\u00edn Guzm\u00e1n, dijo hoy que la Argentina \"enfrenta una situaci\u00f3n de gran potencial desestablizador por la combinaci\u00f3n de la\u2026","rel":"","context":"En \u00abPol\u00edtica\u00bb","block_context":{"text":"Pol\u00edtica","link":"https:\/\/www.24baires.com\/?cat=51"},"img":{"alt_text":"","src":"https:\/\/i0.wp.com\/www.24baires.com\/wp-content\/uploads\/2021\/11\/guzman.jpg?resize=350%2C200","width":350,"height":200,"srcset":"https:\/\/i0.wp.com\/www.24baires.com\/wp-content\/uploads\/2021\/11\/guzman.jpg?resize=350%2C200 1x, https:\/\/i0.wp.com\/www.24baires.com\/wp-content\/uploads\/2021\/11\/guzman.jpg?resize=525%2C300 1.5x"},"classes":[]},{"id":116244,"url":"https:\/\/www.24baires.com\/?p=116244","url_meta":{"origin":118334,"position":3},"title":"Guzman present\u00f3 el presupuesto 2021","author":"GB","date":"16\/09\/2020","format":false,"excerpt":"El proyecto prev\u00e9 para esta a\u00f1o una ca\u00edda del PBI del 13,6% que se recuperar\u00eda a partir del a\u00f1o que viene con un crecimiento de mas de 5 puntos. Adem\u00e1s incluye por primera vez una perspectiva de g\u00e9nero El ministro de Econom\u00eda, Mart\u00edn Guzmanm present\u00f3 el proyecto de Presupuesto 2021,\u2026","rel":"","context":"En \u00abEconom\u00eda\u00bb","block_context":{"text":"Econom\u00eda","link":"https:\/\/www.24baires.com\/?cat=45"},"img":{"alt_text":"","src":"https:\/\/i0.wp.com\/www.24baires.com\/wp-content\/uploads\/2020\/05\/guzman-1.jpg?resize=350%2C200","width":350,"height":200,"srcset":"https:\/\/i0.wp.com\/www.24baires.com\/wp-content\/uploads\/2020\/05\/guzman-1.jpg?resize=350%2C200 1x, https:\/\/i0.wp.com\/www.24baires.com\/wp-content\/uploads\/2020\/05\/guzman-1.jpg?resize=525%2C300 1.5x"},"classes":[]},{"id":116456,"url":"https:\/\/www.24baires.com\/?p=116456","url_meta":{"origin":118334,"position":4},"title":"El FMI dijo que Argentina caer\u00e1 este a\u00f1o y repuntar\u00e1 en 2021","author":"AF","date":"13\/10\/2020","format":false,"excerpt":"El FMI prev\u00e9 que la econom\u00eda argentina caer\u00e1 este a\u00f1o 11,8% y repuntar\u00e1 4,9% en 2021. El Fondo Monetario Internacional (FMI) vaticin\u00f3 hoy que la econom\u00eda argentina caer\u00e1 este a\u00f1o un 11,8% y repuntar\u00e1 el 4,9% durante 2021. As\u00ed lo indic\u00f3 en el Informe de Perspectivas Econ\u00f3micas (WEO, por sus\u2026","rel":"","context":"En \u00abEconom\u00eda\u00bb","block_context":{"text":"Econom\u00eda","link":"https:\/\/www.24baires.com\/?cat=45"},"img":{"alt_text":"","src":"https:\/\/i0.wp.com\/www.24baires.com\/wp-content\/uploads\/2019\/08\/fmi.jpg?resize=350%2C200","width":350,"height":200,"srcset":"https:\/\/i0.wp.com\/www.24baires.com\/wp-content\/uploads\/2019\/08\/fmi.jpg?resize=350%2C200 1x, https:\/\/i0.wp.com\/www.24baires.com\/wp-content\/uploads\/2019\/08\/fmi.jpg?resize=525%2C300 1.5x"},"classes":[]},{"id":117229,"url":"https:\/\/www.24baires.com\/?p=117229","url_meta":{"origin":118334,"position":5},"title":"Guzm\u00e1n: \u00abNo hay que pasarse de largo con la emisi\u00f3n monetaria\u00bb","author":"GB","date":"24\/02\/2021","format":false,"excerpt":"El ministro de Econom\u00eda, Mart\u00edn Guzm\u00e1n, habl\u00f3 sobre la situaci\u00f3n del pa\u00eds en torno a la pol\u00edtica fiscal y emisi\u00f3n monetaria. El ministro de Econom\u00eda, Mart\u00edn Guzm\u00e1n, habl\u00f3 en el marco de la gira que realiza junto con el presidente, Alberto Fern\u00e1ndez, por M\u00e9xico frente a un grupo de empresarios.\u2026","rel":"","context":"En \u00abEconom\u00eda\u00bb","block_context":{"text":"Econom\u00eda","link":"https:\/\/www.24baires.com\/?cat=45"},"img":{"alt_text":"","src":"https:\/\/i0.wp.com\/www.24baires.com\/wp-content\/uploads\/2021\/02\/guzman-hablo-la-emision-monetaria-y-las-tareas-bajar-los-precios-300x200.jpg?resize=350%2C200","width":350,"height":200},"classes":[]}],"jetpack_sharing_enabled":true,"jetpack_likes_enabled":true,"_links":{"self":[{"href":"https:\/\/www.24baires.com\/index.php?rest_route=\/wp\/v2\/posts\/118334","targetHints":{"allow":["GET"]}}],"collection":[{"href":"https:\/\/www.24baires.com\/index.php?rest_route=\/wp\/v2\/posts"}],"about":[{"href":"https:\/\/www.24baires.com\/index.php?rest_route=\/wp\/v2\/types\/post"}],"author":[{"embeddable":true,"href":"https:\/\/www.24baires.com\/index.php?rest_route=\/wp\/v2\/users\/4"}],"replies":[{"embeddable":true,"href":"https:\/\/www.24baires.com\/index.php?rest_route=%2Fwp%2Fv2%2Fcomments&post=118334"}],"version-history":[{"count":1,"href":"https:\/\/www.24baires.com\/index.php?rest_route=\/wp\/v2\/posts\/118334\/revisions"}],"predecessor-version":[{"id":118335,"href":"https:\/\/www.24baires.com\/index.php?rest_route=\/wp\/v2\/posts\/118334\/revisions\/118335"}],"wp:attachment":[{"href":"https:\/\/www.24baires.com\/index.php?rest_route=%2Fwp%2Fv2%2Fmedia&parent=118334"}],"wp:term":[{"taxonomy":"category","embeddable":true,"href":"https:\/\/www.24baires.com\/index.php?rest_route=%2Fwp%2Fv2%2Fcategories&post=118334"},{"taxonomy":"post_tag","embeddable":true,"href":"https:\/\/www.24baires.com\/index.php?rest_route=%2Fwp%2Fv2%2Ftags&post=118334"}],"curies":[{"name":"wp","href":"https:\/\/api.w.org\/{rel}","templated":true}]}}