{"id":118313,"date":"2021-12-09T19:44:44","date_gmt":"2021-12-09T22:44:44","guid":{"rendered":"http:\/\/www.24baires.com\/?p=118313"},"modified":"2021-12-09T19:44:44","modified_gmt":"2021-12-09T22:44:44","slug":"la-actividad-industrial-crecio-43-y-la-construccion-un-83","status":"publish","type":"post","link":"https:\/\/www.24baires.com\/?p=118313","title":{"rendered":"La actividad industrial creci\u00f3 4,3% y la construcci\u00f3n un 8,3%"},"content":{"rendered":"<p><img data-recalc-dims=\"1\" loading=\"lazy\" decoding=\"async\" src=\"https:\/\/i0.wp.com\/www.24baires.com\/wp-content\/uploads\/2019\/01\/construcci%C3%B3n.png?resize=560%2C315\" alt=\"\" width=\"560\" height=\"315\" class=\"aligncenter size-full wp-image-106197\" srcset=\"https:\/\/i0.wp.com\/www.24baires.com\/wp-content\/uploads\/2019\/01\/construcci%C3%B3n.png?w=560&amp;ssl=1 560w, https:\/\/i0.wp.com\/www.24baires.com\/wp-content\/uploads\/2019\/01\/construcci%C3%B3n.png?resize=300%2C169&amp;ssl=1 300w\" sizes=\"auto, (max-width: 560px) 100vw, 560px\" \/>Los valores anunciados por el Instituto Nacional de Estad\u00edstica y Censos corresponden a la comparaci\u00f3n con el mismo mes de 2020. La industria acumul\u00f3 en los 10 primeros meses del a\u00f1o una suba del 17 %, y la construcci\u00f3n un 37,9 %.<!--more--><\/p>\n<p>La actividad industrial aument\u00f3 durante octubre 4,3 % en relaci\u00f3n a igual mes del a\u00f1o pasado, y la construcci\u00f3n avanz\u00f3 8,3% en similar per\u00edodo, inform\u00f3 este jueves el Instituto Nacional de Estad\u00edstica y Censos (Indec).<\/p>\n<p>En lo que respecta al cotejo intermensual, la actividad fabril estuvo 5,7% por debajo de la de septiembre, en tanto que la construcci\u00f3n avanz\u00f3 en octubre 2,3 %.<\/p>\n<p>De esta manera, la industria acumul\u00f3 en los 10 primeros meses del a\u00f1o una suba del 17 %.<\/p>\n<p>La construcci\u00f3n, por su parte, marc\u00f3 un incremento den 37,9 % entre enero y octubre.<\/p>\n<p>Minutos despu\u00e9s de que el Indec diera a conocer estos datos, el ministro de Desarrollo Productivo, Mat\u00edas Kulfas, destac\u00f3 que \u00abde los \u00faltimos 12 meses, en 11 la industria produjo m\u00e1s que en el mismo per\u00edodo de 2019\u00bb.<\/p>\n<p>\u00abEn lo que va de 2021, las f\u00e1bricas est\u00e1n produciendo 5,5 % m\u00e1s que en 2019\u00bb, subray\u00f3 Kulfas a trav\u00e9s de su cuenta en la red social Twitter.<\/p>\n","protected":false},"excerpt":{"rendered":"<p>Los valores anunciados por el Instituto Nacional de Estad\u00edstica y Censos corresponden a la comparaci\u00f3n con el mismo mes de 2020. La industria acumul\u00f3 en los 10 primeros meses del a\u00f1o una suba del 17 %, y la construcci\u00f3n un 37,9 %.<\/p>\n","protected":false},"author":4,"featured_media":0,"comment_status":"open","ping_status":"open","sticky":false,"template":"","format":"standard","meta":{"_jetpack_newsletter_access":"","_jetpack_dont_email_post_to_subs":false,"_jetpack_newsletter_tier_id":0,"_jetpack_memberships_contains_paywalled_content":false,"_jetpack_memberships_contains_paid_content":false,"footnotes":""},"categories":[45],"tags":[],"class_list":["post-118313","post","type-post","status-publish","format-standard","hentry","category-economia"],"jetpack_featured_media_url":"","jetpack_shortlink":"https:\/\/wp.me\/p2JWE0-uMh","jetpack-related-posts":[{"id":120259,"url":"https:\/\/www.24baires.com\/?p=120259","url_meta":{"origin":118313,"position":0},"title":"La actividad industrial creci\u00f3 con un 1,1% interanual en mayo","author":"AF","date":"06\/07\/2023","format":false,"excerpt":"El informe del Instituto Nacional de Estad\u00edstica y Censos se\u00f1ala, adem\u00e1s, que la construcci\u00f3n present\u00f3 un retroceso del 2,9 % en el mismo per\u00edodo. La actividad industrial registr\u00f3 durante mayo un alza del 1,1 % en relaci\u00f3n a igual mes del a\u00f1o pasado, mientras que el sector de la construcci\u00f3n\u2026","rel":"","context":"En \u00abSociedad\u00bb","block_context":{"text":"Sociedad","link":"https:\/\/www.24baires.com\/?cat=1"},"img":{"alt_text":"","src":"https:\/\/i0.wp.com\/www.24baires.com\/wp-content\/uploads\/2023\/07\/industria.jpg?resize=350%2C200","width":350,"height":200,"srcset":"https:\/\/i0.wp.com\/www.24baires.com\/wp-content\/uploads\/2023\/07\/industria.jpg?resize=350%2C200 1x, https:\/\/i0.wp.com\/www.24baires.com\/wp-content\/uploads\/2023\/07\/industria.jpg?resize=525%2C300 1.5x, https:\/\/i0.wp.com\/www.24baires.com\/wp-content\/uploads\/2023\/07\/industria.jpg?resize=700%2C400 2x"},"classes":[]},{"id":116627,"url":"https:\/\/www.24baires.com\/?p=116627","url_meta":{"origin":118313,"position":1},"title":"La actividad industrial subi\u00f3 3,4% en septiembre despu\u00e9s de ocho meses de ca\u00edda","author":"AF","date":"05\/11\/2020","format":false,"excerpt":"El incremento se verific\u00f3 en relaci\u00f3n con el mismo per\u00edodo del a\u00f1o pasado, seg\u00fan inform\u00f3 el Instituto Nacional de Estad\u00edstica y Censo (Indec). La actividad industrial subi\u00f3 durante septiembre 3,4% en relaci\u00f3n a igual lapso del a\u00f1o pasado y quebr\u00f3 as\u00ed una racha de ocho meses consecutivos en baja en\u2026","rel":"","context":"En \u00abEconom\u00eda\u00bb","block_context":{"text":"Econom\u00eda","link":"https:\/\/www.24baires.com\/?cat=45"},"img":{"alt_text":"","src":"https:\/\/i0.wp.com\/www.24baires.com\/wp-content\/uploads\/2018\/05\/industriales.jpg?resize=350%2C200","width":350,"height":200,"srcset":"https:\/\/i0.wp.com\/www.24baires.com\/wp-content\/uploads\/2018\/05\/industriales.jpg?resize=350%2C200 1x, https:\/\/i0.wp.com\/www.24baires.com\/wp-content\/uploads\/2018\/05\/industriales.jpg?resize=525%2C300 1.5x"},"classes":[]},{"id":119422,"url":"https:\/\/www.24baires.com\/?p=119422","url_meta":{"origin":118313,"position":2},"title":"La actividad industrial creci\u00f3 7,6% durante agosto y la construcci\u00f3n, 7,3%","author":"AF","date":"06\/10\/2022","format":false,"excerpt":"El dato del Instituto Nacional de Estad\u00edstica y Censos corresponde a la comparaci\u00f3n de los indicadores en relaci\u00f3n a igual mes de 2021. La actividad industrial creci\u00f3 7,6% durante agosto en relaci\u00f3n a igual mes de 2021, y registr\u00f3 un alza de 0,4% en comparaci\u00f3n con julio pasado, inform\u00f3 el\u2026","rel":"","context":"En \u00abEconom\u00eda\u00bb","block_context":{"text":"Econom\u00eda","link":"https:\/\/www.24baires.com\/?cat=45"},"img":{"alt_text":"","src":"https:\/\/i0.wp.com\/www.24baires.com\/wp-content\/uploads\/2013\/02\/indec.jpg?resize=350%2C200","width":350,"height":200,"srcset":"https:\/\/i0.wp.com\/www.24baires.com\/wp-content\/uploads\/2013\/02\/indec.jpg?resize=350%2C200 1x, https:\/\/i0.wp.com\/www.24baires.com\/wp-content\/uploads\/2013\/02\/indec.jpg?resize=525%2C300 1.5x, https:\/\/i0.wp.com\/www.24baires.com\/wp-content\/uploads\/2013\/02\/indec.jpg?resize=700%2C400 2x"},"classes":[]},{"id":119071,"url":"https:\/\/www.24baires.com\/?p=119071","url_meta":{"origin":118313,"position":3},"title":"La actividad industrial subi\u00f3 11,9% en mayo y la construcci\u00f3n, 19,9%","author":"AF","date":"07\/07\/2022","format":false,"excerpt":"El informe del Instituto Nacional de Estad\u00edstica y Censos se\u00f1ala adem\u00e1s que, frente a abril, la actividad fabril tuvo una baja de 1,1%, en tanto la construcci\u00f3n tuvo un incremento de 0,4%. La actividad industrial registr\u00f3 en mayo una mejora de 11,9% respecto a igual mes del a\u00f1o pasado, mientras\u2026","rel":"","context":"En \u00abSociedad\u00bb","block_context":{"text":"Sociedad","link":"https:\/\/www.24baires.com\/?cat=1"},"img":{"alt_text":"","src":"https:\/\/i0.wp.com\/www.24baires.com\/wp-content\/uploads\/2021\/08\/industria-pandemia.jpg?resize=350%2C200","width":350,"height":200,"srcset":"https:\/\/i0.wp.com\/www.24baires.com\/wp-content\/uploads\/2021\/08\/industria-pandemia.jpg?resize=350%2C200 1x, https:\/\/i0.wp.com\/www.24baires.com\/wp-content\/uploads\/2021\/08\/industria-pandemia.jpg?resize=525%2C300 1.5x, https:\/\/i0.wp.com\/www.24baires.com\/wp-content\/uploads\/2021\/08\/industria-pandemia.jpg?resize=700%2C400 2x"},"classes":[]},{"id":107998,"url":"https:\/\/www.24baires.com\/?p=107998","url_meta":{"origin":118313,"position":4},"title":"Crisis imparable: industria y construcci\u00f3n cayeron m\u00e1s de 13% en marzo","author":"AF","date":"06\/05\/2019","format":false,"excerpt":"La producci\u00f3n industrial alcanz\u00f3 as\u00ed el und\u00e9cimo mes consecutivo de contracci\u00f3n, inform\u00f3 el organismo oficial. La industria y la construcci\u00f3n profundizaron sus ca\u00eddas interanuales en marzo al ceder un 13,4% y un 12,3%, respectivamente, seg\u00fan inform\u00f3 este lunes el Instituto Nacional de Estad\u00edstica y Censos (INDEC). La producci\u00f3n industrial alcanz\u00f3\u2026","rel":"","context":"En \u00abEconom\u00eda\u00bb","block_context":{"text":"Econom\u00eda","link":"https:\/\/www.24baires.com\/?cat=45"},"img":{"alt_text":"","src":"https:\/\/i0.wp.com\/www.24baires.com\/wp-content\/uploads\/2014\/02\/construccion.jpg?resize=350%2C200","width":350,"height":200,"srcset":"https:\/\/i0.wp.com\/www.24baires.com\/wp-content\/uploads\/2014\/02\/construccion.jpg?resize=350%2C200 1x, https:\/\/i0.wp.com\/www.24baires.com\/wp-content\/uploads\/2014\/02\/construccion.jpg?resize=525%2C300 1.5x"},"classes":[]},{"id":100287,"url":"https:\/\/www.24baires.com\/?p=100287","url_meta":{"origin":118313,"position":5},"title":"El Indec inform\u00f3 que durante 2017 la industria creci\u00f3 1,8% y la construcci\u00f3n 12,7%","author":"AF","date":"31\/01\/2018","format":false,"excerpt":"La actividad industrial creci\u00f3 1,8 por ciento en 2016 en t\u00e9rminos interanuales, y la de la construcci\u00f3n avanz\u00f3 el 12,7 por ciento, inform\u00f3 hoy el Instituto Nacional de Estad\u00edstica y Censos (Indec). Los resultados se obtuvieron luego de que la actividad fabril avanzara en diciembre 0,3 por ciento en relaci\u00f3n\u2026","rel":"","context":"En \u00abEconom\u00eda\u00bb","block_context":{"text":"Econom\u00eda","link":"https:\/\/www.24baires.com\/?cat=45"},"img":{"alt_text":"","src":"https:\/\/i0.wp.com\/www.24baires.com\/wp-content\/uploads\/2017\/04\/indec-despidos.jpg?resize=350%2C200","width":350,"height":200,"srcset":"https:\/\/i0.wp.com\/www.24baires.com\/wp-content\/uploads\/2017\/04\/indec-despidos.jpg?resize=350%2C200 1x, https:\/\/i0.wp.com\/www.24baires.com\/wp-content\/uploads\/2017\/04\/indec-despidos.jpg?resize=525%2C300 1.5x"},"classes":[]}],"jetpack_sharing_enabled":true,"jetpack_likes_enabled":true,"_links":{"self":[{"href":"https:\/\/www.24baires.com\/index.php?rest_route=\/wp\/v2\/posts\/118313","targetHints":{"allow":["GET"]}}],"collection":[{"href":"https:\/\/www.24baires.com\/index.php?rest_route=\/wp\/v2\/posts"}],"about":[{"href":"https:\/\/www.24baires.com\/index.php?rest_route=\/wp\/v2\/types\/post"}],"author":[{"embeddable":true,"href":"https:\/\/www.24baires.com\/index.php?rest_route=\/wp\/v2\/users\/4"}],"replies":[{"embeddable":true,"href":"https:\/\/www.24baires.com\/index.php?rest_route=%2Fwp%2Fv2%2Fcomments&post=118313"}],"version-history":[{"count":1,"href":"https:\/\/www.24baires.com\/index.php?rest_route=\/wp\/v2\/posts\/118313\/revisions"}],"predecessor-version":[{"id":118314,"href":"https:\/\/www.24baires.com\/index.php?rest_route=\/wp\/v2\/posts\/118313\/revisions\/118314"}],"wp:attachment":[{"href":"https:\/\/www.24baires.com\/index.php?rest_route=%2Fwp%2Fv2%2Fmedia&parent=118313"}],"wp:term":[{"taxonomy":"category","embeddable":true,"href":"https:\/\/www.24baires.com\/index.php?rest_route=%2Fwp%2Fv2%2Fcategories&post=118313"},{"taxonomy":"post_tag","embeddable":true,"href":"https:\/\/www.24baires.com\/index.php?rest_route=%2Fwp%2Fv2%2Ftags&post=118313"}],"curies":[{"name":"wp","href":"https:\/\/api.w.org\/{rel}","templated":true}]}}