{"id":118307,"date":"2021-12-07T17:49:28","date_gmt":"2021-12-07T20:49:28","guid":{"rendered":"http:\/\/www.24baires.com\/?p=118307"},"modified":"2021-12-07T17:49:28","modified_gmt":"2021-12-07T20:49:28","slug":"el-programa-precios-cuidados-continuara-en-2022-con-novedades","status":"publish","type":"post","link":"https:\/\/www.24baires.com\/?p=118307","title":{"rendered":"El programa +Precios Cuidados continuar\u00e1 en 2022 con novedades"},"content":{"rendered":"<p><img data-recalc-dims=\"1\" loading=\"lazy\" decoding=\"async\" src=\"https:\/\/i0.wp.com\/www.24baires.com\/wp-content\/uploads\/2020\/05\/supermercado.jpg?resize=560%2C313\" alt=\"\" width=\"560\" height=\"313\" class=\"aligncenter size-full wp-image-115054\" srcset=\"https:\/\/i0.wp.com\/www.24baires.com\/wp-content\/uploads\/2020\/05\/supermercado.jpg?w=560&amp;ssl=1 560w, https:\/\/i0.wp.com\/www.24baires.com\/wp-content\/uploads\/2020\/05\/supermercado.jpg?resize=300%2C168&amp;ssl=1 300w\" sizes=\"auto, (max-width: 560px) 100vw, 560px\" \/>Desde el Consejo Federal de Comercio Interior se estudia c\u00f3mo continuar con el programa el a\u00f1o pr\u00f3ximo, con el objetivo de impulsar las econom\u00edas locales a partir de la incorporaci\u00f3n de productos regionales.<!--more--><\/p>\n<p>El Consejo Federal de Comercio Interior (Cofeci), presidido por el secretario del \u00e1rea Roberto Feletti, evalu\u00f3 la implementaci\u00f3n del programa +Precios Cuidados, la posibilidad de impulsar las econom\u00edas locales a partir de la incorporaci\u00f3n de productos regionales y la continuidad de la pol\u00edtica de precios en 2022 contemplando su mejora y ampliaci\u00f3n.<\/p>\n<p>\u00abLa heterogeneidad regional y en las formas de comercializaci\u00f3n hacen que el cumplimiento no sea uniforme en todo el pa\u00eds\u00bb, explic\u00f3 Feletti, quien estuvo acompa\u00f1ado por el subsecretario de Pol\u00edticas para el Mercado Interno, Antonio Mezmezian, y el director de Inspecciones de la Secretar\u00eda, Gustavo Gamito.<\/p>\n<p>Sin embargo, aclar\u00f3, \u00abcontamos con un gran compromiso del Cofeci en la idea de afirmar una canasta de Precios Cuidados amplia de consumo de productos de g\u00f3ndola, con la incorporaci\u00f3n de producci\u00f3n regional y reconociendo las diferencias de cada territorio\u00bb.<\/p>\n<p>Los funcionarios de las provincias celebraron la implementaci\u00f3n del programa, destacaron su buen funcionamiento en las grandes cadenas y se\u00f1alaron que el mismo se est\u00e1 cumpliendo con los precios establecidos, aunque reconocieron complicaciones con el alcance en comercios minoristas.<\/p>\n<p>Feletti adelant\u00f3 que en la segunda etapa, que comenzar\u00e1 en 2022, se buscar\u00e1 profundizar la impronta federal del programa, incorporando producciones regionales; reducir las cadenas m\u00e1s alargadas de distribuci\u00f3n para lograr abastecimiento a nivel regional; y establecer m\u00e1rgenes diferenciales seg\u00fan el tama\u00f1o de los comercios.<\/p>\n<p>En ese sentido, el Secretario sostuvo que \u00abel mayor obst\u00e1culo para el cumplimiento del programa es la extensi\u00f3n de la cadena de comercializaci\u00f3n; el incumplimiento fundamental se da en los distribuidores\u00bb.<\/p>\n<p>Feletti se\u00f1al\u00f3 que el \u00e9xito del programa fue instalar la importancia de una canasta amplia de consumo de acceso a todas y todos; y subray\u00f3 que el mismo cumpli\u00f3 el objetivo de fijar precios de referencia y amortiguar la aceleraci\u00f3n inflacionaria en los productos de g\u00f3ndola.<\/p>\n<p>En el cierre, pidi\u00f3 a los secretarios de las provincias no bajar el monitoreo ni el di\u00e1logo con los sectores, \u00abporque hay que asegurar unas Fiestas felices a todo el pueblo argentino\u00bb.<\/p>\n<p>El intercambio con el organismo que agrupa a todos los secretarios y secretarias provinciales del \u00e1rea se da dentro de los encuentros para evaluar el cumplimiento de la pol\u00edtica de precios a nivel federal, comentar las actualizaciones y conocer las distintas experiencias sobre la implementaci\u00f3n de programa en cada territorio.<\/p>\n<p>Del encuentro participaron representantes de las provincias de Buenos Aires, Catamarca, Chaco, Chubut, C\u00f3rdoba, Corrientes, Entre R\u00edos, Formosa, La Pampa, La Rioja, Mendoza, Misiones, R\u00edo Negro, Salta, San Juan, San Luis, Santa Fe, Santa Cruz, Tierra del Fuego, Tucum\u00e1n y la Ciudad Aut\u00f3nomoa de Buenos Aires.<\/p>\n","protected":false},"excerpt":{"rendered":"<p>Desde el Consejo Federal de Comercio Interior se estudia c\u00f3mo continuar con el programa el a\u00f1o pr\u00f3ximo, con el objetivo de impulsar las econom\u00edas locales a partir de la incorporaci\u00f3n de productos regionales.<\/p>\n","protected":false},"author":4,"featured_media":0,"comment_status":"open","ping_status":"open","sticky":false,"template":"","format":"standard","meta":{"_jetpack_newsletter_access":"","_jetpack_dont_email_post_to_subs":false,"_jetpack_newsletter_tier_id":0,"_jetpack_memberships_contains_paywalled_content":false,"_jetpack_memberships_contains_paid_content":false,"footnotes":""},"categories":[45],"tags":[],"class_list":["post-118307","post","type-post","status-publish","format-standard","hentry","category-economia"],"jetpack_featured_media_url":"","jetpack_shortlink":"https:\/\/wp.me\/p2JWE0-uMb","jetpack-related-posts":[{"id":118426,"url":"https:\/\/www.24baires.com\/?p=118426","url_meta":{"origin":118307,"position":0},"title":"Vuelve Precios Cuidados","author":"GB","date":"07\/01\/2022","format":false,"excerpt":"Este viernes termina el congelamiento de precios y el Gobierno negocia con 100 empresas el relanzamiento del programa Precios Cuidados. El congelamiento de precios de consumo masivo termina este viernes, por lo que el Gobierno continuar\u00e1 con pol\u00edticas de regulaci\u00f3n, en l\u00ednea con el acuerdo de precios y salarios que\u2026","rel":"","context":"En \u00abEconom\u00eda\u00bb","block_context":{"text":"Econom\u00eda","link":"https:\/\/www.24baires.com\/?cat=45"},"img":{"alt_text":"","src":"https:\/\/i0.wp.com\/www.24baires.com\/wp-content\/uploads\/2018\/09\/precios-cuidados.jpg?resize=350%2C200","width":350,"height":200,"srcset":"https:\/\/i0.wp.com\/www.24baires.com\/wp-content\/uploads\/2018\/09\/precios-cuidados.jpg?resize=350%2C200 1x, https:\/\/i0.wp.com\/www.24baires.com\/wp-content\/uploads\/2018\/09\/precios-cuidados.jpg?resize=525%2C300 1.5x"},"classes":[]},{"id":118670,"url":"https:\/\/www.24baires.com\/?p=118670","url_meta":{"origin":118307,"position":1},"title":"Comercios de proximidad contar\u00e1n con una canasta de 60 productos regulados","author":"AF","date":"23\/03\/2022","format":false,"excerpt":"Con el objetivo de contener la suba de los precios de los principales productos de consumo masivo, se buscar\u00e1 armar una canasta de productos frescos en frutas y verduras que complemente la de cortes cuidados, que se sumar\u00e1n a la renovaci\u00f3n del programa Precios Cuidados en abril. Adem\u00e1s, el Secretario\u2026","rel":"","context":"En \u00abEconom\u00eda\u00bb","block_context":{"text":"Econom\u00eda","link":"https:\/\/www.24baires.com\/?cat=45"},"img":{"alt_text":"","src":"https:\/\/i0.wp.com\/www.24baires.com\/wp-content\/uploads\/2016\/05\/verduleria-cuotas.jpg?resize=350%2C200","width":350,"height":200,"srcset":"https:\/\/i0.wp.com\/www.24baires.com\/wp-content\/uploads\/2016\/05\/verduleria-cuotas.jpg?resize=350%2C200 1x, https:\/\/i0.wp.com\/www.24baires.com\/wp-content\/uploads\/2016\/05\/verduleria-cuotas.jpg?resize=525%2C300 1.5x"},"classes":[]},{"id":118727,"url":"https:\/\/www.24baires.com\/?p=118727","url_meta":{"origin":118307,"position":2},"title":"Buscan garantizar el acceso a productos b\u00e1sicos con nuevas canastas","author":"AF","date":"09\/04\/2022","format":false,"excerpt":"Adem\u00e1s, con el objetivo de garantizar el acceso a productos esenciales, la Secretar\u00eda de Comercio Interior renov\u00f3 los principales programas +Precios Cuidados y Cortes Cuidados, una nueva etapa vigente hasta el 7 de julio. La Secretar\u00eda de Comercio Interior lanz\u00f3 esta semana una nueva canasta de productos para comercios de\u2026","rel":"","context":"En \u00abEconom\u00eda\u00bb","block_context":{"text":"Econom\u00eda","link":"https:\/\/www.24baires.com\/?cat=45"},"img":{"alt_text":"","src":"https:\/\/i0.wp.com\/www.24baires.com\/wp-content\/uploads\/2022\/04\/61b8c911edf0c_900.jpg?resize=350%2C200","width":350,"height":200,"srcset":"https:\/\/i0.wp.com\/www.24baires.com\/wp-content\/uploads\/2022\/04\/61b8c911edf0c_900.jpg?resize=350%2C200 1x, https:\/\/i0.wp.com\/www.24baires.com\/wp-content\/uploads\/2022\/04\/61b8c911edf0c_900.jpg?resize=525%2C300 1.5x"},"classes":[]},{"id":118801,"url":"https:\/\/www.24baires.com\/?p=118801","url_meta":{"origin":118307,"position":3},"title":"Convocan a empresas alimenticias por los faltantes de Precios Cuidados","author":"AF","date":"28\/04\/2022","format":false,"excerpt":"El secretario de Comercio Interior, Roberto Feletti, se reunir\u00e1 este viernes con Molinos, Arcor, Unilever, Mondelez, Danone, Mastellone y Nestl\u00e9. Esperan analizar los motivos que afectan el normal abastecimiento del acuerdo. El secretario de Comercio Interior, Roberto Feletti, se reunir\u00e1 este viernes con las principales empresas del sector alimenticio tras\u2026","rel":"","context":"En \u00abSociedad\u00bb","block_context":{"text":"Sociedad","link":"https:\/\/www.24baires.com\/?cat=1"},"img":{"alt_text":"","src":"https:\/\/i0.wp.com\/www.24baires.com\/wp-content\/uploads\/2022\/04\/624f0ffa73294_900.jpg?resize=350%2C200","width":350,"height":200,"srcset":"https:\/\/i0.wp.com\/www.24baires.com\/wp-content\/uploads\/2022\/04\/624f0ffa73294_900.jpg?resize=350%2C200 1x, https:\/\/i0.wp.com\/www.24baires.com\/wp-content\/uploads\/2022\/04\/624f0ffa73294_900.jpg?resize=525%2C300 1.5x, https:\/\/i0.wp.com\/www.24baires.com\/wp-content\/uploads\/2022\/04\/624f0ffa73294_900.jpg?resize=700%2C400 2x"},"classes":[]},{"id":23270,"url":"https:\/\/www.24baires.com\/?p=23270","url_meta":{"origin":118307,"position":4},"title":"Pronostican que el blanqueo de divisas impulsar\u00e1 la construcci\u00f3n","author":"AF","date":"11\/05\/2013","format":false,"excerpt":"An\u00edbal Fern\u00e1ndez consider\u00f3 que ingresar\u00e1n al mercado \"entre 4.000 y 6.000 millones de d\u00f3lares\" no declarados, que significar\u00edan \"un nivel de incorporaci\u00f3n de capitales para la construcci\u00f3n, el mercado inmobiliario y la energ\u00eda, muy importante\"; mientras que Roberto Feletti descart\u00f3 la posibilidad de que la iniciativa vaya en perjuicio de\u2026","rel":"","context":"En \u00abEconom\u00eda\u00bb","block_context":{"text":"Econom\u00eda","link":"https:\/\/www.24baires.com\/?cat=45"},"img":{"alt_text":"","src":"","width":0,"height":0},"classes":[]},{"id":118890,"url":"https:\/\/www.24baires.com\/?p=118890","url_meta":{"origin":118307,"position":5},"title":"Guillermo Hang reemplazar\u00e1 a Feletti como titular de la Secretar\u00eda de Comercio","author":"AF","date":"23\/05\/2022","format":false,"excerpt":"Quien hasta el momento era el director del Banco Central tomar\u00e1 el lugar de Roberto Feletti, hombre que present\u00f3 su renuncia en una nota enviada al ministro de Econom\u00eda, Mart\u00edn Guzm\u00e1n. El secretario de Comercio Interior, Roberto Feletti, present\u00f3 este lunes su renuncia \"indeclinable\" al cargo y ser\u00e1 reemplazado por\u2026","rel":"","context":"En \u00abPol\u00edtica\u00bb","block_context":{"text":"Pol\u00edtica","link":"https:\/\/www.24baires.com\/?cat=51"},"img":{"alt_text":"","src":"https:\/\/i0.wp.com\/www.24baires.com\/wp-content\/uploads\/2022\/05\/628bf0243941e_900.jpg?resize=350%2C200","width":350,"height":200,"srcset":"https:\/\/i0.wp.com\/www.24baires.com\/wp-content\/uploads\/2022\/05\/628bf0243941e_900.jpg?resize=350%2C200 1x, https:\/\/i0.wp.com\/www.24baires.com\/wp-content\/uploads\/2022\/05\/628bf0243941e_900.jpg?resize=525%2C300 1.5x, https:\/\/i0.wp.com\/www.24baires.com\/wp-content\/uploads\/2022\/05\/628bf0243941e_900.jpg?resize=700%2C400 2x"},"classes":[]}],"jetpack_sharing_enabled":true,"jetpack_likes_enabled":true,"_links":{"self":[{"href":"https:\/\/www.24baires.com\/index.php?rest_route=\/wp\/v2\/posts\/118307","targetHints":{"allow":["GET"]}}],"collection":[{"href":"https:\/\/www.24baires.com\/index.php?rest_route=\/wp\/v2\/posts"}],"about":[{"href":"https:\/\/www.24baires.com\/index.php?rest_route=\/wp\/v2\/types\/post"}],"author":[{"embeddable":true,"href":"https:\/\/www.24baires.com\/index.php?rest_route=\/wp\/v2\/users\/4"}],"replies":[{"embeddable":true,"href":"https:\/\/www.24baires.com\/index.php?rest_route=%2Fwp%2Fv2%2Fcomments&post=118307"}],"version-history":[{"count":1,"href":"https:\/\/www.24baires.com\/index.php?rest_route=\/wp\/v2\/posts\/118307\/revisions"}],"predecessor-version":[{"id":118308,"href":"https:\/\/www.24baires.com\/index.php?rest_route=\/wp\/v2\/posts\/118307\/revisions\/118308"}],"wp:attachment":[{"href":"https:\/\/www.24baires.com\/index.php?rest_route=%2Fwp%2Fv2%2Fmedia&parent=118307"}],"wp:term":[{"taxonomy":"category","embeddable":true,"href":"https:\/\/www.24baires.com\/index.php?rest_route=%2Fwp%2Fv2%2Fcategories&post=118307"},{"taxonomy":"post_tag","embeddable":true,"href":"https:\/\/www.24baires.com\/index.php?rest_route=%2Fwp%2Fv2%2Ftags&post=118307"}],"curies":[{"name":"wp","href":"https:\/\/api.w.org\/{rel}","templated":true}]}}