{"id":118286,"date":"2021-11-30T19:41:56","date_gmt":"2021-11-30T22:41:56","guid":{"rendered":"http:\/\/www.24baires.com\/?p=118286"},"modified":"2021-11-30T19:41:56","modified_gmt":"2021-11-30T22:41:56","slug":"aseguran-que-la-economia-volvera-a-crecer-luego-de-tres-anos-de-recesion","status":"publish","type":"post","link":"https:\/\/www.24baires.com\/?p=118286","title":{"rendered":"Aseguran que la econom\u00eda volver\u00e1 a crecer luego de tres a\u00f1os de recesi\u00f3n"},"content":{"rendered":"<p><img data-recalc-dims=\"1\" loading=\"lazy\" decoding=\"async\" src=\"https:\/\/i0.wp.com\/www.24baires.com\/wp-content\/uploads\/2021\/08\/industria-pandemia.jpg?resize=560%2C315\" alt=\"\" width=\"560\" height=\"315\" class=\"aligncenter size-full wp-image-117989\" srcset=\"https:\/\/i0.wp.com\/www.24baires.com\/wp-content\/uploads\/2021\/08\/industria-pandemia.jpg?w=560&amp;ssl=1 560w, https:\/\/i0.wp.com\/www.24baires.com\/wp-content\/uploads\/2021\/08\/industria-pandemia.jpg?resize=300%2C169&amp;ssl=1 300w\" sizes=\"auto, (max-width: 560px) 100vw, 560px\" \/>La secretaria de Relaciones Econ\u00f3micas Internacionales destac\u00f3 tambi\u00e9n el crecimiento de las importaciones y consider\u00f3 que cuando aumentan las compras de insumos \u00abes un reflejo de un crecimiento general de la econom\u00eda\u00bb.<!--more--><\/p>\n<p>La secretaria de Relaciones Econ\u00f3micas Internacionales, Cecilia Todesca Bocco, dijo este martes que el crecimiento \u00abse ubicar\u00e1 este a\u00f1o en torno del 10% luego de tres a\u00f1os de recesi\u00f3n, lo que es una buena noticia, y ya estamos 2,8% arriba del nivel de diciembre de 2018\u00bb.<\/p>\n<p>En paralelo, la funcionaria de la Canciller\u00eda afirm\u00f3 que el Gobierno \u00abtrabaja para la recuperaci\u00f3n de las reservas\u00bb, y en ese sentido remarc\u00f3 que para este a\u00f1o \u00abya tenemos un super\u00e1vit comercial en torno de los US$ 13.900 millones, y es un n\u00famero importante\u00bb.<br \/>\nAdem\u00e1s, en una conferencia de prensa en la Casa Rosada, Todesca Bocco dijo que el Gobierno prev\u00e9 hacer frente al pago de US$ 1.892 millones al Fondo Monetario Internacional, el 18 de diciembre pr\u00f3ximo.<\/p>\n<p>\u00abPor supuesto que Argentina tiene las tensiones en el sector externo que ya se conocen. S\u00ed, la idea es hacer el pago a que usted hace menci\u00f3n\u00bb, se\u00f1al\u00f3 en respuesta a la pregunta de un periodista.<\/p>\n<p>La secretaria, en una conferencia de prensa tras participar de una reuni\u00f3n del Gabinete Econ\u00f3mico encabezada por el presidente Alberto Fern\u00e1ndez en la Casa Rosada, sostuvo adem\u00e1s que \u00abse est\u00e1 trabajando en el plan plurianual y con el Fondo Monetario\u00bb, como hab\u00eda adelantado el primer mandatario.<\/p>\n<p>\u00abQuisi\u00e9ramos llegar al mejor acuerdo posible en el menor tiempo posible. Ese es nuestro objetivo. Es una negociaci\u00f3n de envergadura y cuando est\u00e9 todo listo lo enviaremos al Congreso\u00bb, puso de relieve.<\/p>\n","protected":false},"excerpt":{"rendered":"<p>La secretaria de Relaciones Econ\u00f3micas Internacionales destac\u00f3 tambi\u00e9n el crecimiento de las importaciones y consider\u00f3 que cuando aumentan las compras de insumos \u00abes un reflejo de un crecimiento general de la econom\u00eda\u00bb.<\/p>\n","protected":false},"author":4,"featured_media":0,"comment_status":"open","ping_status":"open","sticky":false,"template":"","format":"standard","meta":{"_jetpack_newsletter_access":"","_jetpack_dont_email_post_to_subs":false,"_jetpack_newsletter_tier_id":0,"_jetpack_memberships_contains_paywalled_content":false,"_jetpack_memberships_contains_paid_content":false,"footnotes":""},"categories":[45],"tags":[],"class_list":["post-118286","post","type-post","status-publish","format-standard","hentry","category-economia"],"jetpack_featured_media_url":"","jetpack_shortlink":"https:\/\/wp.me\/p2JWE0-uLQ","jetpack-related-posts":[{"id":116635,"url":"https:\/\/www.24baires.com\/?p=116635","url_meta":{"origin":118286,"position":0},"title":"Llega al pa\u00eds una misi\u00f3n del FMI para iniciar negociaciones formales","author":"AF","date":"06\/11\/2020","format":false,"excerpt":"Estar\u00e1 encabezada por los funcionarios Julie Kozack y Luis Cubeddu. En esta oportunidad la misi\u00f3n se centrar\u00e1 en la agenda fiscal, monetaria y estructural de las autoridades para el mediano plazo con el objetivo de anclar la estabilidad macroecon\u00f3mica y sentar las bases para un crecimiento inclusivo y sostenible. Una\u2026","rel":"","context":"En \u00abEconom\u00eda\u00bb","block_context":{"text":"Econom\u00eda","link":"https:\/\/www.24baires.com\/?cat=45"},"img":{"alt_text":"","src":"https:\/\/i0.wp.com\/www.24baires.com\/wp-content\/uploads\/2015\/04\/fmi.jpg?resize=350%2C200","width":350,"height":200,"srcset":"https:\/\/i0.wp.com\/www.24baires.com\/wp-content\/uploads\/2015\/04\/fmi.jpg?resize=350%2C200 1x, https:\/\/i0.wp.com\/www.24baires.com\/wp-content\/uploads\/2015\/04\/fmi.jpg?resize=525%2C300 1.5x"},"classes":[]},{"id":112132,"url":"https:\/\/www.24baires.com\/?p=112132","url_meta":{"origin":118286,"position":1},"title":"El Banco Mundial diagnostica desaceleraci\u00f3n econ\u00f3mica por la crisis argentina","author":"AF","date":"18\/09\/2019","format":false,"excerpt":"David Malpass, titular del BM, anticip\u00f3 que la econom\u00eda global no alcanzar\u00e1 este a\u00f1o el crecimiento del 2,6% previsto, \"dada la sustancial retracci\u00f3n en Argentina, India y M\u00e9xico\", entre otros factores. La crisis econ\u00f3mica argentina, junto a la retracci\u00f3n de las econom\u00edas de India y M\u00e9xico, fue se\u00f1alada por el\u2026","rel":"","context":"En \u00abEconom\u00eda\u00bb","block_context":{"text":"Econom\u00eda","link":"https:\/\/www.24baires.com\/?cat=45"},"img":{"alt_text":"","src":"https:\/\/i0.wp.com\/www.24baires.com\/wp-content\/uploads\/2019\/08\/macri.png?resize=350%2C200","width":350,"height":200,"srcset":"https:\/\/i0.wp.com\/www.24baires.com\/wp-content\/uploads\/2019\/08\/macri.png?resize=350%2C200 1x, https:\/\/i0.wp.com\/www.24baires.com\/wp-content\/uploads\/2019\/08\/macri.png?resize=525%2C300 1.5x"},"classes":[]},{"id":87622,"url":"https:\/\/www.24baires.com\/?p=87622","url_meta":{"origin":118286,"position":2},"title":"Despu\u00e9s de 10 a\u00f1os vuelven los controles del FMI","author":"AF","date":"16\/09\/2016","format":false,"excerpt":"Una misi\u00f3n del Fondo Monetario Internacional (FMI) arribar\u00e1 al pa\u00eds el lunes pr\u00f3ximo para auditar las cuentas nacionales y las proyecciones del Producto Bruto Interno y dialogar tambi\u00e9n con economistas del sector privado, tal cual lo establece el reglamento del organismo al cual adhiere Argentina, luego de diez a\u00f1os. Seg\u00fan\u2026","rel":"","context":"En \u00abEconom\u00eda\u00bb","block_context":{"text":"Econom\u00eda","link":"https:\/\/www.24baires.com\/?cat=45"},"img":{"alt_text":"fmi","src":"https:\/\/i0.wp.com\/www.24baires.com\/wp-content\/uploads\/2016\/04\/fmi.jpg?resize=350%2C200","width":350,"height":200,"srcset":"https:\/\/i0.wp.com\/www.24baires.com\/wp-content\/uploads\/2016\/04\/fmi.jpg?resize=350%2C200 1x, https:\/\/i0.wp.com\/www.24baires.com\/wp-content\/uploads\/2016\/04\/fmi.jpg?resize=525%2C300 1.5x"},"classes":[]},{"id":117130,"url":"https:\/\/www.24baires.com\/?p=117130","url_meta":{"origin":118286,"position":3},"title":"El Gobierno convoca a gremios y empresarios","author":"GB","date":"04\/02\/2021","format":false,"excerpt":"Desde el Ejecutivo adelantaron que no impondr\u00e1n topes en las discusiones por paritarias. El Gobierno nacional convocar\u00e1 la pr\u00f3xima semana a gremios y empresarios por precios y salarios, seg\u00fan inform\u00f3 la vicejefa de Gabinete, Cecilia Todesca Bocco, al finalizar la reuni\u00f3n del gabinete econ\u00f3mico en Casa Rosada. \u201cLo coordinaron todos\u2026","rel":"","context":"En \u00abPol\u00edtica\u00bb","block_context":{"text":"Pol\u00edtica","link":"https:\/\/www.24baires.com\/?cat=51"},"img":{"alt_text":"","src":"https:\/\/i0.wp.com\/www.24baires.com\/wp-content\/uploads\/2021\/02\/20210204102525_0007320104.jpg?resize=350%2C200","width":350,"height":200,"srcset":"https:\/\/i0.wp.com\/www.24baires.com\/wp-content\/uploads\/2021\/02\/20210204102525_0007320104.jpg?resize=350%2C200 1x, https:\/\/i0.wp.com\/www.24baires.com\/wp-content\/uploads\/2021\/02\/20210204102525_0007320104.jpg?resize=525%2C300 1.5x"},"classes":[]},{"id":76094,"url":"https:\/\/www.24baires.com\/?p=76094","url_meta":{"origin":118286,"position":4},"title":"Macri anunci\u00f3 quienes estar\u00e1n a cargo del Indec y la Sedronar","author":"GB","date":"07\/12\/2015","format":false,"excerpt":"Al frente del Instituto de Estad\u00edstica estar\u00e1 el consultor Jorge Todesca, ex viceministro de Econom\u00eda en el 2002. En tanto, la Secretar\u00eda de Prevenci\u00f3n de la Drogadicci\u00f3n y Lucha contra el Narcotr\u00e1fico estar\u00e1 bajo la \u00f3rbita del pampeano Roberto Moro. El presidente electo Mauricio Macri designar\u00e1 a Jorge Todesca como\u2026","rel":"","context":"En \u00abPol\u00edtica\u00bb","block_context":{"text":"Pol\u00edtica","link":"https:\/\/www.24baires.com\/?cat=51"},"img":{"alt_text":"","src":"","width":0,"height":0},"classes":[]},{"id":105539,"url":"https:\/\/www.24baires.com\/?p=105539","url_meta":{"origin":118286,"position":5},"title":"Aseguran que la recesi\u00f3n continuar\u00e1 durante todo 2019","author":"AF","date":"21\/11\/2018","format":false,"excerpt":"Mientras el ministro de Econom\u00eda Nicol\u00e1s Dujovne aseguraba en Par\u00eds que la Argentina tiene \u201clo necesario\u201d para convertirse en miembro permanente de la Organizaci\u00f3n para la Cooperaci\u00f3n y el Desarrollo Econ\u00f3micos (OCDE), el organismo empeor\u00f3 sus perspectivas de crecimiento para el pa\u00eds y destac\u00f3 que el PBI no crecer\u00e1 hasta\u2026","rel":"","context":"En \u00abEconom\u00eda\u00bb","block_context":{"text":"Econom\u00eda","link":"https:\/\/www.24baires.com\/?cat=45"},"img":{"alt_text":"","src":"https:\/\/i0.wp.com\/www.24baires.com\/wp-content\/uploads\/2018\/09\/macri.jpg?resize=350%2C200","width":350,"height":200,"srcset":"https:\/\/i0.wp.com\/www.24baires.com\/wp-content\/uploads\/2018\/09\/macri.jpg?resize=350%2C200 1x, https:\/\/i0.wp.com\/www.24baires.com\/wp-content\/uploads\/2018\/09\/macri.jpg?resize=525%2C300 1.5x"},"classes":[]}],"jetpack_sharing_enabled":true,"jetpack_likes_enabled":true,"_links":{"self":[{"href":"https:\/\/www.24baires.com\/index.php?rest_route=\/wp\/v2\/posts\/118286","targetHints":{"allow":["GET"]}}],"collection":[{"href":"https:\/\/www.24baires.com\/index.php?rest_route=\/wp\/v2\/posts"}],"about":[{"href":"https:\/\/www.24baires.com\/index.php?rest_route=\/wp\/v2\/types\/post"}],"author":[{"embeddable":true,"href":"https:\/\/www.24baires.com\/index.php?rest_route=\/wp\/v2\/users\/4"}],"replies":[{"embeddable":true,"href":"https:\/\/www.24baires.com\/index.php?rest_route=%2Fwp%2Fv2%2Fcomments&post=118286"}],"version-history":[{"count":1,"href":"https:\/\/www.24baires.com\/index.php?rest_route=\/wp\/v2\/posts\/118286\/revisions"}],"predecessor-version":[{"id":118287,"href":"https:\/\/www.24baires.com\/index.php?rest_route=\/wp\/v2\/posts\/118286\/revisions\/118287"}],"wp:attachment":[{"href":"https:\/\/www.24baires.com\/index.php?rest_route=%2Fwp%2Fv2%2Fmedia&parent=118286"}],"wp:term":[{"taxonomy":"category","embeddable":true,"href":"https:\/\/www.24baires.com\/index.php?rest_route=%2Fwp%2Fv2%2Fcategories&post=118286"},{"taxonomy":"post_tag","embeddable":true,"href":"https:\/\/www.24baires.com\/index.php?rest_route=%2Fwp%2Fv2%2Ftags&post=118286"}],"curies":[{"name":"wp","href":"https:\/\/api.w.org\/{rel}","templated":true}]}}