{"id":118270,"date":"2021-11-29T19:51:23","date_gmt":"2021-11-29T22:51:23","guid":{"rendered":"http:\/\/www.24baires.com\/?p=118270"},"modified":"2021-11-29T19:51:23","modified_gmt":"2021-11-29T22:51:23","slug":"el-gobierno-bonaerense-presento-el-proyecto-de-ley-de-presupuesto-2022","status":"publish","type":"post","link":"https:\/\/www.24baires.com\/?p=118270","title":{"rendered":"El gobierno bonaerense present\u00f3 el proyecto de ley de Presupuesto 2022"},"content":{"rendered":"<p><img data-recalc-dims=\"1\" loading=\"lazy\" decoding=\"async\" src=\"https:\/\/i0.wp.com\/www.24baires.com\/wp-content\/uploads\/2021\/11\/5c0837591ccb7_900.jpg?resize=560%2C307\" alt=\"\" width=\"560\" height=\"307\" class=\"aligncenter size-full wp-image-118271\" srcset=\"https:\/\/i0.wp.com\/www.24baires.com\/wp-content\/uploads\/2021\/11\/5c0837591ccb7_900.jpg?w=560&amp;ssl=1 560w, https:\/\/i0.wp.com\/www.24baires.com\/wp-content\/uploads\/2021\/11\/5c0837591ccb7_900.jpg?resize=300%2C164&amp;ssl=1 300w\" sizes=\"auto, (max-width: 560px) 100vw, 560px\" \/>Con el eje puesto en \u201cconsolidar un estado presente en esta nueva etapa de recuperaci\u00f3n econ\u00f3mica que le permita a la provincia lograr un crecimiento sostenido con inclusi\u00f3n social\u201d, el presupuesto es una hoja de ruta de los planes que tiene el Poder Ejecutivo para el a\u00f1o entrante\u201d, detall\u00f3 el ministro de Hacienda y Finanzas, Pablo L\u00f3pez.<!--more--><\/p>\n<p>El gobierno bonaerense present\u00f3 este lunes en la Legislatura el proyecto de ley de Presupuesto del a\u00f1o pr\u00f3ximo que prev\u00e9 un gasto total de $ 3,1 billones y con el eje puesto en \u201cconsolidar un estado presente en esta nueva etapa de recuperaci\u00f3n econ\u00f3mica que le permita a la provincia lograr un crecimiento sostenido con inclusi\u00f3n social\u201d, explic\u00f3 el ministro de Hacienda y Finanzas bonaerense, Pablo L\u00f3pez.<\/p>\n<p>\u201cDespu\u00e9s de la recesi\u00f3n de 2017 y 2018 a lo que se sumaron los dos a\u00f1os de pandemia vemos una reactivaci\u00f3n de la econom\u00eda que esperemos se consolide en el 2022 y por eso el presupuesto es una hoja de ruta de los planes que tiene el Poder Ejecutivo para el a\u00f1o entrante\u201d, detall\u00f3.<\/p>\n<p>L\u00f3pez present\u00f3 los proyectos de Ley de Presupuesto y la Impositiva en el anexo de la C\u00e1mara de Diputados provincial, en La Plata donde consign\u00f3 que el plan del gobierno cuenta con seis ejes centrales.<\/p>\n<p>Los ejes centrales del Presupuesto 2022<\/p>\n<p>De ellos, el primero es el de \u00abinversi\u00f3n en infraestructura y vivienda\u00bb, en el que se se\u00f1al\u00f3 que, \u00aba\u00fan en un contexto de pandemia, se inici\u00f3 un plan de obras sin precedentes\u00bb y precis\u00f3 que para el a\u00f1o pr\u00f3ximo superar\u00e1 los $260 mil millones con un crecimiento del 123% respecto del 2019.<\/p>\n<p>En ese sentido, el proyecto de Presupuesto 2022 prev\u00e9 inversiones en \u00e1reas clave para el distrito \u00abpara garantizar el acceso de las y los bonaerenses a m\u00e1s y mejores servicios b\u00e1sicos, generando empleo de calidad y reduciendo d\u00e9ficits estructurales\u00bb.<\/p>\n<p>El plan de inversiones incluye la mejora de rutas y caminos rurales, ensanche de calzadas, pavimentaci\u00f3n de caminos productivos, obras de Iluminaci\u00f3n vial; construcci\u00f3n de viviendas; y obras destinadas al mejoramiento y limpieza de cursos de agua en varios municipios de la provincia, entre otras, entre otras.<\/p>\n<p>Otro de los ejes de la propuesta oficial es la \u00abpromoci\u00f3n de la producci\u00f3n, el empleo y la inclusi\u00f3n social\u00bb en un contexto en el que seg\u00fan explic\u00f3 el titular de Hacienda, la provincia presenta en los \u00faltimos meses una recuperaci\u00f3n econ\u00f3mica generalizada en todos los sectores y regiones, algunos como la industria, con un nivel del 8% superior a la prepandemia\u201d.<\/p>\n<p>En tanto, el tercer eje del c\u00e1lculo de gastos y recursos est\u00e1 puesto en la educaci\u00f3n, en la que se prev\u00e9n gastos por m\u00e1s de $900 mil millones \u201clo que implica alcanzar el 29,5% del total del presupuesto de la provincia para recuperar la ca\u00edda que hab\u00eda tenido hasta el 2019\u201d.<\/p>\n","protected":false},"excerpt":{"rendered":"<p>Con el eje puesto en \u201cconsolidar un estado presente en esta nueva etapa de recuperaci\u00f3n econ\u00f3mica que le permita a la provincia lograr un crecimiento sostenido con inclusi\u00f3n social\u201d, el presupuesto es una hoja de ruta de los planes que tiene el Poder Ejecutivo para el a\u00f1o entrante\u201d, detall\u00f3 el ministro de Hacienda y Finanzas, Pablo L\u00f3pez.<\/p>\n","protected":false},"author":4,"featured_media":0,"comment_status":"open","ping_status":"open","sticky":false,"template":"","format":"standard","meta":{"_jetpack_newsletter_access":"","_jetpack_dont_email_post_to_subs":false,"_jetpack_newsletter_tier_id":0,"_jetpack_memberships_contains_paywalled_content":false,"_jetpack_memberships_contains_paid_content":false,"footnotes":""},"categories":[45],"tags":[],"class_list":["post-118270","post","type-post","status-publish","format-standard","hentry","category-economia"],"jetpack_featured_media_url":"","jetpack_shortlink":"https:\/\/wp.me\/p2JWE0-uLA","jetpack-related-posts":[{"id":118402,"url":"https:\/\/www.24baires.com\/?p=118402","url_meta":{"origin":118270,"position":0},"title":"La actividad econ\u00f3mica en la provincia creci\u00f3 9,5% en el tercer trimestre","author":"GB","date":"30\/12\/2021","format":false,"excerpt":"Se registraron subas interanuales tanto en la producci\u00f3n de servicios como en la producci\u00f3n de bienes en todo el territorio bonaerense. El ministerio de Hacienda y Finanzas inform\u00f3 que la actividad econ\u00f3mica de la Provincia registr\u00f3 en el tercer trimestre de 2021 un aumento del 9,5% respecto al mismo per\u00edodo\u2026","rel":"","context":"En \u00abProvincia\u00bb","block_context":{"text":"Provincia","link":"https:\/\/www.24baires.com\/?cat=40"},"img":{"alt_text":"","src":"https:\/\/i0.wp.com\/www.24baires.com\/wp-content\/uploads\/2020\/04\/supermercado.jpg?resize=350%2C200","width":350,"height":200,"srcset":"https:\/\/i0.wp.com\/www.24baires.com\/wp-content\/uploads\/2020\/04\/supermercado.jpg?resize=350%2C200 1x, https:\/\/i0.wp.com\/www.24baires.com\/wp-content\/uploads\/2020\/04\/supermercado.jpg?resize=525%2C300 1.5x"},"classes":[]},{"id":117103,"url":"https:\/\/www.24baires.com\/?p=117103","url_meta":{"origin":118270,"position":1},"title":"Provincia extiende el plazo de la oferta de canje de deuda","author":"GB","date":"01\/02\/2021","format":false,"excerpt":"Desde el ministerio de Hacienda que conduce Pablo L\u00f3pez sostuvieron que es otra muestra de \"buena fe\" con los bonistas. El gobierno bonaerense extendi\u00f3 el plazo de la oferta del canje de deuda bajo legislaci\u00f3n extranjera hasta el pr\u00f3ximo 26 de febrero de este a\u00f1o. Desde el ministerio de Hacienda\u2026","rel":"","context":"En \u00abEconom\u00eda\u00bb","block_context":{"text":"Econom\u00eda","link":"https:\/\/www.24baires.com\/?cat=45"},"img":{"alt_text":"","src":"https:\/\/i0.wp.com\/www.24baires.com\/wp-content\/uploads\/2020\/04\/kicillof.jpeg?resize=350%2C200","width":350,"height":200,"srcset":"https:\/\/i0.wp.com\/www.24baires.com\/wp-content\/uploads\/2020\/04\/kicillof.jpeg?resize=350%2C200 1x, https:\/\/i0.wp.com\/www.24baires.com\/wp-content\/uploads\/2020\/04\/kicillof.jpeg?resize=525%2C300 1.5x"},"classes":[]},{"id":120448,"url":"https:\/\/www.24baires.com\/?p=120448","url_meta":{"origin":118270,"position":2},"title":"La Provincia lleva 27 meses consecutivos de crecimiento en el empleo privado","author":"GB","date":"08\/09\/2023","format":false,"excerpt":"El ministro de Hacienda y Finanzas, Pablo L\u00f3pez, inform\u00f3 que desde el inicio de la gesti\u00f3n de Axel Kicillof se sumaron 132.000 trabajadores al sector. El ministro de Hacienda y Finanzas bonaerense, Pablo L\u00f3pez, inform\u00f3 que la Provincia lleva 27 meses consecutivos de crecimiento en el empleo asalariado registrado privado.\u2026","rel":"","context":"En \u00abProvincia\u00bb","block_context":{"text":"Provincia","link":"https:\/\/www.24baires.com\/?cat=40"},"img":{"alt_text":"","src":"https:\/\/i0.wp.com\/www.24baires.com\/wp-content\/uploads\/2021\/11\/busqueda-laboral-empleo-trabajojpg.jpg?resize=350%2C200","width":350,"height":200,"srcset":"https:\/\/i0.wp.com\/www.24baires.com\/wp-content\/uploads\/2021\/11\/busqueda-laboral-empleo-trabajojpg.jpg?resize=350%2C200 1x, https:\/\/i0.wp.com\/www.24baires.com\/wp-content\/uploads\/2021\/11\/busqueda-laboral-empleo-trabajojpg.jpg?resize=525%2C300 1.5x, https:\/\/i0.wp.com\/www.24baires.com\/wp-content\/uploads\/2021\/11\/busqueda-laboral-empleo-trabajojpg.jpg?resize=700%2C400 2x"},"classes":[]},{"id":115710,"url":"https:\/\/www.24baires.com\/?p=115710","url_meta":{"origin":118270,"position":3},"title":"Ponen en marcha el Programa de Preservaci\u00f3n del Trabajo","author":"GB","date":"22\/07\/2020","format":false,"excerpt":"La administraci\u00f3n provincial reglament\u00f3 la iniciativa que alcanza a aquellas pymes cuyas actividades se ven afectadas por el aislamiento social, preventivo y obligatorio. El Gobierno bonaerense oficializ\u00f3 este mi\u00e9rcoles la creaci\u00f3n del Programa de Preservaci\u00f3n del Trabajo (PPT), que apunta a contribuir al sostenimiento de las fuentes y puestos laborales\u2026","rel":"","context":"En \u00abProvincia\u00bb","block_context":{"text":"Provincia","link":"https:\/\/www.24baires.com\/?cat=40"},"img":{"alt_text":"","src":"https:\/\/i0.wp.com\/www.24baires.com\/wp-content\/uploads\/2016\/05\/pymes.jpg?resize=350%2C200","width":350,"height":200,"srcset":"https:\/\/i0.wp.com\/www.24baires.com\/wp-content\/uploads\/2016\/05\/pymes.jpg?resize=350%2C200 1x, https:\/\/i0.wp.com\/www.24baires.com\/wp-content\/uploads\/2016\/05\/pymes.jpg?resize=525%2C300 1.5x"},"classes":[]},{"id":118334,"url":"https:\/\/www.24baires.com\/?p=118334","url_meta":{"origin":118270,"position":4},"title":"Guzm\u00e1n dijo que el Presupuesto 2022 propicia \u00abla doble recuperaci\u00f3n econ\u00f3mica y sanitaria\u00bb","author":"AF","date":"13\/12\/2021","format":false,"excerpt":"El ministro de Econom\u00eda, junto con su equipo, expuso este lunes ante la comisi\u00f3n de Presupuesto los alcances de la propuesta que prev\u00e9 un crecimiento del 4% del PBI, una inflaci\u00f3n del 33% y un d\u00f3lar a $131,1. El ministro de Econom\u00eda, Mart\u00edn Guzm\u00e1n, asegur\u00f3 esta tarde que el Presupuesto\u2026","rel":"","context":"En \u00abEconom\u00eda\u00bb","block_context":{"text":"Econom\u00eda","link":"https:\/\/www.24baires.com\/?cat=45"},"img":{"alt_text":"","src":"https:\/\/i0.wp.com\/www.24baires.com\/wp-content\/uploads\/2021\/11\/guzman.jpg?resize=350%2C200","width":350,"height":200,"srcset":"https:\/\/i0.wp.com\/www.24baires.com\/wp-content\/uploads\/2021\/11\/guzman.jpg?resize=350%2C200 1x, https:\/\/i0.wp.com\/www.24baires.com\/wp-content\/uploads\/2021\/11\/guzman.jpg?resize=525%2C300 1.5x"},"classes":[]},{"id":116244,"url":"https:\/\/www.24baires.com\/?p=116244","url_meta":{"origin":118270,"position":5},"title":"Guzman present\u00f3 el presupuesto 2021","author":"GB","date":"16\/09\/2020","format":false,"excerpt":"El proyecto prev\u00e9 para esta a\u00f1o una ca\u00edda del PBI del 13,6% que se recuperar\u00eda a partir del a\u00f1o que viene con un crecimiento de mas de 5 puntos. Adem\u00e1s incluye por primera vez una perspectiva de g\u00e9nero El ministro de Econom\u00eda, Mart\u00edn Guzmanm present\u00f3 el proyecto de Presupuesto 2021,\u2026","rel":"","context":"En \u00abEconom\u00eda\u00bb","block_context":{"text":"Econom\u00eda","link":"https:\/\/www.24baires.com\/?cat=45"},"img":{"alt_text":"","src":"https:\/\/i0.wp.com\/www.24baires.com\/wp-content\/uploads\/2020\/05\/guzman-1.jpg?resize=350%2C200","width":350,"height":200,"srcset":"https:\/\/i0.wp.com\/www.24baires.com\/wp-content\/uploads\/2020\/05\/guzman-1.jpg?resize=350%2C200 1x, https:\/\/i0.wp.com\/www.24baires.com\/wp-content\/uploads\/2020\/05\/guzman-1.jpg?resize=525%2C300 1.5x"},"classes":[]}],"jetpack_sharing_enabled":true,"jetpack_likes_enabled":true,"_links":{"self":[{"href":"https:\/\/www.24baires.com\/index.php?rest_route=\/wp\/v2\/posts\/118270","targetHints":{"allow":["GET"]}}],"collection":[{"href":"https:\/\/www.24baires.com\/index.php?rest_route=\/wp\/v2\/posts"}],"about":[{"href":"https:\/\/www.24baires.com\/index.php?rest_route=\/wp\/v2\/types\/post"}],"author":[{"embeddable":true,"href":"https:\/\/www.24baires.com\/index.php?rest_route=\/wp\/v2\/users\/4"}],"replies":[{"embeddable":true,"href":"https:\/\/www.24baires.com\/index.php?rest_route=%2Fwp%2Fv2%2Fcomments&post=118270"}],"version-history":[{"count":1,"href":"https:\/\/www.24baires.com\/index.php?rest_route=\/wp\/v2\/posts\/118270\/revisions"}],"predecessor-version":[{"id":118272,"href":"https:\/\/www.24baires.com\/index.php?rest_route=\/wp\/v2\/posts\/118270\/revisions\/118272"}],"wp:attachment":[{"href":"https:\/\/www.24baires.com\/index.php?rest_route=%2Fwp%2Fv2%2Fmedia&parent=118270"}],"wp:term":[{"taxonomy":"category","embeddable":true,"href":"https:\/\/www.24baires.com\/index.php?rest_route=%2Fwp%2Fv2%2Fcategories&post=118270"},{"taxonomy":"post_tag","embeddable":true,"href":"https:\/\/www.24baires.com\/index.php?rest_route=%2Fwp%2Fv2%2Ftags&post=118270"}],"curies":[{"name":"wp","href":"https:\/\/api.w.org\/{rel}","templated":true}]}}