{"id":118254,"date":"2021-11-25T08:55:41","date_gmt":"2021-11-25T11:55:41","guid":{"rendered":"http:\/\/www.24baires.com\/?p=118254"},"modified":"2021-11-25T08:55:41","modified_gmt":"2021-11-25T11:55:41","slug":"guzman-estamos-viviendo-un-proceso-de-recuperacion-economica-muy-fuerte","status":"publish","type":"post","link":"https:\/\/www.24baires.com\/?p=118254","title":{"rendered":"Guzm\u00e1n: \u201cEstamos viviendo un proceso de recuperaci\u00f3n econ\u00f3mica muy fuerte\u201d"},"content":{"rendered":"<p><img data-recalc-dims=\"1\" loading=\"lazy\" decoding=\"async\" src=\"https:\/\/i0.wp.com\/www.24baires.com\/wp-content\/uploads\/2021\/11\/guzman.jpg?resize=560%2C420\" alt=\"\" width=\"560\" height=\"420\" class=\"aligncenter size-full wp-image-118255\" srcset=\"https:\/\/i0.wp.com\/www.24baires.com\/wp-content\/uploads\/2021\/11\/guzman.jpg?w=560&amp;ssl=1 560w, https:\/\/i0.wp.com\/www.24baires.com\/wp-content\/uploads\/2021\/11\/guzman.jpg?resize=300%2C225&amp;ssl=1 300w\" sizes=\"auto, (max-width: 560px) 100vw, 560px\" \/>Durante su exposici\u00f3n en el cierre de las Jornadas Monetarias 2021 organizadas por el Banco Central, el ministro de Econom\u00eda Mart\u00edn Guzm\u00e1n afirm\u00f3 que \u201cla econom\u00eda este a\u00f1o va a crecer m\u00e1s que el 9%\u201d.<!--more--><\/p>\n<p>El ministro de Econom\u00eda, Mart\u00edn Guzm\u00e1n, expuso este mi\u00e9rcoles en el cierre de las \u201cJornadas Monetarias y Bancarias 2021: Condiciones Macroecon\u00f3micas, Crecimiento y Distribuci\u00f3n. Problemas subyacentes de la econom\u00eda Global y lecciones de la pandemia\u201d, organizadas por el Banco Central de la Rep\u00fablica Argentina (BCRA).<\/p>\n<p>Durante su intervenci\u00f3n, el titular de la cartera econ\u00f3mica destac\u00f3 que las pol\u00edticas implementadas por el Gobierno nacional durante la pandemia para proteger al tejido productivo y a los sectores m\u00e1s vulnerables, permitieron que en 2021 estemos \u201cviviendo un proceso de recuperaci\u00f3n econ\u00f3mica que es fuerte\u201d.<\/p>\n<p>\u201cLa econom\u00eda va a crecer este a\u00f1o m\u00e1s que el 9%. La inversi\u00f3n en Argentina est\u00e1 creciendo, estimamos que en el a\u00f1o habr\u00e1 crecido m\u00e1s del 30%. Esto es bueno, porque no solo significa un impulso a la recuperaci\u00f3n, sino m\u00e1s capacidad productiva\u201d, agreg\u00f3 Guzm\u00e1n.<\/p>\n<p>En esta l\u00ednea, el ministro hizo hincapi\u00e9 en el incremento que se est\u00e1 registrando en el empleo y en las exportaciones en t\u00e9rminos de precios y vol\u00famenes, y se\u00f1al\u00f3 que \u201clo que se ve cuando comparamos con la foto de fines de 2020 es progreso\u201d.<\/p>\n","protected":false},"excerpt":{"rendered":"<p>Durante su exposici\u00f3n en el cierre de las Jornadas Monetarias 2021 organizadas por el Banco Central, el ministro de Econom\u00eda Mart\u00edn Guzm\u00e1n afirm\u00f3 que \u201cla econom\u00eda este a\u00f1o va a crecer m\u00e1s que el 9%\u201d.<\/p>\n","protected":false},"author":8,"featured_media":0,"comment_status":"open","ping_status":"open","sticky":false,"template":"","format":"standard","meta":{"_jetpack_newsletter_access":"","_jetpack_dont_email_post_to_subs":false,"_jetpack_newsletter_tier_id":0,"_jetpack_memberships_contains_paywalled_content":false,"_jetpack_memberships_contains_paid_content":false,"footnotes":""},"categories":[45],"tags":[],"class_list":["post-118254","post","type-post","status-publish","format-standard","hentry","category-economia"],"jetpack_featured_media_url":"","jetpack_shortlink":"https:\/\/wp.me\/p2JWE0-uLk","jetpack-related-posts":[{"id":116373,"url":"https:\/\/www.24baires.com\/?p=116373","url_meta":{"origin":118254,"position":0},"title":"Funcionarios de alto rango no podr\u00e1n comprar d\u00f3lar ahorro","author":"AF","date":"01\/10\/2020","format":false,"excerpt":"As\u00ed lo anticip\u00f3 el ministro de Econom\u00eda Mart\u00edn Guzm\u00e1n. \"Hay que generar confianza para generar ahorro en nuestra moneda\", plante\u00f3. El ministro de Econom\u00eda, Mart\u00edn Guzm\u00e1n, dijo hoy que \"no habr\u00e1\" nuevas medidas cambiarias y aclar\u00f3 que los funcionarios de alto rango no van a poder comprar d\u00f3lar ahorro. En\u2026","rel":"","context":"En \u00abSociedad\u00bb","block_context":{"text":"Sociedad","link":"https:\/\/www.24baires.com\/?cat=1"},"img":{"alt_text":"","src":"https:\/\/i0.wp.com\/www.24baires.com\/wp-content\/uploads\/2018\/04\/d%C3%B3lar.jpg?resize=350%2C200","width":350,"height":200,"srcset":"https:\/\/i0.wp.com\/www.24baires.com\/wp-content\/uploads\/2018\/04\/d%C3%B3lar.jpg?resize=350%2C200 1x, https:\/\/i0.wp.com\/www.24baires.com\/wp-content\/uploads\/2018\/04\/d%C3%B3lar.jpg?resize=525%2C300 1.5x"},"classes":[]},{"id":116296,"url":"https:\/\/www.24baires.com\/?p=116296","url_meta":{"origin":118254,"position":1},"title":"Guzm\u00e1n: el Presupuesto 2021 \u00abes un paso fundamental en el proceso de estabilizar la econom\u00eda\u00bb","author":"AF","date":"22\/09\/2020","format":false,"excerpt":"El ministro brinda detalles en comisi\u00f3n sobre los principales ejes que contempla un crecimiento del 5,5% del PBI y un gasto total de m\u00e1s de 8 billones de pesos. El ministro de Econom\u00eda, Mart\u00edn Guzm\u00e1n, afirm\u00f3 que \"estamos en una situaci\u00f3n muy dif\u00edcil en Argentina y en el mundo\" a\u2026","rel":"","context":"En \u00abEconom\u00eda\u00bb","block_context":{"text":"Econom\u00eda","link":"https:\/\/www.24baires.com\/?cat=45"},"img":{"alt_text":"","src":"https:\/\/i0.wp.com\/www.24baires.com\/wp-content\/uploads\/2020\/05\/guzman-1.jpg?resize=350%2C200","width":350,"height":200,"srcset":"https:\/\/i0.wp.com\/www.24baires.com\/wp-content\/uploads\/2020\/05\/guzman-1.jpg?resize=350%2C200 1x, https:\/\/i0.wp.com\/www.24baires.com\/wp-content\/uploads\/2020\/05\/guzman-1.jpg?resize=525%2C300 1.5x"},"classes":[]},{"id":116456,"url":"https:\/\/www.24baires.com\/?p=116456","url_meta":{"origin":118254,"position":2},"title":"El FMI dijo que Argentina caer\u00e1 este a\u00f1o y repuntar\u00e1 en 2021","author":"AF","date":"13\/10\/2020","format":false,"excerpt":"El FMI prev\u00e9 que la econom\u00eda argentina caer\u00e1 este a\u00f1o 11,8% y repuntar\u00e1 4,9% en 2021. El Fondo Monetario Internacional (FMI) vaticin\u00f3 hoy que la econom\u00eda argentina caer\u00e1 este a\u00f1o un 11,8% y repuntar\u00e1 el 4,9% durante 2021. As\u00ed lo indic\u00f3 en el Informe de Perspectivas Econ\u00f3micas (WEO, por sus\u2026","rel":"","context":"En \u00abEconom\u00eda\u00bb","block_context":{"text":"Econom\u00eda","link":"https:\/\/www.24baires.com\/?cat=45"},"img":{"alt_text":"","src":"https:\/\/i0.wp.com\/www.24baires.com\/wp-content\/uploads\/2019\/08\/fmi.jpg?resize=350%2C200","width":350,"height":200,"srcset":"https:\/\/i0.wp.com\/www.24baires.com\/wp-content\/uploads\/2019\/08\/fmi.jpg?resize=350%2C200 1x, https:\/\/i0.wp.com\/www.24baires.com\/wp-content\/uploads\/2019\/08\/fmi.jpg?resize=525%2C300 1.5x"},"classes":[]},{"id":117229,"url":"https:\/\/www.24baires.com\/?p=117229","url_meta":{"origin":118254,"position":3},"title":"Guzm\u00e1n: \u00abNo hay que pasarse de largo con la emisi\u00f3n monetaria\u00bb","author":"GB","date":"24\/02\/2021","format":false,"excerpt":"El ministro de Econom\u00eda, Mart\u00edn Guzm\u00e1n, habl\u00f3 sobre la situaci\u00f3n del pa\u00eds en torno a la pol\u00edtica fiscal y emisi\u00f3n monetaria. El ministro de Econom\u00eda, Mart\u00edn Guzm\u00e1n, habl\u00f3 en el marco de la gira que realiza junto con el presidente, Alberto Fern\u00e1ndez, por M\u00e9xico frente a un grupo de empresarios.\u2026","rel":"","context":"En \u00abEconom\u00eda\u00bb","block_context":{"text":"Econom\u00eda","link":"https:\/\/www.24baires.com\/?cat=45"},"img":{"alt_text":"","src":"https:\/\/i0.wp.com\/www.24baires.com\/wp-content\/uploads\/2021\/02\/guzman-hablo-la-emision-monetaria-y-las-tareas-bajar-los-precios-300x200.jpg?resize=350%2C200","width":350,"height":200},"classes":[]},{"id":118334,"url":"https:\/\/www.24baires.com\/?p=118334","url_meta":{"origin":118254,"position":4},"title":"Guzm\u00e1n dijo que el Presupuesto 2022 propicia \u00abla doble recuperaci\u00f3n econ\u00f3mica y sanitaria\u00bb","author":"AF","date":"13\/12\/2021","format":false,"excerpt":"El ministro de Econom\u00eda, junto con su equipo, expuso este lunes ante la comisi\u00f3n de Presupuesto los alcances de la propuesta que prev\u00e9 un crecimiento del 4% del PBI, una inflaci\u00f3n del 33% y un d\u00f3lar a $131,1. El ministro de Econom\u00eda, Mart\u00edn Guzm\u00e1n, asegur\u00f3 esta tarde que el Presupuesto\u2026","rel":"","context":"En \u00abEconom\u00eda\u00bb","block_context":{"text":"Econom\u00eda","link":"https:\/\/www.24baires.com\/?cat=45"},"img":{"alt_text":"","src":"https:\/\/i0.wp.com\/www.24baires.com\/wp-content\/uploads\/2021\/11\/guzman.jpg?resize=350%2C200","width":350,"height":200,"srcset":"https:\/\/i0.wp.com\/www.24baires.com\/wp-content\/uploads\/2021\/11\/guzman.jpg?resize=350%2C200 1x, https:\/\/i0.wp.com\/www.24baires.com\/wp-content\/uploads\/2021\/11\/guzman.jpg?resize=525%2C300 1.5x"},"classes":[]},{"id":118246,"url":"https:\/\/www.24baires.com\/?p=118246","url_meta":{"origin":118254,"position":5},"title":"Guzm\u00e1n: \u00abEl 11,6% de septiembre muestra la fortaleza y solidez del crecimiento\u00bb","author":"AF","date":"23\/11\/2021","format":false,"excerpt":"En base a los datos provistos por el Indec, el ministro de Econom\u00eda destac\u00f3 la proyecci\u00f3n del incremento del PBI en un 10% para este a\u00f1o. El ministro de Desarrollo Productivo, Mat\u00edas Kulfas, destac\u00f3 que la actividad econ\u00f3mica ya recuper\u00f3 \"todo lo perdido por la pandemia\". El nivel de actividad\u2026","rel":"","context":"En \u00abEconom\u00eda\u00bb","block_context":{"text":"Econom\u00eda","link":"https:\/\/www.24baires.com\/?cat=45"},"img":{"alt_text":"","src":"https:\/\/i0.wp.com\/www.24baires.com\/wp-content\/uploads\/2021\/11\/61714316e6f3e_900.jpg?resize=350%2C200","width":350,"height":200,"srcset":"https:\/\/i0.wp.com\/www.24baires.com\/wp-content\/uploads\/2021\/11\/61714316e6f3e_900.jpg?resize=350%2C200 1x, https:\/\/i0.wp.com\/www.24baires.com\/wp-content\/uploads\/2021\/11\/61714316e6f3e_900.jpg?resize=525%2C300 1.5x"},"classes":[]}],"jetpack_sharing_enabled":true,"jetpack_likes_enabled":true,"_links":{"self":[{"href":"https:\/\/www.24baires.com\/index.php?rest_route=\/wp\/v2\/posts\/118254","targetHints":{"allow":["GET"]}}],"collection":[{"href":"https:\/\/www.24baires.com\/index.php?rest_route=\/wp\/v2\/posts"}],"about":[{"href":"https:\/\/www.24baires.com\/index.php?rest_route=\/wp\/v2\/types\/post"}],"author":[{"embeddable":true,"href":"https:\/\/www.24baires.com\/index.php?rest_route=\/wp\/v2\/users\/8"}],"replies":[{"embeddable":true,"href":"https:\/\/www.24baires.com\/index.php?rest_route=%2Fwp%2Fv2%2Fcomments&post=118254"}],"version-history":[{"count":1,"href":"https:\/\/www.24baires.com\/index.php?rest_route=\/wp\/v2\/posts\/118254\/revisions"}],"predecessor-version":[{"id":118256,"href":"https:\/\/www.24baires.com\/index.php?rest_route=\/wp\/v2\/posts\/118254\/revisions\/118256"}],"wp:attachment":[{"href":"https:\/\/www.24baires.com\/index.php?rest_route=%2Fwp%2Fv2%2Fmedia&parent=118254"}],"wp:term":[{"taxonomy":"category","embeddable":true,"href":"https:\/\/www.24baires.com\/index.php?rest_route=%2Fwp%2Fv2%2Fcategories&post=118254"},{"taxonomy":"post_tag","embeddable":true,"href":"https:\/\/www.24baires.com\/index.php?rest_route=%2Fwp%2Fv2%2Ftags&post=118254"}],"curies":[{"name":"wp","href":"https:\/\/api.w.org\/{rel}","templated":true}]}}