{"id":118246,"date":"2021-11-23T18:54:49","date_gmt":"2021-11-23T21:54:49","guid":{"rendered":"http:\/\/www.24baires.com\/?p=118246"},"modified":"2021-11-23T18:54:49","modified_gmt":"2021-11-23T21:54:49","slug":"guzman-el-116-de-septiembre-muestra-la-fortaleza-y-solidez-del-crecimiento","status":"publish","type":"post","link":"https:\/\/www.24baires.com\/?p=118246","title":{"rendered":"Guzm\u00e1n: \u00abEl 11,6% de septiembre muestra la fortaleza y solidez del crecimiento\u00bb"},"content":{"rendered":"<p><img data-recalc-dims=\"1\" loading=\"lazy\" decoding=\"async\" src=\"https:\/\/i0.wp.com\/www.24baires.com\/wp-content\/uploads\/2021\/11\/61714316e6f3e_900.jpg?resize=560%2C314\" alt=\"\" width=\"560\" height=\"314\" class=\"aligncenter size-full wp-image-118247\" srcset=\"https:\/\/i0.wp.com\/www.24baires.com\/wp-content\/uploads\/2021\/11\/61714316e6f3e_900.jpg?w=560&amp;ssl=1 560w, https:\/\/i0.wp.com\/www.24baires.com\/wp-content\/uploads\/2021\/11\/61714316e6f3e_900.jpg?resize=300%2C168&amp;ssl=1 300w\" sizes=\"auto, (max-width: 560px) 100vw, 560px\" \/>En base a los datos provistos por el Indec, el ministro de Econom\u00eda destac\u00f3 la proyecci\u00f3n del incremento del PBI en un 10% para este a\u00f1o. El ministro de Desarrollo Productivo, Mat\u00edas Kulfas, destac\u00f3 que la actividad econ\u00f3mica ya recuper\u00f3 \u00abtodo lo perdido por la pandemia\u00bb.<!--more--><\/p>\n<p>El nivel de actividad econ\u00f3mica creci\u00f3 durante septiembre 11,6% respecto a igual mes del a\u00f1o pasado, inform\u00f3 este martes el Instituto Nacional de Estad\u00edstica y Censos (Indec).<\/p>\n<p>Adem\u00e1s, el Estimador Mensual de la Actividad Econ\u00f3mica (EMAE) registr\u00f3 en septiembre un avance del 1,2% respecto a agosto y acumul\u00f3 una suba del 10,9% en los primeros diez meses del a\u00f1o.<\/p>\n<p>Luego de conocerse los n\u00fameros de septiembre, el ministro de Econom\u00eda, Mart\u00edn Guzm\u00e1n, subray\u00f3 que la mejora de 11,6% \u00abmuestra lo fuerte y s\u00f3lida que est\u00e1 resultando la recuperaci\u00f3n econ\u00f3mica\u00bb.<\/p>\n<p>\u00abCon esta evoluci\u00f3n de la actividad consecuente con la pol\u00edtica econ\u00f3mica para la recuperaci\u00f3n que estamos llevando a cabo, proyectamos un crecimiento del PIB para 2021 de casi 10%\u00bb, acot\u00f3 el ministro.<br \/>\nPor su parte, el ministro de Desarrollo Productivo, Mat\u00edas Kulfas, destac\u00f3 que la actividad econ\u00f3mica ya recuper\u00f3 \u00abtodo lo perdido por la pandemia\u00bb y empieza a recuperar la retracci\u00f3n registrada durante el gobierno de Cambiemos, al destacar que septiembre alcanz\u00f3 \u00abel mayor nivel en m\u00e1s de tres a\u00f1os\u00bb.<\/p>\n<p>\u201cEl incremento de la circulaci\u00f3n est\u00e1 impactando directamente en las actividades m\u00e1s castigadas por la pandemia, tales como gastronom\u00eda, turismo, servicios recreativos y culturales, el transporte de pasajeros y ciertos segmentos del comercio minorista, particularmente el de indumentaria y calzado\u201d, sostuvo Kulfas en su cuenta en la red social Twitter.<\/p>\n<p>A lo que agreg\u00f3 que, \u201cseg\u00fan los datos adelantados de octubre, basados en el consumo de energ\u00eda de la industria, en ese mes la producci\u00f3n creci\u00f3 2,4% respecto a octubre de 2019, con 9 de 14 sectores industriales en expansi\u00f3n frente a 2019\u201d.<\/p>\n","protected":false},"excerpt":{"rendered":"<p>En base a los datos provistos por el Indec, el ministro de Econom\u00eda destac\u00f3 la proyecci\u00f3n del incremento del PBI en un 10% para este a\u00f1o. El ministro de Desarrollo Productivo, Mat\u00edas Kulfas, destac\u00f3 que la actividad econ\u00f3mica ya recuper\u00f3 \u00abtodo lo perdido por la pandemia\u00bb.<\/p>\n","protected":false},"author":4,"featured_media":0,"comment_status":"open","ping_status":"open","sticky":false,"template":"","format":"standard","meta":{"_jetpack_newsletter_access":"","_jetpack_dont_email_post_to_subs":false,"_jetpack_newsletter_tier_id":0,"_jetpack_memberships_contains_paywalled_content":false,"_jetpack_memberships_contains_paid_content":false,"footnotes":""},"categories":[45],"tags":[],"class_list":["post-118246","post","type-post","status-publish","format-standard","hentry","category-economia"],"jetpack_featured_media_url":"","jetpack_shortlink":"https:\/\/wp.me\/p2JWE0-uLc","jetpack-related-posts":[{"id":110955,"url":"https:\/\/www.24baires.com\/?p=110955","url_meta":{"origin":118246,"position":0},"title":"La actividad econ\u00f3mica cay\u00f3 un 1,3% en abril","author":"AF","date":"26\/06\/2019","format":false,"excerpt":"De esta manera, la actividad econ\u00f3mica cay\u00f3 en el cuarto mes del a\u00f1o por duod\u00e9cima vez consecutiva, aunque la contracci\u00f3n fue la menos lesiva de todas las precedentes. La actividad econ\u00f3mica se redujo en abril un 1,3 por ciento respecto del mismo mes de 2018, aunque la agricultura y la\u2026","rel":"","context":"En \u00abEconom\u00eda\u00bb","block_context":{"text":"Econom\u00eda","link":"https:\/\/www.24baires.com\/?cat=45"},"img":{"alt_text":"","src":"https:\/\/i0.wp.com\/www.24baires.com\/wp-content\/uploads\/2018\/05\/industriales.jpg?resize=350%2C200","width":350,"height":200,"srcset":"https:\/\/i0.wp.com\/www.24baires.com\/wp-content\/uploads\/2018\/05\/industriales.jpg?resize=350%2C200 1x, https:\/\/i0.wp.com\/www.24baires.com\/wp-content\/uploads\/2018\/05\/industriales.jpg?resize=525%2C300 1.5x"},"classes":[]},{"id":57273,"url":"https:\/\/www.24baires.com\/?p=57273","url_meta":{"origin":118246,"position":1},"title":"El desempleo lleg\u00f3 al 7,5% seg\u00fan Indec","author":"Grupo Sierra","date":"17\/11\/2014","format":false,"excerpt":"Presentaron un informe que precis\u00f3 la cifra subi\u00f3 con respecto al 6,8% que presentaba en el igual per\u00edodo de 2013. Mar del Plata lidera la lista de la Provincia y es la tercera del pa\u00eds con mayor desocupaci\u00f3n. El organismo dio cuenta tambi\u00e9n que la subocupaci\u00f3n demandante, entendida esta como\u2026","rel":"","context":"En \u00abEconom\u00eda\u00bb","block_context":{"text":"Econom\u00eda","link":"https:\/\/www.24baires.com\/?cat=45"},"img":{"alt_text":"busca trabajo desempleo","src":"https:\/\/i0.wp.com\/www.24baires.com\/wp-content\/uploads\/2014\/11\/busca-trabajo-desempleo.jpg?resize=350%2C200","width":350,"height":200,"srcset":"https:\/\/i0.wp.com\/www.24baires.com\/wp-content\/uploads\/2014\/11\/busca-trabajo-desempleo.jpg?resize=350%2C200 1x, https:\/\/i0.wp.com\/www.24baires.com\/wp-content\/uploads\/2014\/11\/busca-trabajo-desempleo.jpg?resize=525%2C300 1.5x"},"classes":[]},{"id":90414,"url":"https:\/\/www.24baires.com\/?p=90414","url_meta":{"origin":118246,"position":2},"title":"Seg\u00fan el Indec, la industria cay\u00f3 8% en octubre","author":"GB","date":"30\/11\/2016","format":false,"excerpt":"La actividad fabril acumul\u00f3 una baja del 4,9% en diez meses. La manufacturera acumul\u00f3 una contracci\u00f3n de 4,9%, comparando con igual per\u00edodo del a\u00f1o pasado. La producci\u00f3n industrial en octubre cay\u00f3 8% en forma interanual, con bajas generalizadas en todos los sectores, de acuerdo al informe del INDEC. En el\u2026","rel":"","context":"En \u00abEconom\u00eda\u00bb","block_context":{"text":"Econom\u00eda","link":"https:\/\/www.24baires.com\/?cat=45"},"img":{"alt_text":"indec","src":"https:\/\/i0.wp.com\/www.24baires.com\/wp-content\/uploads\/2013\/02\/indec-300x225.jpg?resize=350%2C200","width":350,"height":200},"classes":[]},{"id":97762,"url":"https:\/\/www.24baires.com\/?p=97762","url_meta":{"origin":118246,"position":3},"title":"El Indec asegura que se registr\u00f3 una leve baja en la pobreza","author":"AF","date":"28\/09\/2017","format":false,"excerpt":"Durante el primer semestre de este a\u00f1o, seg\u00fan el Instituto Nacional de Estad\u00edstica y Censos, la indigencia alcanz\u00f3 al 6,1%, frente al 6,2% del anterior reporte. Y la pobreza en 28,6% del pa\u00eds, lo que implica que hay alrededor de 11,6 millones de pobres. El \u00cdndice de pobreza baj\u00f3 en\u2026","rel":"","context":"En \u00abSociedad\u00bb","block_context":{"text":"Sociedad","link":"https:\/\/www.24baires.com\/?cat=1"},"img":{"alt_text":"","src":"https:\/\/i0.wp.com\/www.24baires.com\/wp-content\/uploads\/2017\/06\/pobreza.jpg?resize=350%2C200","width":350,"height":200,"srcset":"https:\/\/i0.wp.com\/www.24baires.com\/wp-content\/uploads\/2017\/06\/pobreza.jpg?resize=350%2C200 1x, https:\/\/i0.wp.com\/www.24baires.com\/wp-content\/uploads\/2017\/06\/pobreza.jpg?resize=525%2C300 1.5x"},"classes":[]},{"id":91124,"url":"https:\/\/www.24baires.com\/?p=91124","url_meta":{"origin":118246,"position":4},"title":"La actividad econ\u00f3mica se desplom\u00f3 un 4,7% en octubre","author":"GB","date":"27\/12\/2016","format":false,"excerpt":"Seg\u00fan el Indec, el nivel de actividad econ\u00f3mica se desmoron\u00f3 un 4,7% en octubre en relaci\u00f3n al mismo mes de 2015. \"La ca\u00edda en la actividad econ\u00f3mica fue m\u00e1s profunda de lo que pens\u00e1bamos\", reconoci\u00f3 el echado Prat-Gay. Siguen sum\u00e1ndose los datos que desmienten el comienzo de la salida a\u2026","rel":"","context":"En \u00abEconom\u00eda\u00bb","block_context":{"text":"Econom\u00eda","link":"https:\/\/www.24baires.com\/?cat=45"},"img":{"alt_text":"","src":"https:\/\/i0.wp.com\/www.24baires.com\/wp-content\/uploads\/2016\/07\/industria.jpg?resize=350%2C200","width":350,"height":200},"classes":[]},{"id":105584,"url":"https:\/\/www.24baires.com\/?p=105584","url_meta":{"origin":118246,"position":5},"title":"La econom\u00eda registr\u00f3 una ca\u00edda interanual del 5,8%","author":"AF","date":"23\/11\/2018","format":false,"excerpt":"De acuerdo a las cifras del Indec, es la segunda mayor baja del a\u00f1o y la sexta consecutiva. En lo que va de 2018 la econom\u00eda se contrajo 1,5 por ciento. La econom\u00eda registr\u00f3 en septiembre una ca\u00edda interanual del 5,8 por ciento, seg\u00fan los datos del Estimador Mensual de\u2026","rel":"","context":"En \u00abEconom\u00eda\u00bb","block_context":{"text":"Econom\u00eda","link":"https:\/\/www.24baires.com\/?cat=45"},"img":{"alt_text":"","src":"https:\/\/i0.wp.com\/www.24baires.com\/wp-content\/uploads\/2018\/11\/industria.jpg?resize=350%2C200","width":350,"height":200,"srcset":"https:\/\/i0.wp.com\/www.24baires.com\/wp-content\/uploads\/2018\/11\/industria.jpg?resize=350%2C200 1x, https:\/\/i0.wp.com\/www.24baires.com\/wp-content\/uploads\/2018\/11\/industria.jpg?resize=525%2C300 1.5x"},"classes":[]}],"jetpack_sharing_enabled":true,"jetpack_likes_enabled":true,"_links":{"self":[{"href":"https:\/\/www.24baires.com\/index.php?rest_route=\/wp\/v2\/posts\/118246","targetHints":{"allow":["GET"]}}],"collection":[{"href":"https:\/\/www.24baires.com\/index.php?rest_route=\/wp\/v2\/posts"}],"about":[{"href":"https:\/\/www.24baires.com\/index.php?rest_route=\/wp\/v2\/types\/post"}],"author":[{"embeddable":true,"href":"https:\/\/www.24baires.com\/index.php?rest_route=\/wp\/v2\/users\/4"}],"replies":[{"embeddable":true,"href":"https:\/\/www.24baires.com\/index.php?rest_route=%2Fwp%2Fv2%2Fcomments&post=118246"}],"version-history":[{"count":1,"href":"https:\/\/www.24baires.com\/index.php?rest_route=\/wp\/v2\/posts\/118246\/revisions"}],"predecessor-version":[{"id":118248,"href":"https:\/\/www.24baires.com\/index.php?rest_route=\/wp\/v2\/posts\/118246\/revisions\/118248"}],"wp:attachment":[{"href":"https:\/\/www.24baires.com\/index.php?rest_route=%2Fwp%2Fv2%2Fmedia&parent=118246"}],"wp:term":[{"taxonomy":"category","embeddable":true,"href":"https:\/\/www.24baires.com\/index.php?rest_route=%2Fwp%2Fv2%2Fcategories&post=118246"},{"taxonomy":"post_tag","embeddable":true,"href":"https:\/\/www.24baires.com\/index.php?rest_route=%2Fwp%2Fv2%2Ftags&post=118246"}],"curies":[{"name":"wp","href":"https:\/\/api.w.org\/{rel}","templated":true}]}}