{"id":11813,"date":"2013-01-11T11:00:34","date_gmt":"2013-01-11T14:00:34","guid":{"rendered":"http:\/\/www.24baires.com\/?p=11813"},"modified":"2013-01-11T11:00:40","modified_gmt":"2013-01-11T14:00:40","slug":"autonomistas-de-quequen-no-cortaran-la-ruta-2-solo-se-manifestaran-sobre-la-banquina","status":"publish","type":"post","link":"https:\/\/www.24baires.com\/?p=11813","title":{"rendered":"Autonomistas de Quequ\u00e9n no cortar\u00e1n la Ruta 2, s\u00f3lo se manifestar\u00e1n sobre la banquina"},"content":{"rendered":"<p><a href=\"http:\/\/www.24baires.com\/sociedad\/11813-autonomistas-de-quequen-no-cortaran-la-ruta-2-solo-se-manifestaran-sobre-la-banquina\/attachment\/autonomistas-quequen-4\/\" rel=\"attachment wp-att-11814\"><img data-recalc-dims=\"1\" loading=\"lazy\" decoding=\"async\" class=\"alignleft size-full wp-image-11814\" alt=\"autonomistas quequ\u00e9n 4\" src=\"https:\/\/i0.wp.com\/www.24baires.com\/wp-content\/uploads\/2013\/01\/autonomistas-quequ%C3%A9n-4.jpg?resize=300%2C200\" width=\"300\" height=\"200\" \/><\/a>Los manifestantes s\u00f3lo estar\u00e1n en la banquina de la autov\u00eda con pancartas en respaldo de su reclamo.<!--more--><br \/>\nEl integrante del movimiento autonomista de Quequ\u00e9n, Mat\u00edas Asife, dijo que estuvimos en la Carpa de la Esperanza para preparar las actividades que se realizar\u00e1n este fin de semana en la Autov\u00eda 2. Al respecto, destac\u00f3 que durante la protesta no se va a cortar la ruta ya que rige una medida cautelar que impide estar sobre la calzada y, por lo tanto, se estar\u00e1 en la banquina con pancartas para hacer o\u00edr los reclamos.<\/p>\n<p>Asife sostuvo que \u201cla medida cautelar fue dictada en diciembre a pedido del ministro de Seguridad, Ricardo Casal, y nosotros respetamos esa decisi\u00f3n\u201d.<\/p>\n<p>Asife agreg\u00f3 que \u201cen estos d\u00edas vamos a ir a Plaza de Mayo para que la autoridad m\u00e1xima del pa\u00eds sepa que en la provincia de Buenos Aires no pueden existir nuevos municipios y eso no tiene fundamento desde nuestro punto de vista\u201d.<\/p>\n<p>Precis\u00f3 que \u201cnosotros creemos que Quequ\u00e9n es viable y hay una injusticia terrible ya que el puerto export\u00f3 7 toneladas de cereales. Esto quiere decir que un mont\u00f3n de recursos volver\u00edan a Quequ\u00e9n que hoy los toma Necochea\u201d.<\/p>\n<p>A\u00f1adi\u00f3 que \u201cQuequ\u00e9n tiene 600 mil pesos anuales de presupuesto para 26.000 habitantes y que no se ejecuta en su totalidad por eso la injusticia es terrible\u201d.<\/p>\n<p>Asife se\u00f1al\u00f3 que \u201cm\u00e1s all\u00e1 de la autonom\u00eda en el medio se puede ir haciendo cosas para mejorar la calidad de vida de los habitantes y eso no se hace. Por ejemplo, todos los efluentes cloacales de Necochea van a parar a Quequ\u00e9n\u201d.<\/p>\n<p>&nbsp;<\/p>\n<p>&nbsp;<\/p>\n<p>&nbsp;<\/p>\n<p>&nbsp;<\/p>\n<p>&nbsp;<\/p>\n<p>&nbsp;<\/p>\n<p>&nbsp;<\/p>\n<p>&nbsp;<\/p>\n<p>&nbsp;<\/p>\n<p>&nbsp;<\/p>\n<p>&nbsp;<\/p>\n<p>&nbsp;<\/p>\n<p>&nbsp;<\/p>\n<p>&nbsp;<\/p>\n<p>&nbsp;<\/p>\n<p>&nbsp;<\/p>\n<p>&nbsp;<\/p>\n<p>&nbsp;<\/p>\n<p>&nbsp;<\/p>\n<p>&nbsp;<\/p>\n<p>&nbsp;<\/p>\n<p>&nbsp;<\/p>\n<p>&nbsp;<\/p>\n<p>&nbsp;<\/p>\n<p>&nbsp;<\/p>\n<p>&nbsp;<\/p>\n<p>&nbsp;<\/p>\n<p>&nbsp;<\/p>\n","protected":false},"excerpt":{"rendered":"<p>Los manifestantes s\u00f3lo estar\u00e1n en la banquina de la autov\u00eda con pancartas en respaldo de su reclamo.<\/p>\n","protected":false},"author":4,"featured_media":0,"comment_status":"open","ping_status":"open","sticky":false,"template":"","format":"standard","meta":{"_jetpack_newsletter_access":"","_jetpack_dont_email_post_to_subs":false,"_jetpack_newsletter_tier_id":0,"_jetpack_memberships_contains_paywalled_content":false,"_jetpack_memberships_contains_paid_content":false,"footnotes":""},"categories":[1],"tags":[],"class_list":["post-11813","post","type-post","status-publish","format-standard","hentry","category-sociedad"],"jetpack_featured_media_url":"","jetpack_shortlink":"https:\/\/wp.me\/p2JWE0-34x","jetpack-related-posts":[{"id":1489,"url":"https:\/\/www.24baires.com\/?p=1489","url_meta":{"origin":11813,"position":0},"title":"Autonomistas de Quequ\u00e9n satisfechos por su reclamo en la Autov\u00eda 2","author":"AF","date":"09\/10\/2012","format":false,"excerpt":"Los autonomistas de Quequ\u00e9n volvieron a publicitar su reclamo para la creaci\u00f3n de un nuevo municipio y los principales receptores del pedido fueron todos los turistas que regresaban ayer de la Costa Atl\u00e1ntica, luego de pasar el fin de semana largo correspondiente al 12 de octubre. El grupo de manifestantes\u2026","rel":"","context":"En \u00abMunicipios\u00bb","block_context":{"text":"Municipios","link":"https:\/\/www.24baires.com\/?cat=44"},"img":{"alt_text":"","src":"https:\/\/i0.wp.com\/www.24baires.com\/wp-content\/uploads\/2012\/10\/autonomistasquequen.jpg?resize=350%2C200","width":350,"height":200},"classes":[]},{"id":106084,"url":"https:\/\/www.24baires.com\/?p=106084","url_meta":{"origin":11813,"position":1},"title":"Volc\u00f3 un micro que se dirig\u00eda a Mar del Plata","author":"GB","date":"26\/12\/2018","format":false,"excerpt":"Un colectivo que viajaba a Mar del Plata por la Autov\u00eda 2 volc\u00f3 esta madrugada a la altura del partido bonaerense de Castelli, y varios pasajeros resultaron heridos, tres de ellos de gravedad. El hecho ocurri\u00f3 cerca de las 4.30 en el kil\u00f3metro 185 de la autov\u00eda, cuando un micro\u2026","rel":"","context":"En \u00abSociedad\u00bb","block_context":{"text":"Sociedad","link":"https:\/\/www.24baires.com\/?cat=1"},"img":{"alt_text":"","src":"https:\/\/i0.wp.com\/www.24baires.com\/wp-content\/uploads\/2018\/12\/vuelco-micros-castelli-300x200.jpg?resize=350%2C200","width":350,"height":200},"classes":[]},{"id":120720,"url":"https:\/\/www.24baires.com\/?p=120720","url_meta":{"origin":11813,"position":2},"title":"Ruta 11: Arrancan las obras para la autov\u00eda entre Villa Gesell y Mar Chiquita","author":"GB","date":"05\/12\/2023","format":false,"excerpt":"La intervenci\u00f3n sobre Ruta 11, entre Villa Gesell \u2013 Mar Chiquita cuenta con una inversi\u00f3n de 130 millones de d\u00f3lares con fondos del BID. En medio de la incertidumbre ante la posible paralizaci\u00f3n de la obra p\u00fablica nacional y su impacto en las ciudades bonaerenses, una importante noticia fue confirmada\u2026","rel":"","context":"En \u00abProvincia\u00bb","block_context":{"text":"Provincia","link":"https:\/\/www.24baires.com\/?cat=40"},"img":{"alt_text":"","src":"https:\/\/i0.wp.com\/www.24baires.com\/wp-content\/uploads\/2023\/12\/autopista.webp?resize=350%2C200","width":350,"height":200,"srcset":"https:\/\/i0.wp.com\/www.24baires.com\/wp-content\/uploads\/2023\/12\/autopista.webp?resize=350%2C200 1x, https:\/\/i0.wp.com\/www.24baires.com\/wp-content\/uploads\/2023\/12\/autopista.webp?resize=525%2C300 1.5x, https:\/\/i0.wp.com\/www.24baires.com\/wp-content\/uploads\/2023\/12\/autopista.webp?resize=700%2C400 2x"},"classes":[]},{"id":113597,"url":"https:\/\/www.24baires.com\/?p=113597","url_meta":{"origin":11813,"position":3},"title":"Volc\u00f3 un micro en la autov\u00eda 2: hay dos heridos graves","author":"GB","date":"27\/12\/2019","format":false,"excerpt":"El accidente ocurri\u00f3 en el kil\u00f3metro 373 a la altura de Vivorat\u00e1. Dos menores se encuentran internados en terapia intensiva del Hospital Materno Infantil. En total hay, al menos, 30 lesionados. Un micro de larga distancia con m\u00e1s de 50 pasajeros a bordo volc\u00f3 este viernes a la ma\u00f1ana en\u2026","rel":"","context":"En \u00abMunicipios\u00bb","block_context":{"text":"Municipios","link":"https:\/\/www.24baires.com\/?cat=44"},"img":{"alt_text":"","src":"https:\/\/i0.wp.com\/www.24baires.com\/wp-content\/uploads\/2019\/12\/vuelco-micro.jpg?resize=350%2C200","width":350,"height":200,"srcset":"https:\/\/i0.wp.com\/www.24baires.com\/wp-content\/uploads\/2019\/12\/vuelco-micro.jpg?resize=350%2C200 1x, https:\/\/i0.wp.com\/www.24baires.com\/wp-content\/uploads\/2019\/12\/vuelco-micro.jpg?resize=525%2C300 1.5x"},"classes":[]},{"id":59283,"url":"https:\/\/www.24baires.com\/?p=59283","url_meta":{"origin":11813,"position":4},"title":"Un gremio docente lleva su protesta a las rutas","author":"GB","date":"29\/12\/2014","format":false,"excerpt":"La FEB, uno de los sindicatos bonaerenses m\u00e1s importantes del sector, estar\u00e1n en algunas de las arterias m\u00e1s importantes. No para interrumpir el tr\u00e1nsito, sino de volanteada y a la espera de explicar su situaci\u00f3n. En medio de los encontronazos por la negociaci\u00f3n salarial con la Provincia de Buenos Aires,\u2026","rel":"","context":"En \u00abPol\u00edtica\u00bb","block_context":{"text":"Pol\u00edtica","link":"https:\/\/www.24baires.com\/?cat=51"},"img":{"alt_text":"feb","src":"https:\/\/i0.wp.com\/www.24baires.com\/wp-content\/uploads\/2013\/06\/feb.jpg?resize=350%2C200","width":350,"height":200,"srcset":"https:\/\/i0.wp.com\/www.24baires.com\/wp-content\/uploads\/2013\/06\/feb.jpg?resize=350%2C200 1x, https:\/\/i0.wp.com\/www.24baires.com\/wp-content\/uploads\/2013\/06\/feb.jpg?resize=525%2C300 1.5x"},"classes":[]},{"id":11611,"url":"https:\/\/www.24baires.com\/?p=11611","url_meta":{"origin":11813,"position":5},"title":"Autonomistas de Quequ\u00e9n volver\u00e1n a reclamar sobre la ruta 2 este fin de semana","author":"AF","date":"09\/01\/2013","format":false,"excerpt":"Luego de los impedimentos que tuvieron para manifestarse el pasado 28 de diciembre, los Autoconvocados en la Carpa de la Esperanza y la Comisi\u00f3n para el Reconocimiento del Municipio de Quequ\u00e9n, se movilizar\u00e1n nuevamente a la autov\u00eda 2 el pr\u00f3ximo viernes, s\u00e1bado y domingo. Si bien no precisaron el sitio\u2026","rel":"","context":"En \u00abSociedad\u00bb","block_context":{"text":"Sociedad","link":"https:\/\/www.24baires.com\/?cat=1"},"img":{"alt_text":"autonomistas quequ\u00e9n 3","src":"https:\/\/i0.wp.com\/www.24baires.com\/wp-content\/uploads\/2013\/01\/autonomistas-quequ%C3%A9n-3-300x185.jpg?resize=350%2C200","width":350,"height":200},"classes":[]}],"jetpack_sharing_enabled":true,"jetpack_likes_enabled":true,"_links":{"self":[{"href":"https:\/\/www.24baires.com\/index.php?rest_route=\/wp\/v2\/posts\/11813","targetHints":{"allow":["GET"]}}],"collection":[{"href":"https:\/\/www.24baires.com\/index.php?rest_route=\/wp\/v2\/posts"}],"about":[{"href":"https:\/\/www.24baires.com\/index.php?rest_route=\/wp\/v2\/types\/post"}],"author":[{"embeddable":true,"href":"https:\/\/www.24baires.com\/index.php?rest_route=\/wp\/v2\/users\/4"}],"replies":[{"embeddable":true,"href":"https:\/\/www.24baires.com\/index.php?rest_route=%2Fwp%2Fv2%2Fcomments&post=11813"}],"version-history":[{"count":2,"href":"https:\/\/www.24baires.com\/index.php?rest_route=\/wp\/v2\/posts\/11813\/revisions"}],"predecessor-version":[{"id":11816,"href":"https:\/\/www.24baires.com\/index.php?rest_route=\/wp\/v2\/posts\/11813\/revisions\/11816"}],"wp:attachment":[{"href":"https:\/\/www.24baires.com\/index.php?rest_route=%2Fwp%2Fv2%2Fmedia&parent=11813"}],"wp:term":[{"taxonomy":"category","embeddable":true,"href":"https:\/\/www.24baires.com\/index.php?rest_route=%2Fwp%2Fv2%2Fcategories&post=11813"},{"taxonomy":"post_tag","embeddable":true,"href":"https:\/\/www.24baires.com\/index.php?rest_route=%2Fwp%2Fv2%2Ftags&post=11813"}],"curies":[{"name":"wp","href":"https:\/\/api.w.org\/{rel}","templated":true}]}}