{"id":11811,"date":"2013-01-11T09:50:25","date_gmt":"2013-01-11T12:50:25","guid":{"rendered":"http:\/\/www.24baires.com\/?p=11811"},"modified":"2013-01-11T11:20:43","modified_gmt":"2013-01-11T14:20:43","slug":"promulgarian-este-viernes-el-traspaso-a-provincia-de-la-autopista-buenos-aires-la-plata","status":"publish","type":"post","link":"https:\/\/www.24baires.com\/?p=11811","title":{"rendered":"Promulgar\u00edan el traspaso a Provincia de la Autopista Buenos Aires &#8211; La Plata"},"content":{"rendered":"<p>El gobernador Daniel Scioli firm\u00f3 un decreto que dispone el traspaso de la Autopista Buenos Aires \u2013 La Plata de la \u00f3rbita nacional a la Provincial. En tanto, la norma podr\u00eda entrar en vigencia este viernes, luego de ser publicada en el Bolet\u00edn Oficial, seg\u00fan publica la agencia DIB.<!--more--><\/p>\n<p>Asimismo, este viernes se adjudicar\u00e1 la licitaci\u00f3n para la obra de la Ruta 6, el tercer anillo de circunvalaci\u00f3n que une los puertos de Z\u00e1rate &#8211; Campana con la ruta 215, con trabajos de repavimentaci\u00f3n, reemplazo de lozas, banquinas y se\u00f1alizaci\u00f3n a lo largo de unos 170 kil\u00f3metros.<\/p>\n<p>\u201cUna ruta central para el desarrollo productivo, sin tramos urbanos, que permitir\u00e1, con un buen estado y una doble v\u00eda, tener condiciones de tr\u00e1nsito que aseguren competitividad\u201d, expres\u00f3 e l ministro de Infraestructura bonaerenses, Alejandro Arl\u00eda, y coment\u00f3 que est\u00e1n trabajando con la ciudad de La Plata para poder unir esta ruta al puerto de la Ciudad Capital.<\/p>\n<p>&nbsp;<\/p>\n<p>&nbsp;<\/p>\n<p>&nbsp;<\/p>\n<p>&nbsp;<\/p>\n<p>&nbsp;<\/p>\n<p>&nbsp;<\/p>\n<p>&nbsp;<\/p>\n<p>&nbsp;<\/p>\n<p>&nbsp;<\/p>\n<p>&nbsp;<\/p>\n<p>&nbsp;<\/p>\n<p>&nbsp;<\/p>\n<p>&nbsp;<\/p>\n<p>&nbsp;<\/p>\n<p>&nbsp;<\/p>\n<p>&nbsp;<\/p>\n<p>&nbsp;<\/p>\n<p>&nbsp;<\/p>\n<p>&nbsp;<\/p>\n<p>&nbsp;<\/p>\n<p>&nbsp;<\/p>\n<p>&nbsp;<\/p>\n<p>&nbsp;<\/p>\n<p>&nbsp;<\/p>\n<p>&nbsp;<\/p>\n<p>&nbsp;<\/p>\n","protected":false},"excerpt":{"rendered":"<p>El gobernador Daniel Scioli firm\u00f3 un decreto que dispone el traspaso de la Autopista Buenos Aires \u2013 La Plata de la \u00f3rbita nacional a la Provincial. En tanto, la norma podr\u00eda entrar en vigencia este viernes, luego de ser publicada en el Bolet\u00edn Oficial, seg\u00fan publica la agencia DIB.<\/p>\n","protected":false},"author":4,"featured_media":0,"comment_status":"open","ping_status":"open","sticky":false,"template":"","format":"standard","meta":{"_jetpack_newsletter_access":"","_jetpack_dont_email_post_to_subs":false,"_jetpack_newsletter_tier_id":0,"_jetpack_memberships_contains_paywalled_content":false,"_jetpack_memberships_contains_paid_content":false,"footnotes":""},"categories":[1],"tags":[],"class_list":["post-11811","post","type-post","status-publish","format-standard","hentry","category-sociedad"],"jetpack_featured_media_url":"","jetpack_shortlink":"https:\/\/wp.me\/p2JWE0-34v","jetpack-related-posts":[{"id":1631,"url":"https:\/\/www.24baires.com\/?p=1631","url_meta":{"origin":11811,"position":0},"title":"Traspaso a Provincia de Autopista Buenos Aires-La Plata tras incumplimiento de concesionaria","author":"AF","date":"10\/10\/2012","format":false,"excerpt":"El convenio se suscribi\u00f3 en la sede del Palacio de Hacienda de la Naci\u00f3n. \"El traspaso nos permitir\u00e1 seguir redise\u00f1ando la red vial de Buenos Aires con obras como la ruta 6 y la autopista Presidente Per\u00f3n\u201d, dijo el gobernador Daniel Scioli. Construir\u00e1n nuevos carriles en el tramo de Quilmes\u2026","rel":"","context":"En \u00abProvincia\u00bb","block_context":{"text":"Provincia","link":"https:\/\/www.24baires.com\/?cat=40"},"img":{"alt_text":"","src":"","width":0,"height":0},"classes":[]},{"id":425,"url":"https:\/\/www.24baires.com\/?p=425","url_meta":{"origin":11811,"position":1},"title":"Abrieron los sobres por la Ruta 6 y Scioli anunci\u00f3 el traspaso de la Autopista La Plata-Buenos Aires a la Provincia","author":"Grupo Sierra","date":"25\/09\/2012","format":false,"excerpt":"Daniel Scioli encabez\u00f3 la apertura de sobres para la licitaci\u00f3n de las obras de la Ruta 6, el cuarto anillo de circunvalaci\u00f3n del Gran Buenos Aires, que une La Plata con la zona portuaria de Campana-Z\u00e1rate y vincula las rutas nacionales m\u00e1s transitadas. Tambi\u00e9n ante varios incumplimientos de la concesionaria\u2026","rel":"","context":"En \u00abProvincia\u00bb","block_context":{"text":"Provincia","link":"https:\/\/www.24baires.com\/?cat=40"},"img":{"alt_text":"","src":"","width":0,"height":0},"classes":[]},{"id":107749,"url":"https:\/\/www.24baires.com\/?p=107749","url_meta":{"origin":11811,"position":2},"title":"A partir del martes, suben 33% las tarifas de peaje de la Autopista Buenos Aires La Plata","author":"GB","date":"22\/04\/2019","format":false,"excerpt":"La categor\u00eda auto pasar\u00e1 a pagar $33. En hora pico, en tanto, el precio ser\u00e1 de $42 El Gobierno bonaerense autoriz\u00f3 un incremento del 33% promedio en las tarifas de peaje de la Autopista Buenos Aires La Plata y el Corredor del Atl\u00e1ntico. Las nuevas tarifas estar\u00e1n vigentes a partir\u2026","rel":"","context":"En \u00abEconom\u00eda\u00bb","block_context":{"text":"Econom\u00eda","link":"https:\/\/www.24baires.com\/?cat=45"},"img":{"alt_text":"","src":"https:\/\/i0.wp.com\/www.24baires.com\/wp-content\/uploads\/2013\/12\/peajes.jpg?resize=350%2C200","width":350,"height":200},"classes":[]},{"id":104392,"url":"https:\/\/www.24baires.com\/?p=104392","url_meta":{"origin":11811,"position":3},"title":"Aumentan los peajes a la Costa Atl\u00e1ntica","author":"GB","date":"11\/09\/2018","format":false,"excerpt":"La suba, que fue solicitada por Aubasa en una Audiencia P\u00fablica, ser\u00e1 en las rutas 2, 11, 36, 56, 63 y 74. Rige desde octubre, antes de un nuevo fin de semana largo. La empresa estatal que controla la concesi\u00f3n de las autopistas del corredor vial del Atl\u00e1ntico, que comprenden\u2026","rel":"","context":"En \u00abPol\u00edtica\u00bb","block_context":{"text":"Pol\u00edtica","link":"https:\/\/www.24baires.com\/?cat=51"},"img":{"alt_text":"","src":"https:\/\/i0.wp.com\/www.24baires.com\/wp-content\/uploads\/2013\/12\/peajes-300x187.jpg?resize=350%2C200","width":350,"height":200},"classes":[]},{"id":89767,"url":"https:\/\/www.24baires.com\/?p=89767","url_meta":{"origin":11811,"position":4},"title":"Provincia estatiz\u00f3 la Ruta 2 y la Ruta 11","author":"AF","date":"12\/11\/2016","format":false,"excerpt":"La gobernadora Mar\u00eda Eugenia Vidal firm\u00f3 este viernes el decreto de estatizaci\u00f3n del denominado Corredor Atl\u00e1ntico, que incluye las rutas 2,11, 36, 56, 63 y 74. Estas autov\u00edas conectan la Capital con las principales ciudades balnearias de la provincia de Buenos Aires y a partir del 1\u00b0 de diciembre quedar\u00e1n\u2026","rel":"","context":"En \u00abProvincia\u00bb","block_context":{"text":"Provincia","link":"https:\/\/www.24baires.com\/?cat=40"},"img":{"alt_text":"ruta a mar del plata","src":"https:\/\/i0.wp.com\/www.24baires.com\/wp-content\/uploads\/2013\/07\/ruta-a-mar-del-plata.jpg?resize=350%2C200","width":350,"height":200,"srcset":"https:\/\/i0.wp.com\/www.24baires.com\/wp-content\/uploads\/2013\/07\/ruta-a-mar-del-plata.jpg?resize=350%2C200 1x, https:\/\/i0.wp.com\/www.24baires.com\/wp-content\/uploads\/2013\/07\/ruta-a-mar-del-plata.jpg?resize=525%2C300 1.5x"},"classes":[]},{"id":99393,"url":"https:\/\/www.24baires.com\/?p=99393","url_meta":{"origin":11811,"position":5},"title":"Desde el viernes aumentan los peajes","author":"GB","date":"14\/12\/2017","format":false,"excerpt":"Los incrementos comenzar\u00e1n desde el viernes 15 de diciembre para la autopista Buenos Aires-La Plata, la Ruta 2 y la Ruta 11 Viajar desde Buenos Aires hacia la Costa Atl\u00e1ntica, o viceversa, ser\u00e1 hasta un 66% m\u00e1s caro por los nuevos valores de los peajes en la Autopista Buenos Aires-La\u2026","rel":"","context":"En \u00abEconom\u00eda\u00bb","block_context":{"text":"Econom\u00eda","link":"https:\/\/www.24baires.com\/?cat=45"},"img":{"alt_text":"","src":"https:\/\/i0.wp.com\/www.24baires.com\/wp-content\/uploads\/2013\/03\/peajeruta2-300x200.jpg?resize=350%2C200","width":350,"height":200},"classes":[]}],"jetpack_sharing_enabled":true,"jetpack_likes_enabled":true,"_links":{"self":[{"href":"https:\/\/www.24baires.com\/index.php?rest_route=\/wp\/v2\/posts\/11811","targetHints":{"allow":["GET"]}}],"collection":[{"href":"https:\/\/www.24baires.com\/index.php?rest_route=\/wp\/v2\/posts"}],"about":[{"href":"https:\/\/www.24baires.com\/index.php?rest_route=\/wp\/v2\/types\/post"}],"author":[{"embeddable":true,"href":"https:\/\/www.24baires.com\/index.php?rest_route=\/wp\/v2\/users\/4"}],"replies":[{"embeddable":true,"href":"https:\/\/www.24baires.com\/index.php?rest_route=%2Fwp%2Fv2%2Fcomments&post=11811"}],"version-history":[{"count":2,"href":"https:\/\/www.24baires.com\/index.php?rest_route=\/wp\/v2\/posts\/11811\/revisions"}],"predecessor-version":[{"id":11824,"href":"https:\/\/www.24baires.com\/index.php?rest_route=\/wp\/v2\/posts\/11811\/revisions\/11824"}],"wp:attachment":[{"href":"https:\/\/www.24baires.com\/index.php?rest_route=%2Fwp%2Fv2%2Fmedia&parent=11811"}],"wp:term":[{"taxonomy":"category","embeddable":true,"href":"https:\/\/www.24baires.com\/index.php?rest_route=%2Fwp%2Fv2%2Fcategories&post=11811"},{"taxonomy":"post_tag","embeddable":true,"href":"https:\/\/www.24baires.com\/index.php?rest_route=%2Fwp%2Fv2%2Ftags&post=11811"}],"curies":[{"name":"wp","href":"https:\/\/api.w.org\/{rel}","templated":true}]}}