{"id":1181,"date":"2012-10-06T11:04:41","date_gmt":"2012-10-06T14:04:41","guid":{"rendered":"http:\/\/www.24baires.com\/?p=1181"},"modified":"2012-10-06T11:04:41","modified_gmt":"2012-10-06T14:04:41","slug":"choferes-se-niegan-a-la-aplicacion-del-boleto-estudiantil","status":"publish","type":"post","link":"https:\/\/www.24baires.com\/?p=1181","title":{"rendered":"Choferes se niegan a la aplicaci\u00f3n del boleto estudiantil"},"content":{"rendered":"<p><strong><img data-recalc-dims=\"1\" loading=\"lazy\" decoding=\"async\" class=\"alignleft size-medium wp-image-1182\" title=\"utaolavarria\" src=\"https:\/\/i0.wp.com\/www.24baires.com\/wp-content\/uploads\/2012\/10\/utaolavarria.jpg?resize=300%2C181\" alt=\"\" width=\"300\" height=\"181\" srcset=\"https:\/\/i0.wp.com\/www.24baires.com\/wp-content\/uploads\/2012\/10\/utaolavarria.jpg?resize=300%2C181&amp;ssl=1 300w, https:\/\/i0.wp.com\/www.24baires.com\/wp-content\/uploads\/2012\/10\/utaolavarria.jpg?w=558&amp;ssl=1 558w\" sizes=\"auto, (max-width: 300px) 100vw, 300px\" \/>OLAVARR\u00cdA &#8211;<\/strong> A pesar de que desde hoy s\u00e1bado rige la nueva ordenanza para los colectivos urbanos e interurbanos, los choferes de las empresas Ola Bus y Nuevo Bus se negaron a cambiar el sistema de cobro para los estudiantes.<!--more--><br \/>\nSeg\u00fan confirmaron a EL POPULAR de Olavarr\u00eda, tanto los choferes de Nuevo Bus como de Ola Bus, no cobrar\u00e1n el boleto estudiantil a partir de lo que propone el nuevo sistema. Lo que plantean desde Uni\u00f3n Tranviarios Automotor (UTA) es que el problema no es cobrar otro precio, sino \u00abcambiar el sistema\u00bb, haciendo referencia a lo que indica la nueva ordenanza, que es que los estudiantes \u00abse van a presentar con un certificado de alumno de la facultad o la secundaria m\u00e1s el documento para comprar el boleto arriba del colectivo, y nosotros no podemos hacer eso\u00bb, plante\u00f3 Arturo Silveyra D&#8217;Avila, titular de la UTA.<\/p>\n<p>Lo que proponen los choferes, que se reunieron este viernes para armar un acta a presentar hoy s\u00e1bado \u00abdonde nos negamos a hacer otro tipo de ventas de boletos\u00bb, es que si el estudiante \u00abno sube con el bono ni el carnet que le facilita la empresa, tienen que pagar el boleto \u00fanico. No queremos pelearnos con nadie, pero no queremos tener problemas\u00bb, prosigui\u00f3 Silveyra D&#8217;Avila.<\/p>\n<p>En este sentido, el titular de la UTA aclar\u00f3 adem\u00e1s que esperaban que los llamen \u00abpara preguntarnos si se pod\u00eda aplicar\u00bb, mientras propuso que van a evaluar si en Olavarr\u00eda, teniendo en cuenta la poblaci\u00f3n, no corresponde ya \u00abla m\u00e1quina o la tarjeta magn\u00e9tica\u00bb con la que trabajan en empresas de otras ciudades.<\/p>\n<p>Finalmente, D&#8217;Avila aclar\u00f3 que \u00abel martes (porque el lunes es feriado) van a tener que pagar el boleto com\u00fan\u00bb.<\/p>\n","protected":false},"excerpt":{"rendered":"<p>OLAVARR\u00cdA &#8211; A pesar de que desde hoy s\u00e1bado rige la nueva ordenanza para los colectivos urbanos e interurbanos, los choferes de las empresas Ola Bus y Nuevo Bus se negaron a cambiar el sistema de cobro para los estudiantes.<\/p>\n","protected":false},"author":4,"featured_media":0,"comment_status":"open","ping_status":"open","sticky":false,"template":"","format":"standard","meta":{"_jetpack_newsletter_access":"","_jetpack_dont_email_post_to_subs":false,"_jetpack_newsletter_tier_id":0,"_jetpack_memberships_contains_paywalled_content":false,"_jetpack_memberships_contains_paid_content":false,"footnotes":""},"categories":[1],"tags":[],"class_list":["post-1181","post","type-post","status-publish","format-standard","hentry","category-sociedad"],"jetpack_featured_media_url":"","jetpack_shortlink":"https:\/\/wp.me\/p2JWE0-j3","jetpack-related-posts":[{"id":1650,"url":"https:\/\/www.24baires.com\/?p=1650","url_meta":{"origin":1181,"position":0},"title":"Boleto estudiantil pol\u00e9mico: choferes siguen neg\u00e1ndose al modo de cobro","author":"AF","date":"11\/10\/2012","format":false,"excerpt":"OLAVARR\u00cdA - Ramiro Di Giano, titular de Ola Bus, confirm\u00f3 que present\u00f3 dos notas manifestando la imposibilidad de vender los abonos, estudiantiles y para jubilados, y expres\u00f3 que \"no se habl\u00f3 con el gremio de choferes para saber si la medida afectaba\". El titular de la empresa confirm\u00f3 que la\u2026","rel":"","context":"En \u00abLocales\u00bb","block_context":{"text":"Locales","link":"https:\/\/www.24baires.com\/?cat=38"},"img":{"alt_text":"","src":"","width":0,"height":0},"classes":[]},{"id":13800,"url":"https:\/\/www.24baires.com\/?p=13800","url_meta":{"origin":1181,"position":1},"title":"Olavarr\u00eda: empresas de \u00f3mnibus pedir\u00e1n un aumento tarifario","author":"AF","date":"28\/01\/2013","format":false,"excerpt":"Seg\u00fan confirm\u00f3 Ramiro Di Giano, el aumento acordado con la UTA ser\u00eda del 33 por ciento. Pero con los subsidios congelados desde septiembre de 2012, las empresas no contar\u00edan con otro mecanismo para solventarlo. A casi cuatro meses de promulgado el aumento de las tarifas del servicio de transporte de\u2026","rel":"","context":"En \u00abLocales\u00bb","block_context":{"text":"Locales","link":"https:\/\/www.24baires.com\/?cat=38"},"img":{"alt_text":"uta olavarria","src":"https:\/\/i0.wp.com\/www.24baires.com\/wp-content\/uploads\/2012\/10\/utaolavarria-300x181.jpg?resize=350%2C200","width":350,"height":200},"classes":[]},{"id":69732,"url":"https:\/\/www.24baires.com\/?p=69732","url_meta":{"origin":1181,"position":2},"title":"Contin\u00faa el conflicto en la l\u00ednea 60 y choferes amenazan con realizar nuevos cortes","author":"AF","date":"29\/07\/2015","format":false,"excerpt":"Los choferes de la l\u00ednea 60, que llevan un conflicto laboral por despidos desde hace m\u00e1s de 30 d\u00edas, no hab\u00edan sacado hasta esta tarde los colectivos a servicio desde Plaza Constituci\u00f3n pese a una orden judicial que los autorizaba, a ra\u00edz de reuniones que se efect\u00faan en esa terminal\u2026","rel":"","context":"En \u00abSociedad\u00bb","block_context":{"text":"Sociedad","link":"https:\/\/www.24baires.com\/?cat=1"},"img":{"alt_text":"60","src":"https:\/\/i0.wp.com\/www.24baires.com\/wp-content\/uploads\/2015\/07\/60.jpg?resize=350%2C200","width":350,"height":200},"classes":[]},{"id":68650,"url":"https:\/\/www.24baires.com\/?p=68650","url_meta":{"origin":1181,"position":3},"title":"Choferes de la l\u00ednea 60 no cobran boleto en rechazo a 50 despidos","author":"AF","date":"06\/07\/2015","format":false,"excerpt":"Los colectivos de la l\u00ednea 60 contin\u00faan hoy circulando sin cobrar boleto pero con menos unidades debido a que el play\u00f3n que la empresa tiene en la localidad bonaerense de Ingeniero Maschwitz est\u00e1 custodiado por m\u00f3viles de la polic\u00eda ante una orden judicial para impedir que salgan los choferes, en\u2026","rel":"","context":"En \u00abLocales\u00bb","block_context":{"text":"Locales","link":"https:\/\/www.24baires.com\/?cat=38"},"img":{"alt_text":"60","src":"https:\/\/i0.wp.com\/www.24baires.com\/wp-content\/uploads\/2015\/07\/60.jpg?resize=350%2C200","width":350,"height":200},"classes":[]},{"id":68870,"url":"https:\/\/www.24baires.com\/?p=68870","url_meta":{"origin":1181,"position":4},"title":"Choferes de la l\u00ednea 60 contin\u00faan con la medida de fuerza","author":"AF","date":"10\/07\/2015","format":false,"excerpt":"Los choferes de la L\u00ednea 60 de colectivos continuaban hoy de paro, por el cual prestan un servicio reducido desde hace dos semanas, a pesar que la Justicia les orden\u00f3 normalizar las prestaciones. Uno de los delegados de los choferes, N\u00e9stor Marcol\u00edn, coment\u00f3 que este viernes, a la madrugada, los\u2026","rel":"","context":"En \u00abSociedad\u00bb","block_context":{"text":"Sociedad","link":"https:\/\/www.24baires.com\/?cat=1"},"img":{"alt_text":"la60","src":"https:\/\/i0.wp.com\/www.24baires.com\/wp-content\/uploads\/2015\/07\/la60.png?resize=350%2C200","width":350,"height":200},"classes":[]},{"id":69813,"url":"https:\/\/www.24baires.com\/?p=69813","url_meta":{"origin":1181,"position":5},"title":"Choferes de la 60 contin\u00faan con la reuni\u00f3n con el ministro Carlos Tomada","author":"AF","date":"31\/07\/2015","format":false,"excerpt":"Los choferes acordaron prestar servicio sin cobrar boleto desde Plaza Constituci\u00f3n hasta Saavedra, la mitad de su recorrido habitual. Tras el cuarto intermedio hoy a las 11 volver\u00e1n a reunirse con Tomada. En tanto, los trabajadores se concentran en Maschwitz. Los conductores pretend\u00edan salir a prestar servicio ayer tras el\u2026","rel":"","context":"En \u00abSociedad\u00bb","block_context":{"text":"Sociedad","link":"https:\/\/www.24baires.com\/?cat=1"},"img":{"alt_text":"choferes 60","src":"https:\/\/i0.wp.com\/www.24baires.com\/wp-content\/uploads\/2015\/07\/choferes-60.jpg?resize=350%2C200","width":350,"height":200,"srcset":"https:\/\/i0.wp.com\/www.24baires.com\/wp-content\/uploads\/2015\/07\/choferes-60.jpg?resize=350%2C200 1x, https:\/\/i0.wp.com\/www.24baires.com\/wp-content\/uploads\/2015\/07\/choferes-60.jpg?resize=525%2C300 1.5x"},"classes":[]}],"jetpack_sharing_enabled":true,"jetpack_likes_enabled":true,"_links":{"self":[{"href":"https:\/\/www.24baires.com\/index.php?rest_route=\/wp\/v2\/posts\/1181","targetHints":{"allow":["GET"]}}],"collection":[{"href":"https:\/\/www.24baires.com\/index.php?rest_route=\/wp\/v2\/posts"}],"about":[{"href":"https:\/\/www.24baires.com\/index.php?rest_route=\/wp\/v2\/types\/post"}],"author":[{"embeddable":true,"href":"https:\/\/www.24baires.com\/index.php?rest_route=\/wp\/v2\/users\/4"}],"replies":[{"embeddable":true,"href":"https:\/\/www.24baires.com\/index.php?rest_route=%2Fwp%2Fv2%2Fcomments&post=1181"}],"version-history":[{"count":0,"href":"https:\/\/www.24baires.com\/index.php?rest_route=\/wp\/v2\/posts\/1181\/revisions"}],"wp:attachment":[{"href":"https:\/\/www.24baires.com\/index.php?rest_route=%2Fwp%2Fv2%2Fmedia&parent=1181"}],"wp:term":[{"taxonomy":"category","embeddable":true,"href":"https:\/\/www.24baires.com\/index.php?rest_route=%2Fwp%2Fv2%2Fcategories&post=1181"},{"taxonomy":"post_tag","embeddable":true,"href":"https:\/\/www.24baires.com\/index.php?rest_route=%2Fwp%2Fv2%2Ftags&post=1181"}],"curies":[{"name":"wp","href":"https:\/\/api.w.org\/{rel}","templated":true}]}}