{"id":118075,"date":"2021-09-30T10:48:11","date_gmt":"2021-09-30T13:48:11","guid":{"rendered":"http:\/\/www.24baires.com\/?p=118075"},"modified":"2021-09-30T10:48:47","modified_gmt":"2021-09-30T13:48:47","slug":"segun-el-indec-n-julio-la-actividad-economica-crecio-117","status":"publish","type":"post","link":"https:\/\/www.24baires.com\/?p=118075","title":{"rendered":"Seg\u00fan el Indec en julio la actividad econ\u00f3mica creci\u00f3 11,7%"},"content":{"rendered":"<p><img data-recalc-dims=\"1\" loading=\"lazy\" decoding=\"async\" src=\"https:\/\/i0.wp.com\/www.24baires.com\/wp-content\/uploads\/2013\/02\/indec.jpg?resize=300%2C225\" alt=\"\" width=\"300\" height=\"225\" class=\"alignleft size-medium wp-image-15897\" srcset=\"https:\/\/i0.wp.com\/www.24baires.com\/wp-content\/uploads\/2013\/02\/indec.jpg?resize=300%2C225&amp;ssl=1 300w, https:\/\/i0.wp.com\/www.24baires.com\/wp-content\/uploads\/2013\/02\/indec.jpg?w=500&amp;ssl=1 500w\" sizes=\"auto, (max-width: 300px) 100vw, 300px\" \/>Seg\u00fan se\u00f1al\u00f3 el Gobierno en un comunicado, la actividad econ\u00f3mica \u201cse ubica en niveles pre-pandemia\u201d.<br \/>\n<!--more--><\/p>\n<p>La actividad econ\u00f3mica creci\u00f3 un 0,8% en julio, respecto de junio de este mismo a\u00f1o, seg\u00fan inform\u00f3 este martes el Instituto Nacional de Estad\u00edstica y Censos (INDEC).<\/p>\n<p>Con respecto al mismo mes de 2020, el indicador mostr\u00f3 un alza del 11,7%.<\/p>\n<p>Los datos oficiales muestran que crecieron 13 de 15 sectores, con subas de dos d\u00edgitos en 9 de ellos y de 3 d\u00edgitos en Pesca. Los mayores aportes fueron nuevamente de la Industria (12,7% interanual) y el Comercio (12,5% interanual). Ambos sectores que acumulan 9 subas consecutivas.<\/p>\n<p>Seg\u00fan se\u00f1al\u00f3 el Gobierno en un comunicado difundido luego de la publicaci\u00f3n del Estimador Mensual de la Actividad Econ\u00f3mica (EMAE), que la econom\u00eda argentina \u201cse ubica en niveles pre-pandemia<\/p>\n","protected":false},"excerpt":{"rendered":"<p>Seg\u00fan se\u00f1al\u00f3 el Gobierno en un comunicado, la actividad econ\u00f3mica \u201cse ubica en niveles pre-pandemia\u201d.<\/p>\n","protected":false},"author":8,"featured_media":0,"comment_status":"open","ping_status":"open","sticky":false,"template":"","format":"standard","meta":{"_jetpack_newsletter_access":"","_jetpack_dont_email_post_to_subs":false,"_jetpack_newsletter_tier_id":0,"_jetpack_memberships_contains_paywalled_content":false,"_jetpack_memberships_contains_paid_content":false,"footnotes":""},"categories":[45],"tags":[],"class_list":["post-118075","post","type-post","status-publish","format-standard","hentry","category-economia"],"jetpack_featured_media_url":"","jetpack_shortlink":"https:\/\/wp.me\/p2JWE0-uIr","jetpack-related-posts":[{"id":118783,"url":"https:\/\/www.24baires.com\/?p=118783","url_meta":{"origin":118075,"position":0},"title":"Seg\u00fan el Indec, la actividad econ\u00f3mica creci\u00f3 9,1% interanual durante febrero","author":"AF","date":"21\/04\/2022","format":false,"excerpt":"La suba se da respecto a igual mes del a\u00f1o pasado, inform\u00f3 el Instituto Nacional de Estad\u00edstica y Censos (Indec). En tanto, el Estimador Mensual de la Actividad Econ\u00f3mica registr\u00f3 en febrero un aumento del.1,8% en relaci\u00f3n a enero. El nivel de actividad econ\u00f3mica creci\u00f3 9,1% en febrero respecto a\u2026","rel":"","context":"En \u00abEconom\u00eda\u00bb","block_context":{"text":"Econom\u00eda","link":"https:\/\/www.24baires.com\/?cat=45"},"img":{"alt_text":"","src":"https:\/\/i0.wp.com\/www.24baires.com\/wp-content\/uploads\/2022\/04\/industria-soldador.jpg?resize=350%2C200","width":350,"height":200,"srcset":"https:\/\/i0.wp.com\/www.24baires.com\/wp-content\/uploads\/2022\/04\/industria-soldador.jpg?resize=350%2C200 1x, https:\/\/i0.wp.com\/www.24baires.com\/wp-content\/uploads\/2022\/04\/industria-soldador.jpg?resize=525%2C300 1.5x, https:\/\/i0.wp.com\/www.24baires.com\/wp-content\/uploads\/2022\/04\/industria-soldador.jpg?resize=700%2C400 2x"},"classes":[]},{"id":117377,"url":"https:\/\/www.24baires.com\/?p=117377","url_meta":{"origin":118075,"position":1},"title":"La actividad econ\u00f3mica creci\u00f3 1,9%","author":"AF","date":"30\/03\/2021","format":false,"excerpt":"Se trata de la novena mejora consecutiva, seg\u00fan inform\u00f3 este martes el Indec. El nivel de actividad econ\u00f3mica registr\u00f3 en enero una mejora del 1,9 por ciento con relaci\u00f3n a diciembre pasado pero tambi\u00e9n un retroceso de 2 por ciento en la comparaci\u00f3n interanual, inform\u00f3 este martes el Instituto Nacional\u2026","rel":"","context":"En \u00abSociedad\u00bb","block_context":{"text":"Sociedad","link":"https:\/\/www.24baires.com\/?cat=1"},"img":{"alt_text":"","src":"https:\/\/i0.wp.com\/www.24baires.com\/wp-content\/uploads\/2018\/05\/industriales.jpg?resize=350%2C200","width":350,"height":200,"srcset":"https:\/\/i0.wp.com\/www.24baires.com\/wp-content\/uploads\/2018\/05\/industriales.jpg?resize=350%2C200 1x, https:\/\/i0.wp.com\/www.24baires.com\/wp-content\/uploads\/2018\/05\/industriales.jpg?resize=525%2C300 1.5x"},"classes":[]},{"id":117537,"url":"https:\/\/www.24baires.com\/?p=117537","url_meta":{"origin":118075,"position":2},"title":"La actividad industrial subi\u00f3 32,8% en marzo y la construcci\u00f3n 97,6%","author":"AF","date":"06\/05\/2021","format":false,"excerpt":"As\u00ed, la actividad fabril cerr\u00f3 el primer trimestre del a\u00f1o con un aumento del 12,4% y la construcci\u00f3n del 42,4%, inform\u00f3 el organismo. La actividad industrial creci\u00f3 durante marzo 32,8% en relaci\u00f3n a igual mes del a\u00f1o pasado, y la construcci\u00f3n registr\u00f3 un avance del 97,6% en similar per\u00edodo, inform\u00f3\u2026","rel":"","context":"En \u00abEconom\u00eda\u00bb","block_context":{"text":"Econom\u00eda","link":"https:\/\/www.24baires.com\/?cat=45"},"img":{"alt_text":"","src":"https:\/\/i0.wp.com\/www.24baires.com\/wp-content\/uploads\/2015\/09\/industria.jpg?resize=350%2C200","width":350,"height":200,"srcset":"https:\/\/i0.wp.com\/www.24baires.com\/wp-content\/uploads\/2015\/09\/industria.jpg?resize=350%2C200 1x, https:\/\/i0.wp.com\/www.24baires.com\/wp-content\/uploads\/2015\/09\/industria.jpg?resize=525%2C300 1.5x"},"classes":[]},{"id":119251,"url":"https:\/\/www.24baires.com\/?p=119251","url_meta":{"origin":118075,"position":3},"title":"La actividad econ\u00f3mica creci\u00f3 un 6,4% durante junio","author":"AF","date":"23\/08\/2022","format":false,"excerpt":"La actividad econ\u00f3mica creci\u00f3 durante junio 6,4% en t\u00e9rminos interanuales, y 1,1% en comparaci\u00f3n a mayo, inform\u00f3 este martes el Instituto Nacional de Estad\u00edstica y Censos (Indec). El informe del Instituto Nacional de Estad\u00edstica y Censos se\u00f1ala adem\u00e1s que en referencia al mes anterior la suba fue del 1,1%. El\u2026","rel":"","context":"En \u00abEconom\u00eda\u00bb","block_context":{"text":"Econom\u00eda","link":"https:\/\/www.24baires.com\/?cat=45"},"img":{"alt_text":"","src":"https:\/\/i0.wp.com\/www.24baires.com\/wp-content\/uploads\/2022\/04\/industria-soldador.jpg?resize=350%2C200","width":350,"height":200,"srcset":"https:\/\/i0.wp.com\/www.24baires.com\/wp-content\/uploads\/2022\/04\/industria-soldador.jpg?resize=350%2C200 1x, https:\/\/i0.wp.com\/www.24baires.com\/wp-content\/uploads\/2022\/04\/industria-soldador.jpg?resize=525%2C300 1.5x, https:\/\/i0.wp.com\/www.24baires.com\/wp-content\/uploads\/2022\/04\/industria-soldador.jpg?resize=700%2C400 2x"},"classes":[]},{"id":119687,"url":"https:\/\/www.24baires.com\/?p=119687","url_meta":{"origin":118075,"position":4},"title":"La actividad econ\u00f3mica creci\u00f3 6,9% en el tercer trimestre de 2022","author":"GB","date":"03\/01\/2023","format":false,"excerpt":"La provincia de Buenos Aires sigue brindando se\u00f1ales prometedoras. Los niveles de actividad econ\u00f3mica ya superan a los de 2019. Direcci\u00f3n de Estad\u00edstica Provincial public\u00f3 el Indicador Trimestral de la Actividad Econ\u00f3mica (ITAE) con datos correspondientes al tercer trimestre de 2022. De ah\u00ed se desprende que la actividad econ\u00f3mica bonaerense\u2026","rel":"","context":"En \u00abProvincia\u00bb","block_context":{"text":"Provincia","link":"https:\/\/www.24baires.com\/?cat=40"},"img":{"alt_text":"","src":"https:\/\/i0.wp.com\/www.24baires.com\/wp-content\/uploads\/2017\/10\/pyme-1.jpg?resize=350%2C200","width":350,"height":200,"srcset":"https:\/\/i0.wp.com\/www.24baires.com\/wp-content\/uploads\/2017\/10\/pyme-1.jpg?resize=350%2C200 1x, https:\/\/i0.wp.com\/www.24baires.com\/wp-content\/uploads\/2017\/10\/pyme-1.jpg?resize=525%2C300 1.5x, https:\/\/i0.wp.com\/www.24baires.com\/wp-content\/uploads\/2017\/10\/pyme-1.jpg?resize=700%2C400 2x"},"classes":[]},{"id":118246,"url":"https:\/\/www.24baires.com\/?p=118246","url_meta":{"origin":118075,"position":5},"title":"Guzm\u00e1n: \u00abEl 11,6% de septiembre muestra la fortaleza y solidez del crecimiento\u00bb","author":"AF","date":"23\/11\/2021","format":false,"excerpt":"En base a los datos provistos por el Indec, el ministro de Econom\u00eda destac\u00f3 la proyecci\u00f3n del incremento del PBI en un 10% para este a\u00f1o. El ministro de Desarrollo Productivo, Mat\u00edas Kulfas, destac\u00f3 que la actividad econ\u00f3mica ya recuper\u00f3 \"todo lo perdido por la pandemia\". El nivel de actividad\u2026","rel":"","context":"En \u00abEconom\u00eda\u00bb","block_context":{"text":"Econom\u00eda","link":"https:\/\/www.24baires.com\/?cat=45"},"img":{"alt_text":"","src":"https:\/\/i0.wp.com\/www.24baires.com\/wp-content\/uploads\/2021\/11\/61714316e6f3e_900.jpg?resize=350%2C200","width":350,"height":200,"srcset":"https:\/\/i0.wp.com\/www.24baires.com\/wp-content\/uploads\/2021\/11\/61714316e6f3e_900.jpg?resize=350%2C200 1x, https:\/\/i0.wp.com\/www.24baires.com\/wp-content\/uploads\/2021\/11\/61714316e6f3e_900.jpg?resize=525%2C300 1.5x"},"classes":[]}],"jetpack_sharing_enabled":true,"jetpack_likes_enabled":true,"_links":{"self":[{"href":"https:\/\/www.24baires.com\/index.php?rest_route=\/wp\/v2\/posts\/118075","targetHints":{"allow":["GET"]}}],"collection":[{"href":"https:\/\/www.24baires.com\/index.php?rest_route=\/wp\/v2\/posts"}],"about":[{"href":"https:\/\/www.24baires.com\/index.php?rest_route=\/wp\/v2\/types\/post"}],"author":[{"embeddable":true,"href":"https:\/\/www.24baires.com\/index.php?rest_route=\/wp\/v2\/users\/8"}],"replies":[{"embeddable":true,"href":"https:\/\/www.24baires.com\/index.php?rest_route=%2Fwp%2Fv2%2Fcomments&post=118075"}],"version-history":[{"count":2,"href":"https:\/\/www.24baires.com\/index.php?rest_route=\/wp\/v2\/posts\/118075\/revisions"}],"predecessor-version":[{"id":118077,"href":"https:\/\/www.24baires.com\/index.php?rest_route=\/wp\/v2\/posts\/118075\/revisions\/118077"}],"wp:attachment":[{"href":"https:\/\/www.24baires.com\/index.php?rest_route=%2Fwp%2Fv2%2Fmedia&parent=118075"}],"wp:term":[{"taxonomy":"category","embeddable":true,"href":"https:\/\/www.24baires.com\/index.php?rest_route=%2Fwp%2Fv2%2Fcategories&post=118075"},{"taxonomy":"post_tag","embeddable":true,"href":"https:\/\/www.24baires.com\/index.php?rest_route=%2Fwp%2Fv2%2Ftags&post=118075"}],"curies":[{"name":"wp","href":"https:\/\/api.w.org\/{rel}","templated":true}]}}