{"id":11806,"date":"2013-01-11T09:30:24","date_gmt":"2013-01-11T12:30:24","guid":{"rendered":"http:\/\/www.24baires.com\/?p=11806"},"modified":"2013-01-11T10:52:12","modified_gmt":"2013-01-11T13:52:12","slug":"balcarce-inauguran-edificio-anexo-al-palacio-comunal","status":"publish","type":"post","link":"https:\/\/www.24baires.com\/?p=11806","title":{"rendered":"Balcarce: inauguran edificio anexo al Palacio Comunal"},"content":{"rendered":"<p><a href=\"http:\/\/www.24baires.com\/sociedad\/11806-balcarce-inauguran-edificio-anexo-al-palacio-comunal\/attachment\/anexo-balcarce\/\" rel=\"attachment wp-att-11807\"><img data-recalc-dims=\"1\" loading=\"lazy\" decoding=\"async\" class=\"alignleft size-medium wp-image-11807\" alt=\"anexo balcarce\" src=\"https:\/\/i0.wp.com\/www.24baires.com\/wp-content\/uploads\/2013\/01\/anexo-balcarce.jpg?resize=300%2C133\" width=\"300\" height=\"133\" srcset=\"https:\/\/i0.wp.com\/www.24baires.com\/wp-content\/uploads\/2013\/01\/anexo-balcarce.jpg?resize=300%2C133&amp;ssl=1 300w, https:\/\/i0.wp.com\/www.24baires.com\/wp-content\/uploads\/2013\/01\/anexo-balcarce.jpg?w=309&amp;ssl=1 309w\" sizes=\"auto, (max-width: 300px) 100vw, 300px\" \/><\/a>\u201cInaugurar este anexo nos demuestra que somos una gesti\u00f3n en movimiento. Esto es el fruto de todas las gestiones, de todos los viajes a La Plata y Buenos Aires. Siempre digo no son de paseo sino de gesti\u00f3n, no son para viaticar sino para gestionar, que es algo totalmente diferente\u201d expres\u00f3 el intendente Jos\u00e9 Echeverr\u00eda al inaugurar el nuevo edificio del municipio de Balcarce.<!--more--><br \/>\nEn el distrito de Balcarce, el intendente Jos\u00e9 Echeverr\u00eda inaugur\u00f3 el nuevo edificio anexo al palacio municipal y se\u00f1al\u00f3 que \u201cinaugurar este anexo nos demuestra que somos una gesti\u00f3n en movimiento. Esto es el fruto de todas las gestiones, de todos los viajes a La Plata y Buenos Aires. Siempre digo no son de paseo sino de gesti\u00f3n, no son para viaticar sino para gestionar, que es algo totalmente diferente\u201d.<br \/>\nAsimismo, el jefe comunal record\u00f3 c\u00f3mo se fueron generando los fondos y explic\u00f3 que en primer lugar fue el ministro del Interior, Florencio Randazzo, el que brind\u00f3 un aporte y luego fue la ministra de Gobierno Cristina \u00c1lvarez Rodr\u00edguez, y por \u00faltimo, se lograron recursos municipales provenientes al Fondo Solidario Provincial.<br \/>\nPor otra parte, Echeverr\u00eda record\u00f3 que se ven\u00eda trabajando desde el a\u00f1o 2008 para recuperar la fachada del hist\u00f3rico palacio municipal y asegur\u00f3 que \u201choy estamos trabajando en el frente, el cual est\u00e1 pr\u00e1cticamente terminado y que era muy necesaria teniendo en cuenta que es un edificio de 1929 que pr\u00e1cticamente no se le hab\u00edan hecho tareas de mantenimiento\u201d.<br \/>\n\u201cEl ciudadano que viene al municipio y los empleados que desarrollan diariamente su tarea aqu\u00ed necesit\u00e1bamos y nos merec\u00edamos contar con una municipalidad como la gente\u201d, agreg\u00f3 el intendente al tiempo que dio a conocer que trabajar\u00e1 en la recuperaci\u00f3n del interior del palacio municipal, donde se cambiar\u00e1n los pisos y se ir\u00e1n refaccionando cada una de las dependencias y de las alas superiores. En ello, remarc\u00f3 los fondos que fueron girados desde la Direcci\u00f3n de Patrimonio.<br \/>\nPor \u00faltimo el mandatario comunal expres\u00f3 que \u201ccomenzar el a\u00f1o de esta manera es una alegr\u00eda para todos los balcarce\u00f1os y m\u00e1s a\u00fan teniendo en cuenta que finalizamos el 2012 inaugurando la magn\u00edfica autov\u00eda 226, entre Balcarce y Mar del Plata\u201d.<\/p>\n<p>&nbsp;<\/p>\n<p>&nbsp;<\/p>\n<p>&nbsp;<\/p>\n<p>&nbsp;<\/p>\n<p>&nbsp;<\/p>\n<p>&nbsp;<\/p>\n<p>&nbsp;<\/p>\n<p>&nbsp;<\/p>\n<p>&nbsp;<\/p>\n<p>&nbsp;<\/p>\n<p>&nbsp;<\/p>\n<p>&nbsp;<\/p>\n<p>&nbsp;<\/p>\n<p>&nbsp;<\/p>\n<p>&nbsp;<\/p>\n<p>&nbsp;<\/p>\n<p>&nbsp;<\/p>\n<p>&nbsp;<\/p>\n","protected":false},"excerpt":{"rendered":"<p>\u201cInaugurar este anexo nos demuestra que somos una gesti\u00f3n en movimiento. Esto es el fruto de todas las gestiones, de todos los viajes a La Plata y Buenos Aires. Siempre digo no son de paseo sino de gesti\u00f3n, no son para viaticar sino para gestionar, que es algo totalmente diferente\u201d expres\u00f3 el intendente Jos\u00e9 Echeverr\u00eda al inaugurar el nuevo edificio [&#8230;]<\/p>\n","protected":false},"author":4,"featured_media":0,"comment_status":"open","ping_status":"open","sticky":false,"template":"","format":"standard","meta":{"_jetpack_newsletter_access":"","_jetpack_dont_email_post_to_subs":false,"_jetpack_newsletter_tier_id":0,"_jetpack_memberships_contains_paywalled_content":false,"_jetpack_memberships_contains_paid_content":false,"footnotes":""},"categories":[1],"tags":[],"class_list":["post-11806","post","type-post","status-publish","format-standard","hentry","category-sociedad"],"jetpack_featured_media_url":"","jetpack_shortlink":"https:\/\/wp.me\/p2JWE0-34q","jetpack-related-posts":[{"id":6225,"url":"https:\/\/www.24baires.com\/?p=6225","url_meta":{"origin":11806,"position":0},"title":"Balcarce: refuerzan su sistema sanitario","author":"AF","date":"21\/11\/2012","format":false,"excerpt":"\u201cHoy Balcarce vive un antes y un despu\u00e9s en la salud, mientras en algunos pa\u00edses de Europa se disminuye la inversi\u00f3n en salud, vemos que en Argentina se establece como prioridad\u201d expres\u00f3 el intendente local Jos\u00e9 Echeverr\u00eda, durante el acto donde se entreg\u00f3 una ambulancia de traslado de alta complejidad\u2026","rel":"","context":"En \u00abLocales\u00bb","block_context":{"text":"Locales","link":"https:\/\/www.24baires.com\/?cat=38"},"img":{"alt_text":"","src":"","width":0,"height":0},"classes":[]},{"id":7175,"url":"https:\/\/www.24baires.com\/?p=7175","url_meta":{"origin":11806,"position":1},"title":"Balcarce fortalece su sector de salud","author":"AF","date":"29\/11\/2012","format":false,"excerpt":"Mediante una videoconferencia con la presidenta Cristina Fern\u00e1ndez de Kirchner, el titular de la cartera sanitaria, Juan Manzur, entreg\u00f3 en Balcarce una moderna ambulancia, inaugur\u00f3 una sala de guardia y efectiviz\u00f3 un subsidio por $500 mil para el fortalecimiento del sistema sanitario local. La comuna de Balcarce recibi\u00f3 de la\u2026","rel":"","context":"En \u00abLocales\u00bb","block_context":{"text":"Locales","link":"https:\/\/www.24baires.com\/?cat=38"},"img":{"alt_text":"","src":"https:\/\/i0.wp.com\/www.24baires.com\/wp-content\/uploads\/2012\/11\/cristina-videoconferencia.jpg?resize=350%2C200","width":350,"height":200},"classes":[]},{"id":38005,"url":"https:\/\/www.24baires.com\/?p=38005","url_meta":{"origin":11806,"position":2},"title":"Opciones de veraneo: Balcarce, un cl\u00e1sico de mar y sierra","author":"Grupo Sierra","date":"06\/01\/2014","format":false,"excerpt":"Consultado sobre la oferta tur\u00edstica que ofrece la localidad de Balcarce, su Intendente, Jos\u00e9 Echeverr\u00eda dijo que \u201cBalcarce es un cl\u00e1sico del circuito de mar y sierra. Teniendo en cuenta que estamos a media hora de Mar del Plata, a una hora de Necochea, de Tandil, Miramar, tenemos muchas alternativas\u2026","rel":"","context":"En \u00abLocales\u00bb","block_context":{"text":"Locales","link":"https:\/\/www.24baires.com\/?cat=38"},"img":{"alt_text":"Balcarce-buenosaires","src":"https:\/\/i0.wp.com\/www.24baires.com\/wp-content\/uploads\/2014\/01\/Balcarce-buenosaires.jpg?resize=350%2C200","width":350,"height":200,"srcset":"https:\/\/i0.wp.com\/www.24baires.com\/wp-content\/uploads\/2014\/01\/Balcarce-buenosaires.jpg?resize=350%2C200 1x, https:\/\/i0.wp.com\/www.24baires.com\/wp-content\/uploads\/2014\/01\/Balcarce-buenosaires.jpg?resize=525%2C300 1.5x"},"classes":[]},{"id":10635,"url":"https:\/\/www.24baires.com\/?p=10635","url_meta":{"origin":11806,"position":3},"title":"Cristina present\u00f3 por videoconferencia el 2do. tramo de la Autopista Balcarce-Mar del Plata","author":"AF","date":"27\/12\/2012","format":false,"excerpt":"BALCARCE - La presidenta\u00a0Cristina Fern\u00e1ndez de Kirchner mantuvo este jueves una videoconferencia con Balcarce con\u00a0motivo de la inauguraci\u00f3n de obras viales. En concreto se trata del tramo final de la \"Autopista Jard\u00edn Juan Manuel Boudeu\" -Ruta 226- \u00a0que une la ciudad de Balcarce con Mar del Plata. La Presidenta Cristina\u2026","rel":"","context":"En \u00abLocales\u00bb","block_context":{"text":"Locales","link":"https:\/\/www.24baires.com\/?cat=38"},"img":{"alt_text":"ruta 226","src":"https:\/\/i0.wp.com\/www.24baires.com\/wp-content\/uploads\/2012\/12\/ruta-226.jpg?resize=350%2C200","width":350,"height":200,"srcset":"https:\/\/i0.wp.com\/www.24baires.com\/wp-content\/uploads\/2012\/12\/ruta-226.jpg?resize=350%2C200 1x, https:\/\/i0.wp.com\/www.24baires.com\/wp-content\/uploads\/2012\/12\/ruta-226.jpg?resize=525%2C300 1.5x"},"classes":[]},{"id":3112,"url":"https:\/\/www.24baires.com\/?p=3112","url_meta":{"origin":11806,"position":4},"title":"Balcarce y 9 de Julio se preparan para la temporada estival","author":"AF","date":"24\/10\/2012","format":false,"excerpt":"El intendente de Balcarce, Jos\u00e9 Enrique Echeverr\u00eda, y el de 9 de Julio, Walter Battistella, se reunieron con secretario de Turismo bonaerense, Ignacio Crotto, y abordaron las agendas tur\u00edsticas de dichos municipios. Durante la reuni\u00f3n, Crotto se interioriz\u00f3 de las acciones que se llevan a cabo en ambas comunas en\u2026","rel":"","context":"En \u00abLocales\u00bb","block_context":{"text":"Locales","link":"https:\/\/www.24baires.com\/?cat=38"},"img":{"alt_text":"","src":"","width":0,"height":0},"classes":[]},{"id":120208,"url":"https:\/\/www.24baires.com\/?p=120208","url_meta":{"origin":11806,"position":5},"title":"Kicillof present\u00f3 el \u00abPrograma Bonaerense por el Ambiente\u00bb en Maip\u00fa","author":"GB","date":"22\/06\/2023","format":false,"excerpt":"En el acto hizo entrega de 115 bicicletas del programa \u201cMovilidad Sustentable\u201da estudiantes. Tambi\u00e9n inaugur\u00f3 la sede del Programa en un anexo del Centro de Formaci\u00f3n Profesional N\u00b0401. Se suma a las ya existentes en Lomas de Zamora, Brandsen y 25 de Mayo. El gobernador, Axel Kicillof, encabez\u00f3 este mi\u00e9rcoles\u2026","rel":"","context":"En \u00abPol\u00edtica\u00bb","block_context":{"text":"Pol\u00edtica","link":"https:\/\/www.24baires.com\/?cat=51"},"img":{"alt_text":"","src":"https:\/\/i0.wp.com\/www.24baires.com\/wp-content\/uploads\/2023\/06\/kici.png?resize=350%2C200","width":350,"height":200,"srcset":"https:\/\/i0.wp.com\/www.24baires.com\/wp-content\/uploads\/2023\/06\/kici.png?resize=350%2C200 1x, https:\/\/i0.wp.com\/www.24baires.com\/wp-content\/uploads\/2023\/06\/kici.png?resize=525%2C300 1.5x, https:\/\/i0.wp.com\/www.24baires.com\/wp-content\/uploads\/2023\/06\/kici.png?resize=700%2C400 2x"},"classes":[]}],"jetpack_sharing_enabled":true,"jetpack_likes_enabled":true,"_links":{"self":[{"href":"https:\/\/www.24baires.com\/index.php?rest_route=\/wp\/v2\/posts\/11806","targetHints":{"allow":["GET"]}}],"collection":[{"href":"https:\/\/www.24baires.com\/index.php?rest_route=\/wp\/v2\/posts"}],"about":[{"href":"https:\/\/www.24baires.com\/index.php?rest_route=\/wp\/v2\/types\/post"}],"author":[{"embeddable":true,"href":"https:\/\/www.24baires.com\/index.php?rest_route=\/wp\/v2\/users\/4"}],"replies":[{"embeddable":true,"href":"https:\/\/www.24baires.com\/index.php?rest_route=%2Fwp%2Fv2%2Fcomments&post=11806"}],"version-history":[{"count":3,"href":"https:\/\/www.24baires.com\/index.php?rest_route=\/wp\/v2\/posts\/11806\/revisions"}],"predecessor-version":[{"id":11810,"href":"https:\/\/www.24baires.com\/index.php?rest_route=\/wp\/v2\/posts\/11806\/revisions\/11810"}],"wp:attachment":[{"href":"https:\/\/www.24baires.com\/index.php?rest_route=%2Fwp%2Fv2%2Fmedia&parent=11806"}],"wp:term":[{"taxonomy":"category","embeddable":true,"href":"https:\/\/www.24baires.com\/index.php?rest_route=%2Fwp%2Fv2%2Fcategories&post=11806"},{"taxonomy":"post_tag","embeddable":true,"href":"https:\/\/www.24baires.com\/index.php?rest_route=%2Fwp%2Fv2%2Ftags&post=11806"}],"curies":[{"name":"wp","href":"https:\/\/api.w.org\/{rel}","templated":true}]}}